{"id":10552,"date":"2015-05-14T12:02:31","date_gmt":"2015-05-14T10:02:31","guid":{"rendered":"http:\/\/trackandfield.bplaced.net\/?p=10552"},"modified":"2016-09-27T22:14:04","modified_gmt":"2016-09-27T20:14:04","slug":"oelv-vereinsmeisterschaften-suedstadt-2015-live-ergebnisse","status":"publish","type":"post","link":"https:\/\/trackandfield.bplaced.net\/blog\/2015\/05\/oelv-vereinsmeisterschaften-suedstadt-2015-live-ergebnisse\/","title":{"rendered":"\u00d6LV Vereinsmeisterschaften S\u00fcdstadt 2015 &#8211; Live-Ergebnisse"},"content":{"rendered":"<p>Dominik Hufnagl (SVS-Leichtathletik) unterbot das <a href=\"http:\/\/www.oelv.at\/static\/verband\/sport\/limits2015.pdf\" target=\"_blank\">U20-EM Limit (53,75s)<\/a> \u00fcber 400m H\u00fcrden klar und gewann in 52,62s. Auch Sebastian Gaugl (KSV alutechnik Leichtathletik) blieb mit 53,62s unter dem Limit. Und auch Djeneba Tour\u00e9 (ATG) best\u00e4tigte nun das bereits vor dem Limitzeitraum erbrachte Diskuswurflimit (46,00m) f\u00fcr die U20-EM mit 48,17m. Oliver Werthner (Zehnkampf Union) sicherte sich mit 4,65m im Stabhochsprung exakt das Limit f\u00fcr die U18-WM in Cali. Eva Wimberger (ULC Linz Oberbank) unterbot zudem mit 13,65s klar das <a href=\"http:\/\/www.oelv.at\/static\/verband\/sport\/limits2015.pdf\" target=\"_blank\">U23-EM Limit (14,10s)<\/a> \u00fcber 100m H\u00fcrden.<br \/>\nCarina P\u00f6lzl (LAC Klagenfurt) blieb in 12,09s \u00fcber 100m nur 9\/100s \u00fcber dem U20-EM Limit. Gerhard Mayer (SVS-Leichtathletik) konnte bei nassen Bedingungen im Diskuswurf mit 2 Versuchen und 59,36m nicht an seine Jahresbestleistung anschlie\u00dfen.<\/p>\n<p><a href=\"http:\/\/lalive.de\/150514ATMEN\" target=\"_blank\">\u00d6LV Vereinsmeisterschaften S\u00fcdstadt 2015 | Live-Ergebnisse<\/a><br \/>\n<a href=\"http:\/\/www.oelv.at\/news\/detail.php?id=5244&#038;lang=de\" target=\"_blank\">\u00d6LV | Ergebnisse \u00d6sterreichische Meisterschaften der Vereine<\/a><br \/>\n<a href=\"https:\/\/www.facebook.com\/media\/set\/?set=a.1588815511394058.1073741855.1392942397648038&#038;type=1\" target=\"_blank\">Austrian Athletics (Facebook) | \u00d6sterreichische Vereine Meisterschaft 2015 &#8211; Fotos<\/a><\/p>\n<p><a href=\"http:\/\/www.oelv.at\/news\/detail.php?id=5237\" target=\"_blank\">\u00d6LV | \u00d6M-Vereine: Vorschau mit einem Blick auf die Favoriten<\/a><br \/>\n<a href=\"http:\/\/www.oelv.at\/news\/detail.php?id=5240\" target=\"_blank\">\u00d6LV | \u00d6M-Vereine: Die Geschichte dieser Meisterschaft und die bisherigen Sieger<\/a><\/p>\n<p>Die aktuellen \u00d6LV Nachrichten gibt es unter folgendem Link:<br \/>\n<a href=\"http:\/\/www.oelv.at\/UserFiles\/Newsletter\/nachrichten_02_15.pdf\" target=\"_blank\">\u00d6LV Nachrichten 02\/2015<\/a><\/p>\n<h2>Videos von der \u00d6M der Vereine 2015 in der S\u00fcdstadt<\/h2>\n<p><iframe loading=\"lazy\" width=\"560\" height=\"315\" src=\"https:\/\/www.youtube.com\/embed\/MtU0SFXJXfg?list=PLaRqCr7PCPyab9aRcwwZjd7ht4yipyn0w\" frameborder=\"0\" allowfullscreen><\/iframe><\/p>\n","protected":false},"excerpt":{"rendered":"<p>Dominik Hufnagl (SVS-Leichtathletik) unterbot das U20-EM Limit (53,75s) \u00fcber 400m H\u00fcrden klar und gewann in 52,62s. Auch Sebastian Gaugl (KSV alutechnik Leichtathletik) blieb mit 53,62s unter dem Limit. Und auch Djeneba Tour\u00e9 (ATG) best\u00e4tigte nun das bereits vor dem Limitzeitraum <a class=\"more-link\" href=\"https:\/\/trackandfield.bplaced.net\/blog\/2015\/05\/oelv-vereinsmeisterschaften-suedstadt-2015-live-ergebnisse\/\"><span class=\"screen-reader-text\">  \u00d6LV Vereinsmeisterschaften S\u00fcdstadt 2015 &#8211; Live-Ergebnisse<\/span> weiterlesen<span class=\"meta-nav\">&rarr;<\/span><\/a><\/p>\n","protected":false},"author":1,"featured_media":0,"comment_status":"closed","ping_status":"closed","sticky":false,"template":"","format":"standard","meta":{"footnotes":""},"categories":[8],"tags":[1679,774,785,147,1678],"class_list":["post-10552","post","type-post","status-publish","format-standard","hentry","category-national","tag-carina-poelzl","tag-djeneba-toure","tag-dominik-hufnagl","tag-gerhard-mayer","tag-oliver-werthner"],"_links":{"self":[{"href":"https:\/\/trackandfield.bplaced.net\/blog\/wp-json\/wp\/v2\/posts\/10552","targetHints":{"allow":["GET"]}}],"collection":[{"href":"https:\/\/trackandfield.bplaced.net\/blog\/wp-json\/wp\/v2\/posts"}],"about":[{"href":"https:\/\/trackandfield.bplaced.net\/blog\/wp-json\/wp\/v2\/types\/post"}],"author":[{"embeddable":true,"href":"https:\/\/trackandfield.bplaced.net\/blog\/wp-json\/wp\/v2\/users\/1"}],"replies":[{"embeddable":true,"href":"https:\/\/trackandfield.bplaced.net\/blog\/wp-json\/wp\/v2\/comments?post=10552"}],"version-history":[{"count":0,"href":"https:\/\/trackandfield.bplaced.net\/blog\/wp-json\/wp\/v2\/posts\/10552\/revisions"}],"wp:attachment":[{"href":"https:\/\/trackandfield.bplaced.net\/blog\/wp-json\/wp\/v2\/media?parent=10552"}],"wp:term":[{"taxonomy":"category","embeddable":true,"href":"https:\/\/trackandfield.bplaced.net\/blog\/wp-json\/wp\/v2\/categories?post=10552"},{"taxonomy":"post_tag","embeddable":true,"href":"https:\/\/trackandfield.bplaced.net\/blog\/wp-json\/wp\/v2\/tags?post=10552"}],"curies":[{"name":"wp","href":"https:\/\/api.w.org\/{rel}","templated":true}]}}