{"id":11016,"date":"2015-06-22T05:14:47","date_gmt":"2015-06-22T03:14:47","guid":{"rendered":"http:\/\/trackandfield.bplaced.net\/?p=11016"},"modified":"2026-01-25T17:28:28","modified_gmt":"2026-01-25T16:28:28","slug":"european-games-bzw-team-em-baku-2015-livestream-tv-startlisten-zeitplan-live-ergebnisse","status":"publish","type":"post","link":"https:\/\/trackandfield.bplaced.net\/blog\/2015\/06\/european-games-bzw-team-em-baku-2015-livestream-tv-startlisten-zeitplan-live-ergebnisse\/","title":{"rendered":"European Games (bzw. Team EM) Baku 2015 &#8211; Livestream + TV \/ Startlisten \/ Zeitplan \/ Live-Ergebnisse"},"content":{"rendered":"<h2>Vorschau<\/h2>\n<p>Die Team EM der letzten Leichtathletikklasse in der sich \u00d6sterreich aktuell befindet, wird heuer im Rahmen der <a href=\"http:\/\/www.baku2015.com\/\" target=\"_blank\" rel=\"noopener\">European Games in Baku<\/a> ausgetragen. F\u00fcr das \u00f6sterreichische Team bedeutet das, dass man neben vielleicht mehr Zuschauern auch eine nette Ausstattung des \u00d6OC in die H\u00e4nde bekommt.<br \/>\nDie Leichtathletikwettk\u00e4mpfe finden am 21. und 22. Juni statt. Die Er\u00f6ffnungszeremonie beginnt bereits morgen, dem 12.06.2015. Die European Games werden am 28. Juni beendet.<\/p>\n<p><a href=\"http:\/\/www.oelv.at\/news\/detail.php?id=5320\" target=\"_blank\" rel=\"noopener\">\u00d6LV | Leichtathletik Team-EM bei den European Games in Baku<\/a><br \/>\n<a href=\"http:\/\/www.baku2015.com\/athletics\/index.html\" target=\"_blank\" rel=\"noopener\">European Games Baku 2015 | Leichtathletik Unterseite<\/a><br \/>\n<a href=\"http:\/\/sportnet.at\/home\/sportmix\/baku2015\/4753928\/European-Games_Gregor-Hoglers-Karussell-der-Reize\" target=\"_blank\" rel=\"noopener\">Sportnet.at | Gregor H\u00f6glers Karussell der Reize<\/a><\/p>\n<p>Zur <a href=\"http:\/\/www.oelv.at\/UserFiles\/News\/2015\/Team-EM_2015_AthletInnen.pdf\" target=\"_blank\" rel=\"noopener\">urspr\u00fcnglichen Teamaufstellung<\/a> gab es noch so manche \u00c4nderungen, die vermutlich in den n\u00e4chsten Tagen auf der \u00d6LV Homepage ersichtlich sind.<br \/>\n<a href=\"http:\/\/www.baku2015.com\/news\/article\/olympians-expected-lead-the-austrian-athletics-team-baku-2015.html\" target=\"_blank\" rel=\"noopener\">Baku 2015 | Olympians expected to lead the Austrian athletics team at Baku 2015<\/a><br \/>\n<a href=\"http:\/\/www.baku2015.com\/news\/article\/austrian-long-distance-runner-baierl-has-sights-baku-2015.html\" target=\"_blank\" rel=\"noopener\">Baku 2015 | Austrian long distance runner Baierl has sights on Baku 2015<\/a><\/p>\n<h2>TV + Livestream<\/h2>\n<p>ORF Sport+ zeigt t\u00e4glich eine 60-min\u00fctige Zusammenfassung von 22:15 Uhr MESZ. Zus\u00e4tzlich gibt es von jedem Tag auch Wiederholungen zu verschiedenen Tageszeiten.<br \/>\n<a href=\"http:\/\/www.baku2015.com\/ceremony\/index.html\" target=\"_blank\" rel=\"noopener\">European Games Baku 2015 | Opening Ceremony Livestream<\/a><\/p>\n<p><iframe loading=\"lazy\" src=\"https:\/\/www.youtube.com\/embed\/EYB2iBy652g\" width=\"560\" height=\"315\" frameborder=\"0\" allowfullscreen=\"allowfullscreen\"><\/iframe><\/p>\n<p><strong>Here you find streams for every sport:<\/strong><br \/>\n<a href=\"https:\/\/www.youtube.com\/user\/baku2015\/videos?view=2&amp;flow=grid&amp;live_view=500\" target=\"_blank\" rel=\"noopener\">European Games Baku 2015 | Official Livestreams (Youtube)<\/a><\/p>\n<h2>Startlisten \/ Zeitplan \/ Live-Ergebnisse<\/h2>\n<p><a href=\"http:\/\/www.baku2015.com\/schedules-results\/index.html\" target=\"_blank\" rel=\"noopener\">European Games Baku 2015 | Startlisten \/ Zeitplan \/ Live-Ergebnisse<\/a><\/p>\n<p><a href=\"http:\/\/www.baku2015.com\/schedules-results\/sport=at\/day=2015-06-21\/index.html\" target=\"_blank\" rel=\"noopener\">European Games Baku 2015 | Leichtathletik Tag 1- Startlisten \/ Zeitplan \/ Live-Ergebnisse<\/a><br \/>\n<a href=\"http:\/\/www.baku2015.com\/schedules-results\/sport=at\/day=2015-06-22\/index.html\" target=\"_blank\" rel=\"noopener\">European Games Baku 2015 | Leichtathletik Tag 2 &#8211; Startlisten \/ Zeitplan \/ Live-Ergebnisse<\/a><\/p>\n<h2>Fotos \/ Videos<\/h2>\n<p><a href=\"https:\/\/www.facebook.com\/media\/set\/?set=a.1604362069839402.1073741856.1392942397648038&amp;type=3\" target=\"_blank\" rel=\"noopener\">Austrian Athletics (Facebook) | European Games Baku 2015<\/a><br \/>\n<iframe loading=\"lazy\" src=\"https:\/\/www.youtube.com\/embed\/hOETRxhMFBc?list=PLrXo-jJXpl8cxQ3rglpmk4RZzAvhgxFim\" width=\"560\" height=\"315\" frameborder=\"0\" allowfullscreen=\"allowfullscreen\"><\/iframe><\/p>\n<p><a href=\"http:\/\/www.baku2015.com\/video\/index.html\" target=\"_blank\" rel=\"noopener\">European Games Baku 2015 | Videos<\/a><br \/>\n<a href=\"https:\/\/www.youtube.com\/user\/baku2015\/playlists?view=50&amp;shelf_id=11&amp;sort=dd\" target=\"_blank\" rel=\"noopener\">European Games Baku 2015 | All Sports categorized (Youtube Playlist)<\/a><\/p>\n<p><strong>Top 5 Moments of every Day:<\/strong><br \/>\n<a href=\"https:\/\/www.youtube.com\/playlist?list=PLrXo-jJXpl8fejEwsm-8KK_RKmtQK-Lyu\" target=\"_blank\" rel=\"noopener\">European Games Baku 2015 | Top 5 Moments (Youtube Playlist)<\/a><br \/>\n<iframe loading=\"lazy\" src=\"https:\/\/www.youtube.com\/embed\/videoseries?list=PLrXo-jJXpl8fejEwsm-8KK_RKmtQK-Lyu\" width=\"560\" height=\"315\" frameborder=\"0\" allowfullscreen=\"allowfullscreen\"><\/iframe><\/p>\n<p><strong>Full Replays of every compettion:<\/strong><br \/>\n<a href=\"https:\/\/www.youtube.com\/playlist?list=PLrXo-jJXpl8cqwHGDkoXN3v-xz18-XiQX\" target=\"_blank\" rel=\"noopener\">European Games Baku 2015 | Full Replays (Youtube Playlist)<\/a><br \/>\n<iframe loading=\"lazy\" src=\"https:\/\/www.youtube.com\/embed\/videoseries?list=PLrXo-jJXpl8cqwHGDkoXN3v-xz18-XiQX\" width=\"560\" height=\"315\" frameborder=\"0\" allowfullscreen=\"allowfullscreen\"><\/iframe><\/p>\n<h2>Bericht<\/h2>\n<p><a href=\"http:\/\/www.oelv.at\/news\/detail.php?id=5327\" target=\"_blank\" rel=\"noopener\">\u00d6LV | Leichtathletik Team-EM | European Games in Baku: Halbzeitf\u00fchrung f\u00fcr \u00d6sterreichs Leichtathleten<\/a><br \/>\n<a href=\"http:\/\/www.oelv.at\/news\/detail.php?id=5328\" target=\"_blank\" rel=\"noopener\">\u00d6LV | Zweiter Platz und Aufstieg f\u00fcr \u00d6sterreichs Leichtathleten in Baku<\/a><\/p>\n","protected":false},"excerpt":{"rendered":"<p>Vorschau Die Team EM der letzten Leichtathletikklasse in der sich \u00d6sterreich aktuell befindet, wird heuer im Rahmen der European Games in Baku ausgetragen. F\u00fcr das \u00f6sterreichische Team bedeutet das, dass man neben vielleicht mehr Zuschauern auch eine nette Ausstattung des <a class=\"more-link\" href=\"https:\/\/trackandfield.bplaced.net\/blog\/2015\/06\/european-games-bzw-team-em-baku-2015-livestream-tv-startlisten-zeitplan-live-ergebnisse\/\"><span class=\"screen-reader-text\">  European Games (bzw. Team EM) Baku 2015 &#8211; Livestream + TV \/ Startlisten \/ Zeitplan \/ Live-Ergebnisse<\/span> weiterlesen<span class=\"meta-nav\">&rarr;<\/span><\/a><\/p>\n","protected":false},"author":1,"featured_media":0,"comment_status":"closed","ping_status":"closed","sticky":false,"template":"","format":"standard","meta":{"footnotes":""},"categories":[8],"tags":[1279,1704,140,646],"class_list":["post-11016","post","type-post","status-publish","format-standard","hentry","category-national","tag-baku","tag-european-games","tag-livestream","tag-olv"],"_links":{"self":[{"href":"https:\/\/trackandfield.bplaced.net\/blog\/wp-json\/wp\/v2\/posts\/11016","targetHints":{"allow":["GET"]}}],"collection":[{"href":"https:\/\/trackandfield.bplaced.net\/blog\/wp-json\/wp\/v2\/posts"}],"about":[{"href":"https:\/\/trackandfield.bplaced.net\/blog\/wp-json\/wp\/v2\/types\/post"}],"author":[{"embeddable":true,"href":"https:\/\/trackandfield.bplaced.net\/blog\/wp-json\/wp\/v2\/users\/1"}],"replies":[{"embeddable":true,"href":"https:\/\/trackandfield.bplaced.net\/blog\/wp-json\/wp\/v2\/comments?post=11016"}],"version-history":[{"count":1,"href":"https:\/\/trackandfield.bplaced.net\/blog\/wp-json\/wp\/v2\/posts\/11016\/revisions"}],"predecessor-version":[{"id":40742,"href":"https:\/\/trackandfield.bplaced.net\/blog\/wp-json\/wp\/v2\/posts\/11016\/revisions\/40742"}],"wp:attachment":[{"href":"https:\/\/trackandfield.bplaced.net\/blog\/wp-json\/wp\/v2\/media?parent=11016"}],"wp:term":[{"taxonomy":"category","embeddable":true,"href":"https:\/\/trackandfield.bplaced.net\/blog\/wp-json\/wp\/v2\/categories?post=11016"},{"taxonomy":"post_tag","embeddable":true,"href":"https:\/\/trackandfield.bplaced.net\/blog\/wp-json\/wp\/v2\/tags?post=11016"}],"curies":[{"name":"wp","href":"https:\/\/api.w.org\/{rel}","templated":true}]}}