{"id":11171,"date":"2015-06-25T20:53:19","date_gmt":"2015-06-25T18:53:19","guid":{"rendered":"http:\/\/trackandfield.bplaced.net\/?p=11171"},"modified":"2015-07-04T08:05:03","modified_gmt":"2015-07-04T06:05:03","slug":"bauhaus-junioren-gala-mannheim-2015-livestream-startlisten-zeitplan-live-ergebnisse-mit-oelv-team","status":"publish","type":"post","link":"https:\/\/trackandfield.bplaced.net\/blog\/2015\/06\/bauhaus-junioren-gala-mannheim-2015-livestream-startlisten-zeitplan-live-ergebnisse-mit-oelv-team\/","title":{"rendered":"Bauhaus Junioren-Gala Mannheim 2015 &#8211; Livestream \/ Startlisten \/ Zeitplan \/ Live-Ergebnisse mit \u00d6LV Team"},"content":{"rendered":"<h1><a href=\"http:\/\/www.junioren-gala.de\/\" target=\"_blank\">Bauhaus Junioren-Gala Mannheim<\/a><\/h1>\n<h2>Vorschau<\/h2>\n<p>Wieder einige \u00d6sterreicher finden sich auf der Bauhaus Junioren-Gala in Mannheim, die vom DLV schon als Mini-EM getitelt wurde.<\/p>\n<p><a href=\"http:\/\/www.leichtathletik.de\/news\/news\/detail\/u20-athleten-vor-showdown-in-mannheim\/\" target=\"_blank\">Leichtathletik.de | U20-Athleten vor Showdown in Mannheim<\/a><br \/>\n<a href=\"http:\/\/www.leichtathletik.de\/news\/news\/detail\/nachwuchs-gala-als-sprungbrett-zur-welt-karriere\/\" target=\"_blank\">Leichtathletik.de | Nachwuchs-Gala als Sprungbrett zur Welt-Karriere<\/a><br \/>\n<a href=\"http:\/\/www.leichtathletik.de\/news\/news\/detail\/ganz-nah-dran-die-junioren-gala-im-livestream\/\" target=\"_blank\">Leichtathletik.de | Ganz nah dran: Die Junioren-Gala im Livestream<\/a><br \/>\n<a href=\"http:\/\/www.leichtathletik.de\/news\/news\/detail\/sprint-gipfel-und-mini-em-in-mannheim\/\" target=\"_blank\">Leichtathletik.de | Sprint-Gipfel und Mini-EM in Mannheim<\/a><br \/>\n<a href=\"http:\/\/www.leichtathletik.de\/news\/news\/detail\/junioren-gala-mit-19-nationen-und-neuer-stabhoch-anlage\/\" target=\"_blank\">Leichtathletik.de | Junioren-Gala mit 19 Nationen und neuer Stabhoch-Anlage<\/a><\/p>\n<p><a href=\"http:\/\/trackandfield.bplaced.net\/2014\/07\/bauhaus-junioren-gala-2014-mannheim-livestream-startlisten-ergebnisse-mit-oelv-team\/\" target=\"_blank\">Vorjahresbeitrag zur Bauhaus Junioren-Gala in Mannheim.<\/a><\/p>\n<h2>Livestream &#8211; 27.\/28.06.2015<\/h2>\n<p>Der Livestream startet am Samstag um 13 Uhr und am Sonntag um 11 Uhr.<br \/>\n<a href=\"http:\/\/www.leichtathletik.de\/termine\/top-events\/junioren-gala-2015-live\/\" title=\"Bauhaus Junioren-Gala Mannheim 2015 | Livestream\" target=\"_blank\">Bauhaus Junioren-Gala Mannheim 2015 | Livestream<\/a><br \/>\n<object classid=\"CLSID:D27CDB6E-AE6D-11cf-96B8-444553540000\" height=\"315\" width=\"560\"><param name=\"movie\" value=\"https:\/\/www.blitzvideoserver.de\/blitzvideoplayer8.swf?&amp;stream360p=rtmp:\/\/62.113.221.6\/josantoMedia-live\/livestream2&amp;autostart=1&amp;playerlayout=2&amp;livestreamNichtErreichbarAnzeigen=1&amp;live=1&amp;startbildvonsekunde=3&amp;bgc=ffffff&amp;auto_hide_player=0\"\/><param name=\"bgcolor\" value=\"#ffffff\"\/><param name=\"allowFullScreen\" value=\"true\"\/><param name=\"allowscriptaccess\" value=\"always\"\/><param name=\"menu\" value=\"true\"\/><embed style=\"\" class=\" \" src=\"https:\/\/www.blitzvideoserver.de\/blitzvideoplayer8.swf?&amp;stream360p=rtmp:\/\/62.113.221.6\/josantoMedia-live\/livestream2&amp;autostart=0&amp;playerlayout=2&amp;livestreamNichtErreichbarAnzeigen=1&amp;live=1&amp;startbildvonsekunde=3&amp;bgc=ffffff&amp;auto_hide_player=0\" allowfullscreen=\"true\" allowscriptaccess=\"always\" wmode=\"transparent\" bgcolor=\"#ffffff\" type=\"application\/x-shockwave-flash\" height=\"315\" width=\"560\"\/><\/object><\/p>\n<h2>Startlisten \/ Zeitplan \/ Ergebnisse<\/h2>\n<p><a href=\"http:\/\/live.seltec-sports.de\/2015\/mannheim\/index.htm\" target=\"_blank\">Bauhaus Junioren-Gala Mannheim 2015 | Live-Ergebnisse \/ Zeitplan \/ Startlisten<\/a><br \/>\n<a href=\"http:\/\/2015.junioren-gala.de\/pages\/de\/teilnehmer.php\" target=\"_blank\">Bauhaus Junioren-Gala Mannheim 2015 | Meldelisten<\/a><br \/>\n<a href=\"http:\/\/www.leichtathletik.de\/fileadmin\/user_upload\/03_Termine\/Top-Events\/Junioren-Gala\/2015_Junioren-Gala_Zeitplan.pdf\" target=\"_blank\">Bauhaus Junioren-Gala Mannheim 2015 | Zeitplan (PDF)<\/a><\/p>\n<h4>Startzeiten der \u00d6sterreicher laut Meldeliste<\/h4>\n<ul>\n<li>Samstag 13:00 &#8211; Stabhochsprung &#8211; Sarah Zimmer (WAT-Athletics)<\/li>\n<li>Samstag 13:25 &#8211; 110m H\u00fcrden &#8211; Gordon Skalvy (ULV Krems)<\/li>\n<li>Samstag 15:10 &#8211; 100m &#8211; Christoph Haslauer (ALC Wels)<\/li>\n<li><del datetime=\"2015-06-27T19:12:40+00:00\">Samstag 15:55 &#8211; 100m &#8211; Carina P\u00f6lzl (LAC Klagenfurt)<\/del><\/li>\n<li>Samstag 15:55 &#8211; 100m &#8211; Alexandra Scheftner (Zehnkampf Union)<\/li>\n<li><del datetime=\"2015-06-27T19:12:40+00:00\">Samstag 16:55 &#8211; 400m &#8211; Susanne Walli (Zehnkampf Union)<\/del><\/li>\n<li><del datetime=\"2015-06-27T19:12:40+00:00\">Samstag 16:55 &#8211; 400m &#8211; Julia Schwarzinger (Zehnkampf Union)<\/del><\/li>\n<li>Samstag 16:55 &#8211; Dreisprung &#8211; Philipp Kronsteiner (Zehnkampf Union)<\/li>\n<li><del datetime=\"2015-06-27T19:12:40+00:00\">Samstag 18:45 &#8211; 4x100m &#8211; \u00d6LV (P\u00f6lzl, Rinderer, Scheftner, Schwarzinger, Walli)<\/del><\/li>\n<li>Sonntag 11:05 &#8211; Weitsprung &#8211; Maximilan Dr\u00f6ssler (PSV Hornbach Wels)<\/li>\n<li>Sonntag 11:10 &#8211; 400m H\u00fcrden &#8211; Dominik Hufnagl (SVS-Leichtathletik)<\/li>\n<li>Sonntag 11:10 &#8211; 400m H\u00fcrden &#8211; Sebastian Gaugl (KSV alutechnik)<\/li>\n<li>Sonntag 13:10 &#8211; Weitsprung &#8211; Lisa Felderer (TS Raika Schwaz)<\/li>\n<li>Sonntag 14:50 &#8211; 200m &#8211; Carina P\u00f6lzl (LAC Klagenfurt)<\/li>\n<li>Sonntag 14:50 &#8211; 200m &#8211; Bettina Rinderer (SV Lochau)<\/li>\n<\/ul>\n<h2>Fotos \/ Videos<\/h2>\n<p><a href=\"http:\/\/www.leichtathletik.de\/tv\/veranstaltungen\/video-uebersicht\/veranstaltung\/\" title=\"Bauhaus Junioren-Gala Mannheim 2015 | Videos\" target=\"_blank\">Bauhaus Junioren-Gala Mannheim 2015 | Videos<\/a><br \/>\n<a href=\"https:\/\/www.facebook.com\/juniorengala\" target=\"_blank\">Bauhaus Junioren-Gala Mannheim (Facebook)<\/a><br \/>\n<iframe loading=\"lazy\" width=\"560\" height=\"315\" src=\"https:\/\/www.youtube.com\/embed\/rckuKUbLrAQ\" frameborder=\"0\" allowfullscreen><\/iframe><\/p>\n<h2>Bericht<\/h2>\n<p><a href=\"http:\/\/www.oelv.at\/news\/detail.php?id=5335\" target=\"_blank\">\u00d6LV | \u00d6LV U20-Rekord und Sieg durch Philipp Kronsteiner bei Junioren Gala in Mannheim<\/a><\/p>\n<p><a href=\"http:\/\/www.leichtathletik.de\/news\/news\/detail\/alana-boyd-siegt-lisa-ryzih-hakt-wm-norm-ab\/\" target=\"_blank\">Leichtathletik.de | Alana Boyd siegt, Lisa Ryzih hakt WM-Norm ab<\/a><br \/>\n<a href=\"http:\/\/www.leichtathletik.de\/news\/news\/detail\/mannheim-tag-1-maennliche-jugend-und-maenner\/\" target=\"_blank\">Leichtathletik.de | Mannheim Tag 1 &#8211; M\u00e4nnliche Jugend und M\u00e4nner<\/a><br \/>\n<a href=\"http:\/\/www.leichtathletik.de\/news\/news\/detail\/mannheim-tag-1-weibliche-jugend-und-frauen\/\" target=\"_blank\">Leichtathletik.de | Mannheim Tag 1 &#8211; Weibliche Jugend und Frauen<\/a><br \/>\n<a href=\"http:\/\/www.leichtathletik.de\/news\/news\/detail\/die-junioren-gala-live-auf-leichtathletikde-1\/\" target=\"_blank\">Leichtathletik.de | Die Junioren-Gala live auf leichtathletik.de<\/a><\/p>\n<h1><a href=\"http:\/\/www.mtv-in-la.de\/home\/mtvmeet-in2015mitinternationalerbesetzung\" target=\"_blank\">MTV Meet-IN Ingolstadt 2015<\/a><\/h1>\n<h2>Vorschau<\/h2>\n<p>W\u00e4hrend es den Nachwuchs nach Mannheim zieht, haben sich manche \u00e4ltere Athleten f\u00fcr das Meet-IN in Ingolstadt am Samstag angemeldet. Unter den gemeldeten sind Christoph Sander, Stephan Listabarth, Roland Fencl und Andrea Heuberger (alle DSG Volksbank Wien), Thomas Rosenthaler, Gregor Erler, Christoph Rosenthaler und Daniel Pawlitschko (alle ATSV Linz LA), Maximilian Fridrich (\u00d6TB Salzburg LA), Magdalena Macht (IAC-Pharmador) und Michaela Egger (Union Salzburg LA) zu finden.<\/p>\n<h2>Startlisten \/ Zeitplan \/ Ergebnisse<\/h2>\n<p><a href=\"http:\/\/files.mtv-in-la.de\/Teilnehmer\/MTV_Meet-IN_2015_Teilnehmerliste.htm\" target=\"_blank\">MTV Meet-In Ingolstadt 2015 | Meldeliste<\/a><br \/>\n<a href=\"http:\/\/www.mtv-in-la.de\/veranstaltungen\/mtv-meet-in\/2015\/zeitplan\" target=\"_blank\">MTV Meet-In Ingolstadt 2015 | Zeitplan<\/a><br \/>\n<a href=\"http:\/\/lalive.de\/150627DEING\" target=\"_blank\">MTV Meet-In Ingolstadt 2015 | Live-Ergebnisse<\/a><\/p>\n","protected":false},"excerpt":{"rendered":"<p>Bauhaus Junioren-Gala Mannheim Vorschau Wieder einige \u00d6sterreicher finden sich auf der Bauhaus Junioren-Gala in Mannheim, die vom DLV schon als Mini-EM getitelt wurde. Leichtathletik.de | U20-Athleten vor Showdown in Mannheim Leichtathletik.de | Nachwuchs-Gala als Sprungbrett zur Welt-Karriere Leichtathletik.de | Ganz <a class=\"more-link\" href=\"https:\/\/trackandfield.bplaced.net\/blog\/2015\/06\/bauhaus-junioren-gala-mannheim-2015-livestream-startlisten-zeitplan-live-ergebnisse-mit-oelv-team\/\"><span class=\"screen-reader-text\">  Bauhaus Junioren-Gala Mannheim 2015 &#8211; Livestream \/ Startlisten \/ Zeitplan \/ Live-Ergebnisse mit \u00d6LV Team<\/span> weiterlesen<span class=\"meta-nav\">&rarr;<\/span><\/a><\/p>\n","protected":false},"author":1,"featured_media":0,"comment_status":"closed","ping_status":"closed","sticky":false,"template":"","format":"standard","meta":{"footnotes":""},"categories":[8],"tags":[1679,785,787,1320,748,140,747,1321,776,1498,601],"class_list":["post-11171","post","type-post","status-publish","format-standard","hentry","category-national","tag-carina-poelzl","tag-dominik-hufnagl","tag-gordon-skalvy","tag-julia-schwarzinger","tag-junioren-gala","tag-livestream","tag-mannheim","tag-maximilian-droessler","tag-philipp-kronsteiner","tag-sebastian-gaugl","tag-susanne-gogl-walli"],"_links":{"self":[{"href":"https:\/\/trackandfield.bplaced.net\/blog\/wp-json\/wp\/v2\/posts\/11171","targetHints":{"allow":["GET"]}}],"collection":[{"href":"https:\/\/trackandfield.bplaced.net\/blog\/wp-json\/wp\/v2\/posts"}],"about":[{"href":"https:\/\/trackandfield.bplaced.net\/blog\/wp-json\/wp\/v2\/types\/post"}],"author":[{"embeddable":true,"href":"https:\/\/trackandfield.bplaced.net\/blog\/wp-json\/wp\/v2\/users\/1"}],"replies":[{"embeddable":true,"href":"https:\/\/trackandfield.bplaced.net\/blog\/wp-json\/wp\/v2\/comments?post=11171"}],"version-history":[{"count":0,"href":"https:\/\/trackandfield.bplaced.net\/blog\/wp-json\/wp\/v2\/posts\/11171\/revisions"}],"wp:attachment":[{"href":"https:\/\/trackandfield.bplaced.net\/blog\/wp-json\/wp\/v2\/media?parent=11171"}],"wp:term":[{"taxonomy":"category","embeddable":true,"href":"https:\/\/trackandfield.bplaced.net\/blog\/wp-json\/wp\/v2\/categories?post=11171"},{"taxonomy":"post_tag","embeddable":true,"href":"https:\/\/trackandfield.bplaced.net\/blog\/wp-json\/wp\/v2\/tags?post=11171"}],"curies":[{"name":"wp","href":"https:\/\/api.w.org\/{rel}","templated":true}]}}