{"id":12066,"date":"2015-08-18T07:10:30","date_gmt":"2015-08-18T05:10:30","guid":{"rendered":"http:\/\/trackandfield.bplaced.net\/?p=12066"},"modified":"2015-08-19T06:37:29","modified_gmt":"2015-08-19T04:37:29","slug":"iaaf-praesidentschaftswahl-coe-gegen-bubka-oder-doch-nur-eine-wahl-des-geringeren-uebels","status":"publish","type":"post","link":"https:\/\/trackandfield.bplaced.net\/blog\/2015\/08\/iaaf-praesidentschaftswahl-coe-gegen-bubka-oder-doch-nur-eine-wahl-des-geringeren-uebels\/","title":{"rendered":"IAAF Pr\u00e4sidentschaftswahl: Coe gegen Bubka &#8211; oder doch nur eine Wahl des geringeren \u00dcbels?"},"content":{"rendered":"<h2><a href=\"http:\/\/www.athleticsweekly.com\/featured\/seb-coe-elected-as-iaaf-president-31434\/\" target=\"_blank\">Athletics Weekly | Seb Coe elected as IAAF president (115 zu 92)<\/a><\/h2>\n<p>One country &#8211; one vote! Am Mittwoch d\u00fcrfen die 214 Mitgliedsstaaten der IAAF also \u00fcber den neuen IAAF Pr\u00e4sidenten entscheiden. Den bisherigen Pr\u00e4sidenten Lamine Diack darf man nicht nur aufgrund der letzten Ver\u00f6ffentlichungen im &#8222;Anti-Doping Kampf&#8220; auf eine (aus meiner Sicht nicht gerade hohe) Stufe mit Seb Blatter, Bernie Ecclestone oder anderen in die Jahre gekommenen Spitzenfunktion\u00e4re setzen. Die WM Vergaben f\u00fcr 2019 und 2021 stehen nicht unter einem besonders gutem Licht. W\u00e4hrend Coe in Mitteleuropa und nat\u00fcrlich besonders in den britischen Medien und BBC st\u00e4ndig pr\u00e4sent war, scheint es als ob Sergey Bubka in letzter Zeit den leiseren Weg angeschlagen hat. Coe sprach nach der Ver\u00f6ffentlichung der letzten ARD Dokumentation von Hajo Seppelt von einer <a href=\"http:\/\/derstandard.at\/2000020290228\/Coe-Kriegserklaerung-an-meinen-Sport\" target=\"_blank\">&#8222;Kriegserkl\u00e4rung an meinen Sport&#8220;<\/a>. Sergey Bubka, der im Oktober 2014 zum dritten Mal, als Pr\u00e4sident des ukrainischen olympischen Komitees gew\u00e4hlt wurde, hielt sich mit \u00f6ffentlichen Aussagen im Vergleich dazu eher zur\u00fcck, forderte aber &#8222;nat\u00fcrlich&#8220; auch eine rasche Aufkl\u00e4rung. Im eigenen Land setzte er (bislang) als Pr\u00e4sident des olympischen Komitees mit einigen \u00dcberf\u00fchrten Athleten jedoch auch keine sichtbaren Ma\u00dfnahmen im Antidopingkampf.<\/p>\n<p>\u00d6sterreich bzw. der \u00d6LV wird mit hoher Wahrscheinlichkeit, wie bereits <a href=\"http:\/\/www.insidethegames.biz\/articles\/1028557\/lavillenie-backs-bubka-for-iaaf-presidency-but-says-coe-would-also-be-great\" target=\"_blank\">Renaud Lavillenie im Wahlkampf<\/a>, eher Sergey Bubka mit seiner Stimme unterst\u00fctzen. Bubka hat sich im Vergleich zu Coe, jedoch auch im Falle einer Niederlage auch ein <a href=\"http:\/\/www.theguardian.com\/sport\/2015\/may\/29\/sebastian-coe-sergei-bubka-iaaf-presidential-elections\" target=\"_blank\">weiteres Mal als Vizepr\u00e4sident<\/a> angeboten.<\/p>\n<p>Auf der <a href=\"http:\/\/www.insidethegames.biz\/articles\/1029021\/exclusive-coe-set-to-become-iaaf-president-after-dozen-european-countries-in-one-day-pledge-support-to-him\" target=\"_blank\">Liste der \u00f6ffentlichen Unterst\u00fctzter<\/a> f\u00fcr Coe stehen neben Gro\u00dfbritannien, Deutschland, Jamaika, Neuseeland, Estland, Irland, Italien, auch eine Gruppe von Kleinstaaten wie Andorra, Cyprus, Iceland, Liechtenstein, Luxembourg, Malta, Monaco, Montenegro und San Marino. In den n\u00e4chsten 4 Jahren hat Coe \u00fcbrigens versprochen j\u00e4hrlich 100000$ an jeden Mitgliedsstaat auszusch\u00fctten, ein Zuckerl, dass bei manch kleinen Staaten die Wahl vielleicht etwas vereinfacht hat. Auch Sergey Bubka m\u00f6chte nat\u00fcrlich das vorhandene Geld bestm\u00f6glich verteilen, hat aber konkrete Zahlen meines Wissens nicht bekannt gegeben.<\/p>\n<p><a href=\"http:\/\/derstandard.at\/2000020919837\/Laeufer-gegen-Springer-um-den-Koenigsthron\" target=\"_blank\">derstandard.at | L\u00e4ufer gegen Springer um den K\u00f6nigsthron<\/a><br \/>\n<a href=\"http:\/\/www.leichtathletik.de\/news\/news\/detail\/iaaf-kongress-vor-entscheidung-der-neuen-praesidentschaft\/\" target=\"_blank\">Leichtathletik.de | IAAF-Kongress vor Entscheidung der neuen Pr\u00e4sidentschaft<\/a><br \/>\n<a href=\"http:\/\/www.theguardian.com\/sport\/2015\/jul\/30\/sebastian-coe-boost-bid-president-iaaf\" target=\"_blank\">theguardian | Sebastian Coe gets 12 more backers in his bid to become president of IAAF<\/a><\/p>\n<p>In der letzten <a href=\"http:\/\/www.zdf.de\/zdf-sportreportage\/zdf-sportreportage-5991166.html#\" target=\"_blank\">ZDF SPORTreportage<\/a> gab es eine 9-min\u00fctige Vorschau auf die Pr\u00e4sidentschaftswahl:<br \/>\n<iframe loading=\"lazy\" width=\"560\" height=\"315\" src=\"https:\/\/www.youtube.com\/embed\/rUzElAu5DBg\" frameborder=\"0\" allowfullscreen><\/iframe><br \/>\n<iframe loading=\"lazy\" width=\"560\" height=\"315\" src=\"https:\/\/www.youtube.com\/embed\/wSWi6xXBcpc\" frameborder=\"0\" allowfullscreen><\/iframe><\/p>\n<h4>Der Wahlfilm von <a href=\"http:\/\/www.sebcoe2015.org\/\" target=\"_blank\">Seb Coe<\/a><\/h4>\n<p><iframe loading=\"lazy\" src=\"https:\/\/player.vimeo.com\/video\/132525252\" width=\"560\" height=\"315\" frameborder=\"0\" webkitallowfullscreen mozallowfullscreen allowfullscreen><\/iframe><br \/>\n<a href=\"http:\/\/www.letsrun.com\/news\/2015\/02\/seb-coe-makes-his-case-for-the-iaaf-presidency\/\" title=\"Letsrun | Seb Coe Makes His Case For The IAAF Presidency\" target=\"_blank\">Letsrun | Seb Coe Makes His Case For The IAAF Presidency (Videos + Transkripte)<\/a><\/p>\n<h4>Das Wahlprogramm von <a href=\"http:\/\/sergeybubka.com\/\" target=\"_blank\">Sergey Bubka<\/a><\/h4>\n<p><iframe loading=\"lazy\" width=\"560\" height=\"315\" src=\"https:\/\/www.youtube.com\/embed\/ToaecoF-TjU\" frameborder=\"0\" allowfullscreen><\/iframe><\/p>\n<p><a href=\"http:\/\/www.oelv.at\/news\/detail.php?id=5189\" title=\"\u00d6LV | Sergey Bubka vs. Sebastian Coe um die IAAF-Krone\" target=\"_blank\">\u00d6LV | Sergey Bubka vs. Sebastian Coe um die IAAF-Krone<\/a><\/p>\n<p>Die Wahlprogramme:<br \/>\n<a href=\"http:\/\/www.sebcoe2015.org\/wp-content\/uploads\/2014\/12\/Seb-Coe_2015_Manifesto_EN_vFINAL_141202.pdf\" title=\"Sebastian Coe | Growing Athletics in a new age\" target=\"_blank\">Sebastian Coe | Growing Athletics in a new age<\/a><br \/>\n<a href=\"http:\/\/sergeybubka.com\/frontend\/www\/uploads\/PressKitList\/file\/Sergey%20Bubka%20IAAF%20Program_EN.pdf\" title=\"Sergey Bubka | Taking Athletics into new heights\" target=\"_blank\">Sergey Bubka | Taking Athletics to new heights<\/a><\/p>\n<p>Was Sebastian Coe als m\u00f6glicher IAAF Pr\u00e4sident in der n\u00e4chsten Zeit umsetzen m\u00f6chte, hat er im Juni in Oslo bekannt gegeben:<br \/>\n<a href=\"http:\/\/sebcoe2015.org\/2015\/06\/11\/seb-coe-unveils-100-day-plan-for-iaaf-president\/\" target=\"_blank\">SebCoe2015.org | Seb Coe Unveils 100 Day Plan for IAAF President<\/a><\/p>\n<h4>Thema Doping im Jahr 2015<\/h4>\n<p>Eine kleine Zusammenstellung der letzten Videos \u00fcber Doping in der Leichtathletik gibt es hier:<br \/>\n<a href=\"https:\/\/www.youtube.com\/playlist?list=PLuDpMu_Pc0-4Ft9YgcxIe4XIGoGVpEtOl\" target=\"_blank\">Youtube Playliste | Doping 2015<\/a><br \/>\n<iframe loading=\"lazy\" width=\"560\" height=\"315\" src=\"https:\/\/www.youtube.com\/embed\/videoseries?list=PLuDpMu_Pc0-4Ft9YgcxIe4XIGoGVpEtOl\" frameborder=\"0\" allowfullscreen><\/iframe><\/p>\n","protected":false},"excerpt":{"rendered":"<p>Athletics Weekly | Seb Coe elected as IAAF president (115 zu 92) One country &#8211; one vote! Am Mittwoch d\u00fcrfen die 214 Mitgliedsstaaten der IAAF also \u00fcber den neuen IAAF Pr\u00e4sidenten entscheiden. Den bisherigen Pr\u00e4sidenten Lamine Diack darf man nicht <a class=\"more-link\" href=\"https:\/\/trackandfield.bplaced.net\/blog\/2015\/08\/iaaf-praesidentschaftswahl-coe-gegen-bubka-oder-doch-nur-eine-wahl-des-geringeren-uebels\/\"><span class=\"screen-reader-text\">  IAAF Pr\u00e4sidentschaftswahl: Coe gegen Bubka &#8211; oder doch nur eine Wahl des geringeren \u00dcbels?<\/span> weiterlesen<span class=\"meta-nav\">&rarr;<\/span><\/a><\/p>\n","protected":false},"author":1,"featured_media":0,"comment_status":"closed","ping_status":"closed","sticky":false,"template":"","format":"standard","meta":{"footnotes":""},"categories":[1],"tags":[1761,70,443,1651],"class_list":["post-12066","post","type-post","status-publish","format-standard","hentry","category-allgemeines","tag-hitiaaf","tag-iaaf","tag-sebastian-coe","tag-sergey-bubka"],"_links":{"self":[{"href":"https:\/\/trackandfield.bplaced.net\/blog\/wp-json\/wp\/v2\/posts\/12066","targetHints":{"allow":["GET"]}}],"collection":[{"href":"https:\/\/trackandfield.bplaced.net\/blog\/wp-json\/wp\/v2\/posts"}],"about":[{"href":"https:\/\/trackandfield.bplaced.net\/blog\/wp-json\/wp\/v2\/types\/post"}],"author":[{"embeddable":true,"href":"https:\/\/trackandfield.bplaced.net\/blog\/wp-json\/wp\/v2\/users\/1"}],"replies":[{"embeddable":true,"href":"https:\/\/trackandfield.bplaced.net\/blog\/wp-json\/wp\/v2\/comments?post=12066"}],"version-history":[{"count":0,"href":"https:\/\/trackandfield.bplaced.net\/blog\/wp-json\/wp\/v2\/posts\/12066\/revisions"}],"wp:attachment":[{"href":"https:\/\/trackandfield.bplaced.net\/blog\/wp-json\/wp\/v2\/media?parent=12066"}],"wp:term":[{"taxonomy":"category","embeddable":true,"href":"https:\/\/trackandfield.bplaced.net\/blog\/wp-json\/wp\/v2\/categories?post=12066"},{"taxonomy":"post_tag","embeddable":true,"href":"https:\/\/trackandfield.bplaced.net\/blog\/wp-json\/wp\/v2\/tags?post=12066"}],"curies":[{"name":"wp","href":"https:\/\/api.w.org\/{rel}","templated":true}]}}