{"id":12863,"date":"2015-12-27T14:25:06","date_gmt":"2015-12-27T13:25:06","guid":{"rendered":"http:\/\/trackandfield.bplaced.net\/?p=12863"},"modified":"2016-01-28T21:43:29","modified_gmt":"2016-01-28T20:43:29","slug":"silvesterlauf-bozen-41-boclassic-2015-livestream-live-ergebnisse-elitefeld","status":"publish","type":"post","link":"https:\/\/trackandfield.bplaced.net\/blog\/2015\/12\/silvesterlauf-bozen-41-boclassic-2015-livestream-live-ergebnisse-elitefeld\/","title":{"rendered":"Silvesterlauf Bozen &#8211; 41. BOclassic 2015 &#8211; Livestream \/ Live-Ergebnisse \/ Elitefeld"},"content":{"rendered":"<h1><a href=\"http:\/\/www.boclassic.it\/\" title=\"BOClassic\" target=\"_blank\">BOclassic<\/a><\/h1>\n<h2>Vorschau<\/h2>\n<p>Auch in Bozen wird zu Silvester schnell gelaufen und auch bei der 41. Auflage wird Dietmar Millonig vermutlich der einzige \u00f6sterreichische Sieger (1978) bleiben. Die Veranstaltung bekam auf Anhieb ein <a href=\"http:\/\/www.european-running4all.org\/en\/events\/boclassic\/\" target=\"_blank\">5-Sterne Rating von European Athletics<\/a>, dass in Zukunft als Qualit\u00e4tssiegel f\u00fcr Veranstaltungen in Europa dienen soll.<br \/>\nEine vollst\u00e4ndige Elitestartliste steht noch aus, aber mit Muktar Edris (ETH), Thomas Longosiwa (KEN), Imane Merga (ETH), Zane Robertson (NZL), Yemane Crippa (ITA \/ Juniorencrosseuropameister), Abraham Tadesse (CH), sowie Jairus Birech (KEN) wurden schon bekannte Namen genannt. Bei den Frauen stehen neben den einheimischen Silvia Weissteiner und Margherita Magnani, auch Diana und Elina Sujew (GER), Elle Vernon (GBR),Janet Kisa (KEN), Viola Kibiwott (KEN), Netsanet Gudeta (ETH) am Start. \u00d6sterreichs Farben im Elitefeld wird voraussichtlich <a href=\"http:\/\/derstandard.at\/1311802985497\/Orientierungslauf-Der-den-Wald-trotz-lauter-Baeumen-noch-sieht\" target=\"_blank\">Robert Merl<\/a> (<a href=\"http:\/\/www.runningraz.at\/\" target=\"_blank\">runninGraz<\/a> \/ <a href=\"https:\/\/de.wikipedia.org\/wiki\/Robert_Merl\" target=\"_blank\">Junioren-Orientierungslaufweltmeister 2011<\/a>) vertreten.<\/p>\n<p><a href=\"http:\/\/www.marathonworld.it\/favoriti-top-runner-bo-classic-2015.html\" target=\"_blank\">Marathonworld.it | Yeman Crippa e Zane Robertson sfidano l&#8217;Africa alla BOclassic 2015 | TOP RUNNERS<\/a><br \/>\n<a href=\"http:\/\/www.flipsnack.com\/albertostretti\/flyer-2015-boclassic.html\" target=\"_blank\">BOclassic 2015 | Media Guide<\/a><\/p>\n<h2>Livestream &#8211; 31.12.2015 ab 14:45<\/h2>\n<p>Das Frauenrennen \u00fcber 5km startet um 15 Uhr. Der M\u00e4nnerlauf \u00fcber 10km folgt um 15:30.<br \/>\n     <script src=\"http:\/\/jwpsrv.com\/library\/yC2CaBR2EeOuBxIxOUCPzg.js\"><\/script><\/p>\n<div class=\"streaminglogo\"><span class=\"it\"><\/span><\/div>\n<section class=\"container\">\n<div class=\"row\">\n<div class=\"span6 offset3\">\n<div id=\"videop\">Loading&#8230;<\/div>\n<p>\t                <script type=\"text\/javascript\">\n\t                    jwplayer(\"videop\").setup({\n\t                        flashplayer: \"http:\/\/www.raibz.rai.it\/lib\/jwplayer.flash.swf\",\n\t                        file: \"rtmp:\/\/212.162.85.59\/liveBZ\/sdtirolstream\",\n\t                        image: '',\n\t                        width: \"100%\",\n\t                        aspectratio: \"16:9\",\n\t                        controls: true,\n\t                        skin: 'http:\/\/www.raibz.rai.it\/js\/six.xml'\n\t                    });\n\t                <\/script>\n                    <\/div>\n<\/p><\/div>\n<\/section>\n<p><a href=\"http:\/\/www.raibz.rai.it\/videoplay.php\" title=\"41. BOclassic 2015 | Livestream (RAISuedtirol 14:45-16:30 MEZ)\" target=\"_blank\">41. BOclassic 2015 | Livestream (RAISuedtirol 14:45-16:30 MEZ)<\/a><\/p>\n<h2>Live-Ergebnisse \/ Zeitplan \/ Startlisten Elitefeld<\/h2>\n<p><a href=\"https:\/\/www.datasport.com\/live\/?racenr=17579&#038;m=se\" title=\"BOclassic 2015 | Live-Ergebnisse\" target=\"_blank\">BOclassic 2015 | Live-Ergebnisse<\/a><br \/>\n<a href=\"http:\/\/services.datasport.com\/2015\/lauf\/boclassic\/\" title=\"BOclassic 2015 | Ergebnisse\" target=\"_blank\">BOclassic 2015 | Meldeliste \/ Ergebnisse<\/a><br \/>\n<a href=\"http:\/\/www.boclassic.it\/de\/cmspre\/das-programm\/4.html\" title=\"BOclassic 2015 | Zeitplan\" target=\"_blank\">BOclassic 2015 | Zeitplan<\/a><\/p>\n<p><a href=\"http:\/\/www.boclassic.it\/de\/cmspre\/ergebnisse-boclassic\/14.html\" title=\"BOclassic | Ergebnisse der Vorjahre\" target=\"_blank\">BOclassic | Ergebnisse der Vorjahre<\/a><br \/>\n<a href=\"http:\/\/www.boclassic.it\/de\/cmspre\/ehrentafel-boclassic\/15.html\" title=\"BOclassic | Ergebnisse der Vorjahre\" target=\"_blank\">BOclassic | Sieger der Vorjahre<\/a><\/p>\n<h2>Fotos<\/h2>\n<p><a href=\"https:\/\/www.facebook.com\/media\/set\/?set=a.1324010487624975.1073741839.450917154934317&#038;type=3\" target=\"_blank\">BOclassic 2015 (G\u00fcnther Skuk &#038; Johanna Schweigkofler) | Gara amatoriale LADURNER Volkslauf<\/a><br \/>\n<a href=\"https:\/\/www.facebook.com\/media\/set\/?set=a.1324102340949123.1073741841.450917154934317&#038;type=3\" target=\"_blank\">BOclassic 2015 (G\u00fcnther Skuk &#038; Johanna Schweigkofler) | Raiffeisen Jugendcup<\/a><br \/>\n<a href=\"https:\/\/www.facebook.com\/probertop\/media_set?set=a.10207184070993067.1073741986.1621684778&#038;type=3\" target=\"_blank\">BOclassic 2015 (Roberto Click Passerini) | BOclassic 2015<\/a><\/p>\n<h2>Videos<\/h2>\n<p>     <script src=\"http:\/\/jwpsrv.com\/library\/yC2CaBR2EeOuBxIxOUCPzg.js\"><\/script><\/p>\n<section class=\"container\">\n\t                <script type=\"text\/javascript\">\n\t                    jwplayer(\"videop\").setup({\n\t                        flashplayer: \"http:\/\/www.raibz.rai.it\/lib\/jwplayer.flash.swf\",\n\t                        playlist: [{\n                            image: 'http:\/\/www.raibz.rai.it\/img\/radio_posterimg.jpg',\n                            sources: [{file: \"rtmp:\/\/212.162.85.65:1935\/BZstreaming\/20151231_Live_BOclassic_1f13ba9a-0d0b-44f6-856d-5bc4ff7e8a79.mp4\"},{file: \"http:\/\/www.raibz.rai.it\/streaming\/20151231_Live_BOclassic_1f13ba9a-0d0b-44f6-856d-5bc4ff7e8a79.mp4\/playlist.m3u8\"},{file: \"http:\/\/www.raibz.rai.it\/streaming\/20151231_Live_BOclassic_1f13ba9a-0d0b-44f6-856d-5bc4ff7e8a79.mp4\/Manifest\"}], \n                    }],\n\t                        image: '',\n\t                        width: \"100%\",\n\t                        aspectratio: \"16:9\",\n\t                        controls: true,\n\t                        skin: 'http:\/\/www.raibz.rai.it\/js\/six.xml'\n\t                    });\n\t                <\/script><br \/>\n    <\/section>\n<p><a href=\"http:\/\/www.boclassic.it\/de\/cmspre\/boclassic-videos\/24.html\" title=\"BOclassic | Videos der vergangenen Jahre\" target=\"_blank\">BOclassic | Videos der vergangenen Jahre<\/a><br \/>\n<a href=\"https:\/\/www.facebook.com\/media\/set\/?set=vb.450917154934317&#038;type=2\" title=\"BOclassic | Videos (Facebook)\" target=\"_blank\">BOclassic | Videos (Facebook)<\/a><\/p>\n<p><iframe loading=\"lazy\" width=\"560\" height=\"315\" src=\"https:\/\/www.youtube.com\/embed\/HWLUiRABTzc\" frameborder=\"0\" allowfullscreen><\/iframe><\/p>\n<h2>Bericht<\/h2>\n<p><a href=\"http:\/\/www.iaaf.org\/news\/report\/boclassic-tola-gudeta\" target=\"_blank\">IAAF | Ethiopia gets historic double victory at the Boclassic New Year\u2019s Eve Race<\/a><\/p>\n","protected":false},"excerpt":{"rendered":"<p>BOclassic Vorschau Auch in Bozen wird zu Silvester schnell gelaufen und auch bei der 41. Auflage wird Dietmar Millonig vermutlich der einzige \u00f6sterreichische Sieger (1978) bleiben. Die Veranstaltung bekam auf Anhieb ein 5-Sterne Rating von European Athletics, dass in Zukunft <a class=\"more-link\" href=\"https:\/\/trackandfield.bplaced.net\/blog\/2015\/12\/silvesterlauf-bozen-41-boclassic-2015-livestream-live-ergebnisse-elitefeld\/\"><span class=\"screen-reader-text\">  Silvesterlauf Bozen &#8211; 41. BOclassic 2015 &#8211; Livestream \/ Live-Ergebnisse \/ Elitefeld<\/span> weiterlesen<span class=\"meta-nav\">&rarr;<\/span><\/a><\/p>\n","protected":false},"author":1,"featured_media":0,"comment_status":"closed","ping_status":"closed","sticky":false,"template":"","format":"standard","meta":{"footnotes":""},"categories":[7],"tags":[472,410,409,1500,1513,140,1448,1875,200,475,1874,797,1499,469],"class_list":["post-12863","post","type-post","status-publish","format-standard","hentry","category-international","tag-boclassic","tag-diana-sujew","tag-elina-sujew","tag-jairus-birech","tag-janet-kisa","tag-livestream","tag-muktar-edris","tag-robert-merl","tag-silvesterlauf","tag-silvia-weissteiner","tag-tade-abraham","tag-thomas-pkemei-longosiwa","tag-yemane-crippa","tag-zane-robertson"],"_links":{"self":[{"href":"https:\/\/trackandfield.bplaced.net\/blog\/wp-json\/wp\/v2\/posts\/12863","targetHints":{"allow":["GET"]}}],"collection":[{"href":"https:\/\/trackandfield.bplaced.net\/blog\/wp-json\/wp\/v2\/posts"}],"about":[{"href":"https:\/\/trackandfield.bplaced.net\/blog\/wp-json\/wp\/v2\/types\/post"}],"author":[{"embeddable":true,"href":"https:\/\/trackandfield.bplaced.net\/blog\/wp-json\/wp\/v2\/users\/1"}],"replies":[{"embeddable":true,"href":"https:\/\/trackandfield.bplaced.net\/blog\/wp-json\/wp\/v2\/comments?post=12863"}],"version-history":[{"count":0,"href":"https:\/\/trackandfield.bplaced.net\/blog\/wp-json\/wp\/v2\/posts\/12863\/revisions"}],"wp:attachment":[{"href":"https:\/\/trackandfield.bplaced.net\/blog\/wp-json\/wp\/v2\/media?parent=12863"}],"wp:term":[{"taxonomy":"category","embeddable":true,"href":"https:\/\/trackandfield.bplaced.net\/blog\/wp-json\/wp\/v2\/categories?post=12863"},{"taxonomy":"post_tag","embeddable":true,"href":"https:\/\/trackandfield.bplaced.net\/blog\/wp-json\/wp\/v2\/tags?post=12863"}],"curies":[{"name":"wp","href":"https:\/\/api.w.org\/{rel}","templated":true}]}}