{"id":13358,"date":"2016-02-18T20:43:41","date_gmt":"2016-02-18T19:43:41","guid":{"rendered":"http:\/\/trackandfield.bplaced.net\/?p=13358"},"modified":"2016-02-24T19:47:37","modified_gmt":"2016-02-24T18:47:37","slug":"deutsche-jugend-hallen-meisterschaften-jugend-hallen-dm-dortmund-2016-livestream-live-ticker-startlisten-zeitplan-ergebnisse","status":"publish","type":"post","link":"https:\/\/trackandfield.bplaced.net\/blog\/2016\/02\/deutsche-jugend-hallen-meisterschaften-jugend-hallen-dm-dortmund-2016-livestream-live-ticker-startlisten-zeitplan-ergebnisse\/","title":{"rendered":"Deutsche Jugend-Hallen-Meisterschaften (Jugend-Hallen-DM) Dortmund 2016 | Livestream \/ Live-Ticker \/ Startlisten \/ Zeitplan \/ Ergebnisse"},"content":{"rendered":"<h2>Vorschau<\/h2>\n<p><a href=\"https:\/\/www.leichtathletik.de\/news\/news\/detail\/dortmund-die-grosse-vorschau-maennliche-jugend\/\" target=\"_blank\">Leichtathletik.de | Dortmund: Die gro\u00dfe Vorschau m\u00e4nnliche Jugend<\/a><br \/>\n<a href=\"https:\/\/www.leichtathletik.de\/news\/news\/detail\/dortmund-die-grosse-vorschau-weibliche-jugend\/\" target=\"_blank\">Leichtathletik.de | Dortmund: Die gro\u00dfe Vorschau weibliche Jugend<\/a><\/p>\n<p><a href=\"https:\/\/www.leichtathletik.de\/news\/news\/detail\/die-jugend-hallen-dm-in-dortmund-live-auf-leichtathletikde\/\" target=\"_blank\">Leichtathletik.de | Die Jugend-Hallen-DM in Dortmund live auf leichtathletik.de<\/a><br \/>\n<a href=\"https:\/\/www.leichtathletik.de\/news\/news\/detail\/der-video-rueckblick-aufs-vorjahr\/\" target=\"_blank\">Leichtathletik.de | Der Video-R\u00fcckblick aufs Vorjahr<\/a><\/p>\n<h2>Livestream &#8211; 20.\/21.02.2016<\/h2>\n<ul>\n<li>Samstag: 20.02. &#8211; ab 10 &#8211; ca. 18:15 Uhr<\/li>\n<li>Sonntag: 21.02. &#8211; ab 10 &#8211; ca. 15:30 Uhr<\/li>\n<\/ul>\n<p><a href=\"http:\/\/www.leichtathletik.de\/termine\/top-events\/jugend-hallen-dm-2016-dortmund-live\/\" title=\"Jugend-Hallen-DM Dortmund 2016 | Livestream\" target=\"_blank\">Jugend-Hallen-DM Dortmund 2016 | Livestream<\/a><\/p>\n<p><script type='text\/javascript' src='http:\/\/dl.ec-stream.de\/jwplayer\/jwplayer.js'><\/script><\/p>\n<div id=\"container1\"  >Loading video&#8230;<\/div>\n<p>          <script type=\"text\/javascript\">\n              jwplayer('container1').setup(\n              {\n                  'id': 'container1',\n                  'wmode': 'transparent',\n                  'icons': 'true',\n                  'allowscriptaccess': 'always',\n                  'allownetworking': 'all',\n                  'file': 'rtmp:\/\/stream38.ec-stream.de\/live\/Stream1',\n                  'width': '560', 'height': '315',\n                  'controlbar': 'bottom',\n                  'dock': 'false',\n                  'provider':'rtmp',\n                  'streamer':'rtmp:\/\/stream38.ec-stream.de\/live\/Stream1',\n                  'modes': [\n                      {type: 'flash', src: 'http:\/\/dl.ec-stream.de\/jwplayer\/jwplayer.js'},\n                      {\n                        type: 'html5',\n                        config: {\n                         'file': 'http:\/\/stream38.ec-stream.de\/live\/Stream1\/playlist.m3u8',\n                         'provider': 'video'\n                        }\n                      },\n                      {\n                        type: 'download',\n                        config: {\n                         'file': 'http:\/\/stream38.ec-stream.de\/live\/Stream1\/playlist.m3u8',\n                         'provider': 'video'\n                        }\n                      }\n                  ]\n              });\n          <\/script><br \/>\n<a href=\"rtsp:\/\/stream38.ec-stream.de\/live\/mp4:Stream1\" title=\"Jugend-Hallen-DM Dortmund 2016 | Livestream\" target=\"_blank\">Jugend-Hallen-DM Dortmund 2016 | Livestream (rtsp \/ mp4)<\/a><\/p>\n<h2>Startlisten \/ Zeitplan \/ Live-Ergebnisse<\/h2>\n<p><a href=\"http:\/\/lalive.de\/index.php?ver=160220DEDTM\" title=\"Jugend-Hallen-DM Dortmund 2016 | Live-Ergebnisse\" target=\"_blank\">Jugend-Hallen-DM Dortmund 2016 | Startlisten \/ Zeitplan \/ Live-Ergebnisse<\/a><\/p>\n<p><a href=\"http:\/\/www.leichtathletik.de\/fileadmin\/user_upload\/03_Termine\/Top-Events\/DM_Jugend_Halle\/2016_dm_jugend_halle-ww_teilnehmer.pdf\" title=\"Jugend-Hallen-DM Dortmund 2016 | Meldeliste\" target=\"_blank\">Jugend-Hallen-DM Dortmund 2016 | Meldeliste (PDF)<\/a><br \/>\n<a href=\"http:\/\/www.leichtathletik.de\/fileadmin\/user_upload\/03_Termine\/Top-Events\/DM_Jugend_Halle\/2016_dm_jugend_halle-ww_zeitplan_halle.pdf\" title=\"Jugend-Hallen-DM Dortmund 2016 | Zeitplan\" target=\"_blank\">Jugend-Hallen-DM Dortmund 2016 | Zeitplan (PDF)<\/a><\/p>\n<p><a href=\"https:\/\/twitter.com\/dlv_online\" title=\"Twitter @dlv_online | &quot;Live-Ticker&quot;\" target=\"_blank\">Twitter @dlv_online | &#8222;Live-Ticker&#8220;<\/a><br \/>\n<a href=\"https:\/\/www.facebook.com\/dlvlounge\" title=\"Facebook (dlvlounge) | &quot;Live-Ticker&quot;\" target=\"_blank\">Facebook (dlvlounge) | &#8222;Live-Ticker&#8220;<\/a><\/p>\n<h2>Fotos<\/h2>\n<p><a href=\"https:\/\/www.leichtathletik.de\/news\/news\/detail\/grosse-bildergalerie-und-50-video-clips-aus-dortmund-online\/\" target=\"_blank\">Leichtathletik.de | Gro\u00dfe Bildergalerie und 50 Video-Clips aus Dortmund online!<\/a><\/p>\n<p><a href=\"https:\/\/www.facebook.com\/media\/set\/?set=a.1050687111618920.1073741891.167457089941931&#038;type=3\" target=\"_blank\">Leichtathletik.de (Facebook) | TAG 1 Deutsche Jugend-Hallenmeisterschaften mit Winterwurf 2016<\/a><br \/>\n<a href=\"https:\/\/www.facebook.com\/media\/set\/?set=a.1051382354882729.1073741892.167457089941931&#038;type=3\" target=\"_blank\">Leichtathletik.de (Facebook) | TAG 2 Deutsche Jugend-Hallenmeisterschaften mit Winterwurf 2016<\/a><\/p>\n<h2>Videos<\/h2>\n<p><a href=\"http:\/\/www.leichtathletik.de\/tv\/veranstaltungen\/video-uebersicht\/veranstaltung\/jugend-hallen-dm-in-dortmund\/\" target=\"_blank\">Leichtathletik.de | Jugend-Hallen-DM in Dortmund, 20.02.2016<\/a><\/p>\n<p><video width=\"560\" height=\"315\" controls><source src=\"http:\/\/www.leichtathletik.de\/fileadmin\/user_upload\/02_TV\/2016\/20160220_djhm_dortmund\/w-800.mp4\" type=\"video\/mp4\"\/>Your browser does not support the video tag.<\/video><br \/>\n<video width=\"560\" height=\"315\" controls><source src=\"http:\/\/www.leichtathletik.de\/fileadmin\/user_upload\/02_TV\/2016\/20160220_djhm_dortmund\/interview-konstanze-klosterhalfen.mp4\" type=\"video\/mp4\"\/>Your browser does not support the video tag.<\/video><\/p>\n<h2>Bericht<\/h2>\n<p><a href=\"https:\/\/www.leichtathletik.de\/news\/news\/detail\/konstanze-klosterhalfen-stuermt-zum-naechsten-rekord\/\" target=\"_blank\">Leichtathletik.de | Konstanze Klosterhalfen st\u00fcrmt zum n\u00e4chsten Rekord<\/a><br \/>\n<a href=\"https:\/\/www.leichtathletik.de\/news\/news\/detail\/keshia-kwadwo-bricht-uralt-rekord-ueber-60-meter\/\" target=\"_blank\">Leichtathletik.de | Keshia Kwadwo bricht Uralt-Rekord \u00fcber 60 Meter<\/a><\/p>\n<p><a href=\"https:\/\/www.leichtathletik.de\/news\/news\/detail\/titelkampf-in-dortmund-maennliche-jugend-am-samstag\/\" target=\"_blank\">Leichtathletik.de | Titelkampf in Dortmund: M\u00e4nnliche Jugend am Samstag<\/a><br \/>\n<a href=\"https:\/\/www.leichtathletik.de\/news\/news\/detail\/titelkampf-in-dortmund-weibliche-jugend-am-samstag\/\" target=\"_blank\">Leichtathletik.de | Titelkampf in Dortmund: Weibliche Jugend am Samstag<\/a><br \/>\n<a href=\"https:\/\/www.leichtathletik.de\/news\/news\/detail\/titelkampf-in-dortmund-maennliche-jugend-am-sonntag\/\" target=\"_blank\">Leichtathletik.de | Titelkampf in Dortmund: M\u00e4nnliche Jugend am Sonntag<\/a><br \/>\n<a href=\"https:\/\/www.leichtathletik.de\/news\/news\/detail\/titelkampf-in-dortmund-weibliche-jugend-am-sonntag\/\" target=\"_blank\">Leichtathletik.de | Titelkampf in Dortmund: Weibliche Jugend am Sonntag<\/a><\/p>\n<p><a href=\"https:\/\/www.leichtathletik.de\/news\/news\/detail\/jugend-aktionen-treffen-in-dortmund-auf-grosses-interesse\/\" target=\"_blank\">Leichtathletik.de | Jugend-Aktionen treffen in Dortmund auf gro\u00dfes Interesse<\/a><\/p>\n","protected":false},"excerpt":{"rendered":"<p>Vorschau Leichtathletik.de | Dortmund: Die gro\u00dfe Vorschau m\u00e4nnliche Jugend Leichtathletik.de | Dortmund: Die gro\u00dfe Vorschau weibliche Jugend Leichtathletik.de | Die Jugend-Hallen-DM in Dortmund live auf leichtathletik.de Leichtathletik.de | Der Video-R\u00fcckblick aufs Vorjahr Livestream &#8211; 20.\/21.02.2016 Samstag: 20.02. &#8211; ab 10 <a class=\"more-link\" href=\"https:\/\/trackandfield.bplaced.net\/blog\/2016\/02\/deutsche-jugend-hallen-meisterschaften-jugend-hallen-dm-dortmund-2016-livestream-live-ticker-startlisten-zeitplan-ergebnisse\/\"><span class=\"screen-reader-text\">  Deutsche Jugend-Hallen-Meisterschaften (Jugend-Hallen-DM) Dortmund 2016 | Livestream \/ Live-Ticker \/ Startlisten \/ Zeitplan \/ Ergebnisse<\/span> weiterlesen<span class=\"meta-nav\">&rarr;<\/span><\/a><\/p>\n","protected":false},"author":1,"featured_media":0,"comment_status":"closed","ping_status":"closed","sticky":false,"template":"","format":"standard","meta":{"footnotes":""},"categories":[7],"tags":[1726,1580,1915,1923,1569,1909,1910,1917,1918,1080,1911,1921,1912,1752,1913,140,1922,1920,1916,1576,1347,1919,1914],"class_list":["post-13358","post","type-post","status-publish","format-standard","hentry","category-international","tag-abigail-adjei","tag-alina-ammann","tag-alina-kenzel","tag-bo-kanda-lita-baehre","tag-chantal-butzek","tag-dortmund","tag-eleni-frommann","tag-felix-straub","tag-friedrich-scheuschner","tag-hallen-dm","tag-hendrikje-richter","tag-henrik-hannemann","tag-jana-reinert","tag-konstanze-klosterhalfen","tag-lisa-maihoefer","tag-livestream","tag-lucas-mihota","tag-lukas-abele","tag-manuel-eitel","tag-mareen-kalis","tag-niklas-kaul","tag-robert-farken","tag-tina-rother"],"_links":{"self":[{"href":"https:\/\/trackandfield.bplaced.net\/blog\/wp-json\/wp\/v2\/posts\/13358","targetHints":{"allow":["GET"]}}],"collection":[{"href":"https:\/\/trackandfield.bplaced.net\/blog\/wp-json\/wp\/v2\/posts"}],"about":[{"href":"https:\/\/trackandfield.bplaced.net\/blog\/wp-json\/wp\/v2\/types\/post"}],"author":[{"embeddable":true,"href":"https:\/\/trackandfield.bplaced.net\/blog\/wp-json\/wp\/v2\/users\/1"}],"replies":[{"embeddable":true,"href":"https:\/\/trackandfield.bplaced.net\/blog\/wp-json\/wp\/v2\/comments?post=13358"}],"version-history":[{"count":0,"href":"https:\/\/trackandfield.bplaced.net\/blog\/wp-json\/wp\/v2\/posts\/13358\/revisions"}],"wp:attachment":[{"href":"https:\/\/trackandfield.bplaced.net\/blog\/wp-json\/wp\/v2\/media?parent=13358"}],"wp:term":[{"taxonomy":"category","embeddable":true,"href":"https:\/\/trackandfield.bplaced.net\/blog\/wp-json\/wp\/v2\/categories?post=13358"},{"taxonomy":"post_tag","embeddable":true,"href":"https:\/\/trackandfield.bplaced.net\/blog\/wp-json\/wp\/v2\/tags?post=13358"}],"curies":[{"name":"wp","href":"https:\/\/api.w.org\/{rel}","templated":true}]}}