{"id":14634,"date":"2016-07-17T07:38:57","date_gmt":"2016-07-17T05:38:57","guid":{"rendered":"http:\/\/trackandfield.bplaced.net\/?p=14634"},"modified":"2026-01-17T11:08:35","modified_gmt":"2026-01-17T10:08:35","slug":"european-athletics-youth-championships-tbilisi-2016-tv-livestream-live-ergebnisse-startlisten-zeitplan-oelv-team","status":"publish","type":"post","link":"https:\/\/trackandfield.bplaced.net\/blog\/2016\/07\/european-athletics-youth-championships-tbilisi-2016-tv-livestream-live-ergebnisse-startlisten-zeitplan-oelv-team\/","title":{"rendered":"European Athletics Youth Championships Tbilisi 2016 &#8211; TV + Livestream \/ Live-Ergebnisse \/ Startlisten \/ Zeitplan + \u00d6LV Team"},"content":{"rendered":"<h1><a href=\"http:\/\/tbilisi2016.com\/en\/\" target=\"_blank\" rel=\"noopener\">U18 Leichtathletik Europameisterschaften Tiflis 2016<\/a><\/h1>\n<h2>Vorschau<\/h2>\n<p>7 Burschen und 8 M\u00e4dchen, sowie rund 16 \u00d6LV-Betreuer machen sich auf die Reise zur 1. Leichtathletik U18-EM nach Tiflis. Die gr\u00f6\u00dften Chancen auf Medaillen im \u00d6LV-Team hat voraussichtlich die erste U18-WM Medaillengewinnern aus dem Vorjahr, Sarah Lagger (Zehnkampf Union).<\/p>\n<p><a href=\"http:\/\/www.oelv.at\/news\/detail.php?id=5812\" target=\"_blank\" rel=\"noopener\">\u00d6LV | Vorschau: U18-Europameisterschaft in Tiflis<\/a><br \/>\n<a href=\"http:\/\/www.oelv.at\/news\/detail.php?id=5814\" target=\"_blank\" rel=\"noopener\">\u00d6LV | U18-EM: Platzierungen der \u00d6sterreicher\/innen in den Meldelisten<\/a><\/p>\n<p><a href=\"http:\/\/www.leichtathletik.de\/termine\/top-events\/u18-em-2016-tiflis\/\" target=\"_blank\" rel=\"noopener\">Leichtathletik.de | U18-Europameisterschaften 2016 in Tiflis<\/a><br \/>\n<a href=\"http:\/\/www.leichtathletik.de\/fileadmin\/user_upload\/03_Termine\/Top-Events\/EM_U18\/U18_EM_2016_Team_Broschuere.pdf\" target=\"_blank\" rel=\"noopener\">Leichtathletik.de | Das DLV-Team f\u00fcr die U18-EM in Tiflis (PDF)<\/a><br \/>\n<a href=\"https:\/\/www.leichtathletik.de\/news\/news\/detail\/dlv-talente-suchen-ihre-chance-bei-u18-em-premiere\/\" target=\"_blank\" rel=\"noopener\">Leichtathletik.de | DLV-Talente suchen ihre Chance bei U18-EM-Premiere<\/a><br \/>\n<a href=\"http:\/\/www.leichtathletik.de\/news\/news\/detail\/dlv-nominiert-49-talente-fuer-erste-u18-em\/\" target=\"_blank\" rel=\"noopener\">Leichtathletik.de | DLV nominiert 49 Talente f\u00fcr erste U18-EM<\/a><br \/>\n<a href=\"http:\/\/www.leichtathletik.de\/news\/news\/detail\/u18-talente-empfehlen-sich-mit-bestmarken-fuer-tiflis\/\" target=\"_blank\" rel=\"noopener\">Leichtathletik.de | U18-Talente empfehlen sich mit Bestmarken f\u00fcr Tiflis<\/a><br \/>\n<a href=\"http:\/\/www.leichtathletik.de\/news\/news\/detail\/hoffnungsvolle-mehrkaempfer-fuer-u20-wm-und-u18-em-nominiert\/\" target=\"_blank\" rel=\"noopener\">Leichtathletik.de | Hoffnungsvolle Mehrk\u00e4mpfer f\u00fcr U20-WM und U18-EM nominiert<\/a><br \/>\n<a href=\"http:\/\/www.leichtathletik.de\/news\/news\/detail\/dlv-nominiert-14-laeufer-fuer-u20-wm-und-u18-em\/\" target=\"_blank\" rel=\"noopener\">Leichtathletik.de | DLV nominiert 14 L\u00e4ufer f\u00fcr U20-WM und U18-EM<\/a><br \/>\n<a href=\"https:\/\/www.facebook.com\/swissathletics\/photos\/?tab=album&amp;album_id=1216912825020267\" target=\"_blank\" rel=\"noopener\">Swiss Athletics | Unser Team an der U18-EM in Tiflis<\/a><br \/>\n<a href=\"http:\/\/www.swiss-athletics.ch\/de\/nachwuchs\/29-athletinnen-und-athleten-an-der-u18-em-in-tiflis.html\" target=\"_blank\" rel=\"noopener\">Swiss Athletics | 29 Athletinnen und Athleten an der U18-EM in Tiflis<\/a><\/p>\n<p><a href=\"http:\/\/www.european-athletics.org\/competitions\/european-athletics-youth-championships\/news\/article=look-out-for-these-five-boys-euro-youth-champs\/\" target=\"_blank\" rel=\"noopener\">European Athletics | Look out for these five boys at Euro Youth Champs<\/a><br \/>\n<a href=\"http:\/\/www.european-athletics.org\/competitions\/european-athletics-youth-championships\/news\/article=five-girls-follow-european-youth-champs\/\" target=\"_blank\" rel=\"noopener\">European Athletics | Five girls to follow at European Youth Champs<\/a><br \/>\n<a href=\"http:\/\/www.european-athletics.org\/competitions\/event=european-athletics-youth-championships\/news\/\" target=\"_blank\" rel=\"noopener\">European Athletics | News<\/a><\/p>\n<h4>\u00d6LV-Athleten<\/h4>\n<p>Burschen:<\/p>\n<ul>\n<li>Isaac Asare (Union Salzburg) &#8211; 100m, 200m<\/li>\n<li>Chukwuma Nnamdi (ULC Riverside M\u00f6dling) &#8211; 100m<\/li>\n<li>Albert Kokaly (DSG Maria Elend) &#8211; 1500m<\/li>\n<li>Stefan Schmid (SVS Leichtathletik) &#8211; 1500m, 2000m Hindernis<\/li>\n<li>Pascal Kobelt (TS Lustenau) &#8211; Stabhochsprung<\/li>\n<li>Riccardo Klotz (ATSV Innsbruck) &#8211; Stabhochsprung<\/li>\n<li>Leon Okafor (Zehnkampf Union) &#8211; Zehnkampf<\/li>\n<\/ul>\n<p>M\u00e4dchen:<\/p>\n<ul>\n<li>Magdalena Lindner (ULV Krems) &#8211; 100m, 200m<\/li>\n<li>Cornelia Wohlfahrt (LAC Klagenfurt) &#8211; 800m, 1500m, 3000m<\/li>\n<li>Katharina Pesendorfer (SVS Leichtathletik) &#8211; 2000m Hindernis<\/li>\n<li>Lisa Oberndorfer (LCAV Jodl packaging) &#8211; 2000m Hindernis<\/li>\n<li>Noemi Luyer (Union Pottenstein) &#8211; Speerwurf<\/li>\n<li>Patricia Madl (SU IGLA long life) &#8211; Speerwurf<\/li>\n<li>Sarah Lagger (Zehnkampf Union) &#8211; Siebenkampf, Weitsprung<\/li>\n<li>Isabel Posch (TS Lustenau) &#8211; Siebenkampf, 100m<\/li>\n<\/ul>\n<p>Das offizielle Promo-Video:<br \/>\n<iframe loading=\"lazy\" src=\"https:\/\/www.youtube.com\/embed\/735qNQFb3d4\" width=\"560\" height=\"315\" frameborder=\"0\" allowfullscreen=\"allowfullscreen\"><\/iframe><\/p>\n<h2>TV + Livestream-Zeiten 14.-17.07.2016<\/h2>\n<h4>&#8222;EAA&#8220; Livestream<\/h4>\n<p><a href=\"https:\/\/www.youtube.com\/watch?v=vwi_1M6uEcE\" target=\"_blank\" rel=\"noopener\">European Athletics | Great Tbilisi EYCH 2016 LIVE &#8211; Tag 4<\/a><br \/>\n<iframe loading=\"lazy\" src=\"https:\/\/www.youtube.com\/embed\/vwi_1M6uEcE\" width=\"560\" height=\"315\" frameborder=\"0\" allowfullscreen=\"allowfullscreen\"><\/iframe><\/p>\n<h4>Eurosport 2 Livestream<\/h4>\n<p>Eurosport 2 \u00fcbertr\u00e4gt teile der ersten U18 Leichtathletik EM in Tiflis live.<\/p>\n<p>Eurosport 2 &#8211; TV + Livestream Zeiten in MESZ (Stand 11.07.2016):<\/p>\n<ul>\n<li>Donnerstag 14.07.2016 &#8211; keine \u00dcbertragung<\/li>\n<li>Freitag 15.07.2016 &#8211; 14-19:15 Uhr &#8211; Tag 2 Live<\/li>\n<li>Samstag 16.07.2016 &#8211; 5:30-7:30 Uhr &#8211; Tag 2 Zusammenfassung<\/li>\n<li>Samstag 16.07.2016 &#8211; 12-12:30 Uhr &#8211; Tag 2 Zusammenfassung<\/li>\n<li>Samstag 16.07.2016 &#8211; 14:45-18:15 Uhr &#8211; Tag 3 Live<\/li>\n<li>Samstag 16.07.2016 &#8211; 21-22:30 Uhr &#8211; Tag 3 Zusammenfassung<\/li>\n<li>Sonntag 17.07.2016 &#8211; 07:15-08:15 Uhr &#8211; Tag 3 Zusammenfassung<\/li>\n<li>Sonntag 17.07.2016 &#8211; 10-11:15 Uhr &#8211; Tag 3 Zusammenfassung<\/li>\n<li>Sonntag 17.07.2016 &#8211; 13-14 Uhr &#8211; Tag 3 Zusammenfassung<\/li>\n<li>Sonntag 17.07.2016 &#8211; 14-19:15 Uhr &#8211; Tag 4 Live<\/li>\n<li>Montag 18.07.2016 &#8211; 19-19:45 Uhr &#8211; Tag 4 Zusammenfassung<\/li>\n<li>Dienstag 19.07.2016 &#8211; 10-11 Uhr &#8211; Tag 4 Zusammenfassung<\/li>\n<li>Dienstag 19.07.2016 &#8211; 22-22:45 Uhr &#8211; Tag 4 Zusammenfassung<\/li>\n<li>Mittwoch 20.07.2016 &#8211; 16:45-18 Uhr &#8211; Tag 4 Zusammenfassung<\/li>\n<\/ul>\n<h2>Startzeiten der \u00d6LV-Athleten in MESZ (Stand 03.07.2016)<\/h2>\n<h4>Donnerstag 14.07.2016<\/h4>\n<ul>\n<li>Siebenkampf &#8211; Sarah Lagger, Isabel Posch &#8211; 7:06\/7:18, 7:55, 15:10, 17:40<\/li>\n<li>100m MU18 Vorl\u00e4ufe &#8211; Chukwuma Nnamdi, Isaac Asare &#8211; 8:20\/8:32<\/li>\n<li>100m WU18 Vorl\u00e4ufe &#8211; Magdalena Lindner &#8211; 9:06<\/li>\n<li>800m WU18 Vorl\u00e4ufe &#8211; Cornelia Wohlfahrt &#8211; 15:36<\/li>\n<li><del datetime=\"2016-07-14T06:32:08+00:00\">100m MU18 Semifinale? &#8211; Isaac Asare, Chukwuma Nnamdi &#8211; 16:10<\/del><\/li>\n<li><del datetime=\"2016-07-14T13:32:16+00:00\">100m WU18 Semifinale? &#8211; Magdalena Lindner &#8211; 16:40<\/del><\/li>\n<li>1500m MU18 Vorl\u00e4ufe &#8211; Albert Kokaly &#8211; 17:20<\/li>\n<li>2000mH WU18 Vorl\u00e4ufe &#8211; Katharina Pesendorfer, Lisa Oberndorfer &#8211; 18:15\/18:27<\/li>\n<\/ul>\n<h4>Freitag 15.07.2016<\/h4>\n<ul>\n<li>Stabhochsprung MU18 Quali &#8211; Riccardo Klotz, Pascal Kobelt &#8211; 7:00<\/li>\n<li>Siebenkampf &#8211; Sarah Lagger, Isabel Posch &#8211; 7:05, 13:30, 17:45<\/li>\n<li>800m WU18 Semifinale &#8211; Cornelia Wohlfahrt &#8211; 14:55<\/li>\n<li>2000mH MU18 Vorl\u00e4ufe &#8211; Stefan Schmid &#8211; 15:15<\/li>\n<li>200m WU18 Vorl\u00e4ufe &#8211; Magdalena Lindner &#8211; 16:01<\/li>\n<li>200m MU18 Vorl\u00e4ufe &#8211; Isaac Asare &#8211; 16:30<\/li>\n<li>3000m WU18 Finale &#8211; Cornelia Wohlfahrt &#8211; 18:15<\/li>\n<li><del datetime=\"2016-07-14T13:32:16+00:00\">100m WU18 Finale? &#8211; Magdalena Lindner &#8211; 18:40<\/del><\/li>\n<li><del datetime=\"2016-07-14T06:32:08+00:00\">100m MU18 Finale? &#8211; Isaac Asare, Chukwuma Nnamdi &#8211; 18:55<\/del><\/li>\n<\/ul>\n<h4>Samstag 16.07.2016<\/h4>\n<ul>\n<li>Zehnkampf &#8211; Leon Okafor &#8211; 7:15, 8, 9:30, 14:05, 16:25<\/li>\n<li>Speerwurf WU18 Quali &#8211; Patricia Madl, Noemi Luyer &#8211; 7:00\/8:20<\/li>\n<li><del datetime=\"2016-07-15T14:28:19+00:00\">200m WU18 Semifinale? &#8211; Magdalena Lindner &#8211; 14:45<\/del><\/li>\n<li>200m MU18 Semifinale &#8211; Isaac Asare &#8211; 15:05<\/li>\n<li><del datetime=\"2016-07-14T15:32:53+00:00\">2000mH WU18 Finale? &#8211; Lisa Oberndorfer, Katharina Pesendorfer &#8211; 16:50<\/del><\/li>\n<li><del datetime=\"2016-07-14T15:25:13+00:00\">1500m MU18 Finale? &#8211; Albert Kokaly &#8211; 17:40<\/del><\/li>\n<li><del datetime=\"2016-07-15T14:28:19+00:00\">200m WU18 Finale? &#8211; Magdalena Lindner &#8211; 17:55<\/del><\/li>\n<li><del datetime=\"2016-07-16T14:24:49+00:00\">200m MU18 Finale? &#8211; Isaac Asare &#8211; 18:05<\/del><\/li>\n<\/ul>\n<h4>Sonntag 17.07.2016<\/h4>\n<ul>\n<li>Zehnkampf &#8211; Leon Okafor &#8211; 7:00, 7:55, 10:10, 15:50, 17:55<\/li>\n<li>Stabhochsprung MU18 Finale &#8211; Riccardo Klotz, <del datetime=\"2016-07-15T09:04:02+00:00\">Pascal Kobelt<\/del> &#8211; 16:15<\/li>\n<li><del datetime=\"2016-07-16T06:52:33+00:00\">1500m WU18 Finale &#8211; Cornelia Wohlfahrt &#8211; 16:40<\/del><\/li>\n<li>2000mH MU18 Finale &#8211; Stefan Schmid &#8211; 17:15<\/li>\n<li><del datetime=\"2016-07-16T06:44:20+00:00\">Speerwurf WU18 Finale? &#8211; Patricia Madl, Noemi Luyer &#8211; 17:50<\/del><\/li>\n<\/ul>\n<h2>Startlisten \/ Zeitplan \/ Live-Ergebnisse<\/h2>\n<p><a title=\"U18 Leichtathletik Europameisterschaften Tiflis 2016 | Live-Ergebnisse \/ Startlisten \/ Zeitplan\" href=\"http:\/\/eych2016.domtel-sport.pl\/\" target=\"_blank\" rel=\"noopener\"><strong>U18 Leichtathletik Europameisterschaften Tiflis 2016 | Live-Ergebnisse \/ Startlisten \/ Zeitplan<\/strong><\/a><br \/>\n<a title=\"U18 Leichtathletik Europameisterschaften Tiflis 2016 | Live-Ergebnisse \/ Startlisten \/ Zeitplan\" href=\"http:\/\/www.european-athletics.org\/competitions\/european-athletics-youth-championships\/results\/\" target=\"_blank\" rel=\"noopener\">U18 Leichtathletik Europameisterschaften Tiflis 2016 | Live-Ergebnisse \/ Startlisten \/ Zeitplan (EAA)<\/a><\/p>\n<p><a title=\"U18 Leichtathletik Europameisterschaften Tiflis 2016 | Meldeliste\" href=\"http:\/\/www.european-athletics.org\/mm\/Document\/EventsMeetings\/General\/01\/27\/95\/05\/EYCH2016-FinalEntriesAthleteListByEvent-updated08.07_Neutral.pdf\" target=\"_blank\" rel=\"noopener\">U18 Leichtathletik Europameisterschaften Tiflis 2016 | Meldeliste (PDF)<\/a><br \/>\n<a title=\"U18 Leichtathletik Europameisterschaften Tiflis 2016 | Zeitplan\" href=\"http:\/\/www.european-athletics.org\/mm\/Document\/EventsMeetings\/General\/01\/27\/95\/06\/Timetable_EYCH_2016Tdsrevised20160708_2_Neutral.pdf\" target=\"_blank\" rel=\"noopener\">U18 Leichtathletik Europameisterschaften Tiflis 2016 | Zeitplan (PDF) (-2h f\u00fcr MESZ)<\/a><br \/>\n<a title=\"U18 Leichtathletik Europameisterschaften Tiflis 2016 | EAA-Limits\" href=\"http:\/\/www.european-athletics.org\/mm\/Document\/EventsMeetings\/General\/01\/27\/74\/63\/EuropeanAthleticsYouthChampionships2016-EntryStandards_Neutral.pdf\" target=\"_blank\" rel=\"noopener\">U18 Leichtathletik Europameisterschaften Tiflis 2016 | EAA-Limits (PDF)<\/a><\/p>\n<h2>Fotos<\/h2>\n<p><a href=\"http:\/\/tbilisi2016.com\/en\/photos\" target=\"_blank\" rel=\"noopener\">U18 Leichtathletik Europameisterschaften Tiflis 2016 | Fotos<\/a><\/p>\n<p><a href=\"https:\/\/www.facebook.com\/%C3%96LV-YOUTH-169609783108297\/photos\/?tab=album&amp;album_id=1004269119642355\" target=\"_blank\" rel=\"noopener\">U18 Leichtathletik Europameisterschaften Tiflis 2016 | U18 EM Tag 1 Vormittag<\/a><br \/>\n<a href=\"https:\/\/www.facebook.com\/%C3%96LV-YOUTH-169609783108297\/photos\/?tab=album&amp;album_id=1004547489614518\" target=\"_blank\" rel=\"noopener\">U18 Leichtathletik Europameisterschaften Tiflis 2016 | U18 EM Tag 1 nachmittag und abend<\/a><br \/>\n<a href=\"https:\/\/www.facebook.com\/%C3%96LV-YOUTH-169609783108297\/photos\/?tab=album&amp;album_id=1004918266244107\" target=\"_blank\" rel=\"noopener\">U18 Leichtathletik Europameisterschaften Tiflis 2016 | U18 EM Tag 2 Vormittag<\/a><br \/>\n<a href=\"https:\/\/www.facebook.com\/%C3%96LV-YOUTH-169609783108297\/photos\/?tab=album&amp;album_id=1005214132881187\" target=\"_blank\" rel=\"noopener\">U18 Leichtathletik Europameisterschaften Tiflis 2016 | U18 EM Tag 2 Nachmittag und Abend<\/a><br \/>\n<a href=\"https:\/\/www.facebook.com\/%C3%96LV-YOUTH-169609783108297\/photos\/?tab=album&amp;album_id=1005560789513188\" target=\"_blank\" rel=\"noopener\">U18 Leichtathletik Europameisterschaften Tiflis 2016 | U18 EM Tag 3 Vormittag<\/a><br \/>\n<a href=\"https:\/\/www.facebook.com\/%C3%96LV-YOUTH-169609783108297\/photos\/?tab=album&amp;album_id=1005763716159562\" target=\"_blank\" rel=\"noopener\">U18 Leichtathletik Europameisterschaften Tiflis 2016 | U18 EM Tag 3 (nur mehr 10Kampf)<\/a><br \/>\n<a href=\"https:\/\/www.facebook.com\/%C3%96LV-YOUTH-169609783108297\/photos\/?tab=album&amp;album_id=1006234422779158\" target=\"_blank\" rel=\"noopener\">U18 Leichtathletik Europameisterschaften Tiflis 2016 | U18 EM Tag 4 Vormittag (3 Disziplinen 10Kampf)<\/a><br \/>\n<a href=\"https:\/\/www.facebook.com\/%C3%96LV-YOUTH-169609783108297\/photos\/?tab=album&amp;album_id=1006531409416126\" target=\"_blank\" rel=\"noopener\">\u00d6LV | U18 EM Tag 4 Nachmittag und Abend<\/a><br \/>\n<a href=\"https:\/\/www.facebook.com\/johannes.brunner.509\/media_set?set=a.1892959230931443.1073741938.100006521540709&amp;type=3\" target=\"_blank\" rel=\"noopener\">\u00d6LV | U18 EM Athletes from czech republic<\/a><br \/>\n<a href=\"https:\/\/www.facebook.com\/johannes.brunner.509\/media_set?set=a.1893005897593443.1073741939.100006521540709&amp;type=3\" target=\"_blank\" rel=\"noopener\">\u00d6LV | U18 EM internat. Eindr\u00fccke<\/a><\/p>\n<p><a href=\"https:\/\/www.facebook.com\/swissathletics\/photos\/?tab=album&amp;album_id=1217253828319500\" target=\"_blank\" rel=\"noopener\">Swiss Athletics (Facebook) | U18-EM Tiflis: Tag 1<\/a><br \/>\n<a href=\"https:\/\/www.facebook.com\/swissathletics\/photos\/?tab=album&amp;album_id=1217992928245590\" target=\"_blank\" rel=\"noopener\">Swiss Athletics (Facebook) | U18-EM Tiflis: Tag 2<\/a><br \/>\n<a href=\"https:\/\/www.facebook.com\/swissathletics\/photos\/?tab=album&amp;album_id=1219367811441435\" target=\"_blank\" rel=\"noopener\">Swiss Athletics (Facebook) | U18-EM Tiflis: Tage 3 und 4<\/a><\/p>\n<p><a href=\"https:\/\/www.facebook.com\/johannes.brunner.509\/media_set?set=a.1890441574516542.1073741929.100006521540709&amp;type=3\" target=\"_blank\" rel=\"noopener\">U18 Leichtathletik Europameisterschaften Tiflis 2016 | Fotos (Johannes Brunner Facebook)<\/a><br \/>\n<a href=\"https:\/\/www.facebook.com\/dlvlounge\/photos\/?tab=album&amp;album_id=1140141302673500\" target=\"_blank\" rel=\"noopener\">U18-EM Tiflis 2016 | Fotos (Leichtathletik.de Facebook)<\/a><\/p>\n<h2>Videos<\/h2>\n<p><a href=\"http:\/\/tbilisi2016.com\/en\/videos\" target=\"_blank\" rel=\"noopener\">U18 Leichtathletik Europameisterschaften Tiflis 2016 | Videos<\/a><br \/>\n<a href=\"https:\/\/www.facebook.com\/EuropeanAthletics\/videos\" target=\"_blank\" rel=\"noopener\">U18 Leichtathletik Europameisterschaften Tiflis 2016 | Videos (European Athletics)<\/a><\/p>\n<p><a href=\"https:\/\/www.youtube.com\/channel\/UCN8UETCdpFBdodXeYsU65gA\/videos\" target=\"_blank\" rel=\"noopener\">U18 Leichtathletik Europameisterschaften Tiflis 2016 | Youtube (Athletics World)<\/a><br \/>\n<a href=\"https:\/\/www.youtube.com\/channel\/UCN8UETCdpFBdodXeYsU65gA\/videos\" target=\"_blank\" rel=\"noopener\">U18 Leichtathletik Europameisterschaften Tiflis 2016 | Youtube (Athletics World)<\/a><\/p>\n<h2>Bericht<\/h2>\n<h4>Tag 1<\/h4>\n<p>Nach den 100m H\u00fcrden liegt Sarah Lagger (Zehnkampf Union) in <a href=\"http:\/\/eych2016.domtel-sport.pl\/?seria=1&amp;dzien=2016-07-14&amp;runda=1&amp;konkurencja=WK100p%C5%82&amp;impreza=6&amp;rank=1\" target=\"_blank\" rel=\"noopener\">14,30s auf Rang 10<\/a>. Isabel Posch (TS Lustenau) folgt mit 14,59s auf Rang 13. Im Hochsprung gab es 1,76m (=SB) f\u00fcr Sarah Lagger und im Kugelsto\u00df eine neue <a href=\"http:\/\/eych2016.domtel-sport.pl\/?seria=1&amp;dzien=2016-07-14&amp;runda=1&amp;konkurencja=Wkkula&amp;impreza=6&amp;rank=1\" target=\"_blank\" rel=\"noopener\">PB mit 15,06m und damit den Disziplinensieg<\/a>. Isabel Posch schaffte im Hochsprung mit 1,58m, im Kugelsto\u00df 11,78m und \u00fcber 200m in 25,54s eine neue PB. Sarah Lagger beendete den ersten Wettkampftag in 24,92s \u00fcber 200m und <a href=\"http:\/\/eych2016.domtel-sport.pl\/pdf\/WK200_1_r.pdf\" target=\"_blank\" rel=\"noopener\">3623 Punkten auf Rang 1!<\/a> Isabel Posch liegt mit 3094 Punkten auf Rang 20 und Bestleistungskurs.<\/p>\n<p>Chukwuma Nnamdi (ULC Riverside M\u00f6dling) lief im <a href=\"http:\/\/eych2016.domtel-sport.pl\/?seria=1&amp;runda=1&amp;konkurencja=M100&amp;dzien=2016-07-14&amp;impreza=6\" target=\"_blank\" rel=\"noopener\">ersten 100m Vorlauf<\/a> in 11,40s auf Rang 8. Isaac Asare (Union Salzburg) lief im <a href=\"http:\/\/eych2016.domtel-sport.pl\/?seria=3&amp;dzien=2016-07-14&amp;runda=1&amp;konkurencja=M100&amp;impreza=6\" target=\"_blank\" rel=\"noopener\">dritten Vorlauf \u00fcber 100m<\/a> in 11,27s auf Rang 7. Magdalena Lindner (ULV Krems) lief <a href=\"http:\/\/eych2016.domtel-sport.pl\/?seria=2&amp;dzien=2016-07-14&amp;runda=1&amp;konkurencja=K100&amp;impreza=6&amp;rank=1\" target=\"_blank\" rel=\"noopener\">12,34s im 2. Vorlauf<\/a> und verpasste damit das Semifinale um 12\/100s.<\/p>\n<p>Cornelia Wohlfahrt (LAC Klagenfurt) qualifizierte sich mit <a href=\"http:\/\/eych2016.domtel-sport.pl\/?seria=2&amp;dzien=2016-07-14&amp;runda=1&amp;konkurencja=K800&amp;impreza=6&amp;rank=1\" target=\"_blank\" rel=\"noopener\">2:14,64 \u00fcber die Zeitregel<\/a> f\u00fcr das morgige 800m Semifinale. Albert Kokaly lief im zweiten 1500m Vorlauf in <a href=\"http:\/\/eych2016.domtel-sport.pl\/?seria=2&amp;dzien=2016-07-14&amp;runda=1&amp;konkurencja=M1500&amp;impreza=6\" target=\"_blank\" rel=\"noopener\">4:06,54 auf Rang 9<\/a> und verpasste den <a href=\"http:\/\/eych2016.domtel-sport.pl\/?seria=2&amp;dzien=2016-07-14&amp;runda=1&amp;konkurencja=M1500&amp;impreza=6&amp;rank=1\" target=\"_blank\" rel=\"noopener\">Endlauf um 3,67s<\/a>. Katharina Pesendorfer (SVS-Leichtathletik) lief in <a href=\"http:\/\/eych2016.domtel-sport.pl\/?seria=1&amp;runda=1&amp;konkurencja=K2000p&amp;dzien=2016-07-14&amp;impreza=6\" target=\"_blank\" rel=\"noopener\">7:13,37 auf Rang 13 im ersten 2000m Hindernis Vorlauf<\/a>. Lisa Oberndorfer (LCAV Jodl packaging) lief im <a href=\"http:\/\/eych2016.domtel-sport.pl\/?seria=2&amp;dzien=2016-07-14&amp;runda=1&amp;konkurencja=K2000p&amp;impreza=6\" target=\"_blank\" rel=\"noopener\">zweiten Vorlauf auf Rang 14 in 7:29,03<\/a>.<\/p>\n<p><a href=\"http:\/\/www.oelv.at\/news\/detail.php?id=5818\" target=\"_blank\" rel=\"noopener\">\u00d6LV | 1. Tag der U18-EM in Tiflis<\/a><\/p>\n<p><a href=\"https:\/\/www.leichtathletik.de\/news\/news\/detail\/u18-em-tag-1-dlv-youngsters-in-den-vorrunden\/\" target=\"_blank\" rel=\"noopener\">Leichtathletik.de | U18-EM Tag 1 \u2013 DLV-Youngsters in den Vorrunden<\/a><br \/>\n<a href=\"https:\/\/www.leichtathletik.de\/news\/news\/detail\/u18-em-tag-1-dlv-youngsters-in-den-finals\/\" target=\"_blank\" rel=\"noopener\">Leichtathletik.de | U18-EM Tag 1 \u2013 DLV-Youngsters in den Finals<\/a><br \/>\n<a href=\"http:\/\/www.swiss-athletics.ch\/de\/nachwuchs\/u18-em-judith-goll-und-jarod-biya-ueberzeugen.html\" target=\"_blank\" rel=\"noopener\">Swiss Athletics | U18-EM: Judith Goll und Jarod Biya \u00fcberzeugen<\/a><br \/>\n<a href=\"http:\/\/www.european-athletics.org\/competitions\/european-athletics-youth-championships\/news\/article=bibic-leaves-his-mark-tbilisi\/\" target=\"_blank\" rel=\"noopener\">European Athletics | Bibic leaves his mark in Tbilisi<\/a><\/p>\n<p><a href=\"https:\/\/www.youtube.com\/watch?v=BR_IDknlGXU\" target=\"_blank\" rel=\"noopener\">European Athletics | Great Tbilisi EYCH 2016 LIVE<\/a><\/p>\n<h4>Tag 2 &#8211; Silber f\u00fcr Sarah Lagger mit 6175 Punkten!<\/h4>\n<p>Cornelia Wohlfahrt (LAC Klagenfurt) holte mit <a href=\"http:\/\/eych2016.domtel-sport.pl\/pdf\/K800_2_r.pdf\" target=\"_blank\" rel=\"noopener\">2:13,93 Platz 10 \u00fcber 800m<\/a>. Sp\u00e4ter lief Cornelia noch im 3000m Finale in 10:37,73 auf Rang 15.<\/p>\n<p>Stefan Schmid (SVS-Leichtathletik) lief als 3.ter des <a href=\"http:\/\/eych2016.domtel-sport.pl\/?seria=1&amp;dzien=2016-07-15&amp;runda=1&amp;konkurencja=M2000p&amp;impreza=6\" target=\"_blank\" rel=\"noopener\">ersten Vorlaufs in 6:01,21<\/a> souver\u00e4n f\u00fcr das Finale.<br \/>\nMagdalena Lindner (ULV Krems) verpasste in <a href=\"http:\/\/eych2016.domtel-sport.pl\/?seria=2&amp;dzien=2016-07-15&amp;runda=1&amp;konkurencja=K200&amp;impreza=6&amp;rank=1\" target=\"_blank\" rel=\"noopener\">25,23s auf Platz 27<\/a> den Semifinaleinzug \u00fcber 200m um 23\/100s. Isaac Asare (Union Salzburg) lief im <a href=\"http:\/\/eych2016.domtel-sport.pl\/?seria=1&amp;runda=1&amp;konkurencja=M200&amp;dzien=2016-07-15&amp;impreza=6\" target=\"_blank\" rel=\"noopener\">ersten Vorlauf \u00fcber 200m<\/a> auf Rang 5 in 22,50s.<\/p>\n<p>Sarah Lagger holte sich die <a href=\"http:\/\/eych2016.domtel-sport.pl\/?seria=4&amp;runda=3&amp;konkurencja=WK7&amp;dzien=2016-07-15&amp;impreza=6\" target=\"_blank\" rel=\"noopener\">Silbermedaille mit neuer PB von 6175 Punkten<\/a> und nur 11 Punkten R\u00fcckstand auf die erste U18 Europameisterin Alina Shukh (UKR). Isabel Posch folgte mit 5225 Punkten auf Rang 18.<\/p>\n<p><a href=\"http:\/\/www.oelv.at\/news\/detail.php?id=5819\" target=\"_blank\" rel=\"noopener\">\u00d6LV | 2. Tag f\u00fcr \u00d6LV-Nachwuchs bei U18-EM in Tiflis<\/a><br \/>\n<a href=\"http:\/\/www.oelv.at\/news\/detail.php?id=5821\" target=\"_blank\" rel=\"noopener\">\u00d6LV | Sarah Lagger eroberte Siebenkampf-Silber bei der U18-EM<\/a><\/p>\n<p><a href=\"https:\/\/www.leichtathletik.de\/news\/news\/detail\/u18-em-tag-2-dlv-youngsters-in-den-vorrunden\/\" target=\"_blank\" rel=\"noopener\">Leichtathletik.de | U18-EM Tag 2 \u2013 DLV-Youngsters in den Vorrunden<\/a><br \/>\n<a href=\"https:\/\/www.leichtathletik.de\/news\/news\/detail\/u18-em-tag-2-dlv-youngsters-in-den-finals\/\" target=\"_blank\" rel=\"noopener\">Leichtathletik.de | U18-EM Tag 2 \u2013 DLV-Youngsters in den Finals<\/a><br \/>\n<a href=\"https:\/\/www.leichtathletik.de\/news\/news\/detail\/amelie-doebler-holt-mit-team-im-ruecken-silber\/\" target=\"_blank\" rel=\"noopener\">Leichtathletik.de | Amelie D\u00f6bler holt mit Team im R\u00fccken Silber<\/a><br \/>\n<a href=\"https:\/\/www.leichtathletik.de\/news\/news\/detail\/marvin-schulte-sprintet-mit-bestzeit-nummer-drei-zu-gold\/\" target=\"_blank\" rel=\"noopener\">Leichtathletik.de | Marvin Schulte sprintet mit Bestzeit Nummer drei zu Gold<\/a><br \/>\n<a href=\"https:\/\/www.leichtathletik.de\/news\/news\/detail\/keshia-kwadwo-kroent-sich-zur-u18-europameisterin\/\" target=\"_blank\" rel=\"noopener\">Leichtathletik.de | Keshia Kwadwo kr\u00f6nt sich zur U18-Europameisterin<\/a><br \/>\n<a href=\"http:\/\/www.swiss-athletics.ch\/de\/nachwuchs\/delia-sclabas-erste-schweizer-u18-europameisterin.html\" target=\"_blank\" rel=\"noopener\">Swiss Athletics | Delia Sclabas erste Schweizer U18-Europameisterin!<\/a><br \/>\n<a href=\"http:\/\/www.european-athletics.org\/competitions\/european-athletics-youth-championships\/news\/article=shukh-beats-lagger-for-the-title-and-the-record-tbilisi\/\" target=\"_blank\" rel=\"noopener\">European Athletics | Shukh beats Lagger for the title and the record in Tbilisi<\/a><\/p>\n<p><iframe loading=\"lazy\" style=\"border: none; overflow: hidden;\" src=\"https:\/\/www.facebook.com\/plugins\/video.php?href=https%3A%2F%2Fwww.facebook.com%2FEuropeanAthletics%2Fvideos%2F10154215947701181%2F&amp;show_text=0&amp;width=560\" width=\"560\" height=\"315\" frameborder=\"0\" scrolling=\"no\" allowfullscreen=\"allowfullscreen\"><\/iframe><\/p>\n<p><a href=\"https:\/\/www.youtube.com\/watch?v=0AGEg4Nby8M\" target=\"_blank\" rel=\"noopener\">European Athletics | Great Tbilisi EYCH 2016 LIVE &#8211; Tag 2<\/a><\/p>\n<h4>Tag 3<\/h4>\n<p>Patrica Madl (SU IGLA long life) wirf mit <a href=\"http:\/\/eych2016.domtel-sport.pl\/?seria=1&amp;dzien=2016-07-16&amp;runda=1&amp;konkurencja=Ko&amp;impreza=6\" target=\"_blank\" rel=\"noopener\">46,39m auf Rang 8<\/a> der ersten Speerwurfgruppe. Noemi Luyer (Union Pottenstein) warf mit <a href=\"http:\/\/eych2016.domtel-sport.pl\/?seria=2&amp;dzien=2016-07-16&amp;runda=1&amp;konkurencja=Ko&amp;impreza=6\" target=\"_blank\" rel=\"noopener\">47,65m auf Rang 7 der zweiten Gruppe<\/a>. Beide verpassen damit das <a href=\"http:\/\/eych2016.domtel-sport.pl\/?seria=2&amp;dzien=2016-07-16&amp;runda=1&amp;konkurencja=Ko&amp;impreza=6&amp;rank=1\" target=\"_blank\" rel=\"noopener\">Finale wof\u00fcr 48,45m n\u00f6tig waren.<\/a><\/p>\n<p>Leon Okafor (Zehnkampf Union) legt einen sensationellen ersten Zehnkampftag hin und \u00fcbernachtet mit <a href=\"http:\/\/eych2016.domtel-sport.pl\/?seria=4&amp;runda=3&amp;konkurencja=WM10&amp;dzien=2016-07-17&amp;impreza=6\" target=\"_blank\" rel=\"noopener\">3819 Punkten auf Rang 5<\/a>.<\/p>\n<p><a href=\"http:\/\/www.oelv.at\/news\/detail.php?id=5822\" target=\"_blank\" rel=\"noopener\">\u00d6LV | 3. Tag der U18-EM in Tiflis<\/a><\/p>\n<p><a href=\"https:\/\/www.leichtathletik.de\/news\/news\/detail\/u18-em-tag-3-dlv-youngsters-in-den-vorrunden\/\" target=\"_blank\" rel=\"noopener\">Leichtathletik.de | U18-EM Tag 3 \u2013 DLV-Youngsters in den Vorrunden<\/a><br \/>\n<a href=\"https:\/\/www.leichtathletik.de\/news\/news\/detail\/u18-em-tag-3-dlv-youngsters-in-den-finals\/\" target=\"_blank\" rel=\"noopener\">Leichtathletik.de | U18-EM Tag 3 \u2013 DLV-Youngsters in den Finals<\/a><br \/>\n<a href=\"https:\/\/www.leichtathletik.de\/news\/news\/detail\/jule-steuer-holt-silber-mit-der-kugel\/\" target=\"_blank\" rel=\"noopener\">Leichtathletik.de | Jule Steuer holt Silber mit der Kugel<\/a><br \/>\n<a href=\"https:\/\/www.leichtathletik.de\/news\/news\/detail\/lucas-mihota-fliegt-zur-goldmedaille\/\" target=\"_blank\" rel=\"noopener\">Leichtathletik.de | Lucas Mihota fliegt zur Goldmedaille<\/a><br \/>\n<a href=\"http:\/\/www.european-athletics.org\/competitions\/european-athletics-youth-championships\/news\/article=miklos-and-mignon-show-their-speed-tbilisi\/\" target=\"_blank\" rel=\"noopener\">European Athletics | Miklos and Mignon show their speed in Tbilisi<\/a><\/p>\n<p><a href=\"https:\/\/www.youtube.com\/watch?v=QLZYuNkZphU\" target=\"_blank\" rel=\"noopener\">European Athletics | Great Tbilisi EYCH 2016 LIVE &#8211; Tag 3<\/a><\/p>\n<h4>Tag 4 &#8211; Silber f\u00fcr Stefan Schmid, Bronze f\u00fcr Leon Okafor!<\/h4>\n<p>Stefan Schmid (SVS-Leichtathletik) holte sich mit neuer PB von <a href=\"http:\/\/eych2016.domtel-sport.pl\/?seria=0&amp;runda=3&amp;konkurencja=M2000p&amp;dzien=2016-07-17&amp;impreza=6\" target=\"_blank\" rel=\"noopener\">5:54,79 Silber \u00fcber 2000m Hindernis<\/a>.<\/p>\n<p>Leon Okafor (Zehnkampf Union) holte sich Bronze im Zehnkampf <a href=\"http:\/\/eych2016.domtel-sport.pl\/?seria=4&amp;runda=3&amp;konkurencja=WM10&amp;dzien=2016-07-17&amp;impreza=6\" target=\"_blank\" rel=\"noopener\">mit 7232 Punkten<\/a>!<\/p>\n<p>Riccardo Klotz (ATSV Innsbruck) belegte <a href=\"http:\/\/eych2016.domtel-sport.pl\/?seria=0&amp;runda=3&amp;konkurencja=Mt&amp;dzien=2016-07-17&amp;impreza=6\" target=\"_blank\" rel=\"noopener\">Rang 6 im Stabhochsprung mit 4,80m.<\/a><\/p>\n<p><a href=\"http:\/\/www.oelv.at\/news\/detail.php?id=5824\" target=\"_blank\" rel=\"noopener\">\u00d6LV | Silber und Bronze f\u00fcr \u00d6LV-Nachwuchs am 4. Tag der U18-EM in Tiflis<\/a><\/p>\n<p><a href=\"https:\/\/www.leichtathletik.de\/news\/news\/detail\/u18-em-tag-4-dlv-youngsters-in-den-finals\/\" target=\"_blank\" rel=\"noopener\">Leichtathletik.de | U18-EM Tag 4 \u2013 DLV-Youngsters in den Finals<\/a><br \/>\n<a href=\"https:\/\/www.leichtathletik.de\/news\/news\/detail\/dlv-diskuswerfer-raeumen-silber-und-bronze-ab\/\" target=\"_blank\" rel=\"noopener\">Leichtathletik.de | DLV-Diskuswerfer r\u00e4umen Silber und Bronze ab<\/a><br \/>\n<a href=\"https:\/\/www.leichtathletik.de\/news\/news\/detail\/emil-agyekum-schnappt-sich-mit-starkem-finish-bronze\/\" target=\"_blank\" rel=\"noopener\">Leichtathletik.de | Emil Agyekum schnappt sich mit starkem Finish Bronze<\/a><br \/>\n<a href=\"https:\/\/www.leichtathletik.de\/news\/news\/detail\/manuel-wagner-erkaempft-sich-zehnkampf-gold\/\" target=\"_blank\" rel=\"noopener\">Leichtathletik.de | Manuel Wagner erk\u00e4mpft sich Zehnkampf-Gold<\/a><br \/>\n<a href=\"https:\/\/www.leichtathletik.de\/news\/news\/detail\/silber-bo-kanda-lita-baehre-nimmt-es-mit-u18-weltrekordler-auf\/\" target=\"_blank\" rel=\"noopener\">Leichtathletik.de | Silber: Bo Kanda Lita Baehre nimmt es mit U18-Weltrekordler auf<\/a><br \/>\n<a href=\"https:\/\/www.leichtathletik.de\/news\/news\/detail\/keshia-kwadwo-und-marvin-schulte-unser-bisheriges-highlight\/\" target=\"_blank\" rel=\"noopener\">Leichtathletik.de | Keshia Kwadwo und Marvin Schulte: \u201eUnser bisheriges Highlight\u201c<\/a><br \/>\n<a href=\"https:\/\/www.leichtathletik.de\/news\/news\/detail\/dlv-team-glaenzt-in-tiflis-mit-zehn-medaillen\/\" target=\"_blank\" rel=\"noopener\">Leichtathletik.de | DLV-Team gl\u00e4nzt in Tiflis mit zehn Medaillen<\/a><\/p>\n<p><a href=\"http:\/\/www.iaaf.org\/news\/report\/shukh-heptathlon-wyb\" target=\"_blank\" rel=\"noopener\">IAAF | Shukh heptathlon world youth best the highlight of the 2016 European Youth Championships<\/a><\/p>\n","protected":false},"excerpt":{"rendered":"<p>U18 Leichtathletik Europameisterschaften Tiflis 2016 Vorschau 7 Burschen und 8 M\u00e4dchen, sowie rund 16 \u00d6LV-Betreuer machen sich auf die Reise zur 1. Leichtathletik U18-EM nach Tiflis. Die gr\u00f6\u00dften Chancen auf Medaillen im \u00d6LV-Team hat voraussichtlich die erste U18-WM Medaillengewinnern aus <a class=\"more-link\" href=\"https:\/\/trackandfield.bplaced.net\/blog\/2016\/07\/european-athletics-youth-championships-tbilisi-2016-tv-livestream-live-ergebnisse-startlisten-zeitplan-oelv-team\/\"><span class=\"screen-reader-text\">  European Athletics Youth Championships Tbilisi 2016 &#8211; TV + Livestream \/ Live-Ergebnisse \/ Startlisten \/ Zeitplan + \u00d6LV Team<\/span> weiterlesen<span class=\"meta-nav\">&rarr;<\/span><\/a><\/p>\n","protected":false},"author":1,"featured_media":0,"comment_status":"closed","ping_status":"closed","sticky":false,"template":"","format":"standard","meta":{"footnotes":""},"categories":[7],"tags":[2029,2132,2133,2091,2053,342,2128,2125,2130,1747,1748,1673,2115,2117,140,2116,2129,2126,2127,2131,2118,2114,1663,1714,1442,1637,1744],"class_list":["post-14634","post","type-post","status-publish","format-standard","hentry","category-international","tag-albert-kokaly","tag-alexandra-emelianov","tag-alina-shukh","tag-chukwuma-nnamdi","tag-cornelia-wohlfahrt","tag-eaa","tag-elzan-bibic","tag-emmanouil-karalis","tag-georgiana-iuliana-anitei","tag-isaac-asare","tag-isabel-posch","tag-katharina-pesendorfer","tag-leon-okafor","tag-lisa-oberndorfer","tag-livestream","tag-magdalena-lindner","tag-manuel-wagner","tag-matiss-velps","tag-mykhailo-havryliuk","tag-nika-glojnaric","tag-noemi-luyer","tag-pascal-kobelt","tag-patricia-madl","tag-riccardo-klotz","tag-sarah-lagger","tag-stefan-schmid","tag-tiflis"],"_links":{"self":[{"href":"https:\/\/trackandfield.bplaced.net\/blog\/wp-json\/wp\/v2\/posts\/14634","targetHints":{"allow":["GET"]}}],"collection":[{"href":"https:\/\/trackandfield.bplaced.net\/blog\/wp-json\/wp\/v2\/posts"}],"about":[{"href":"https:\/\/trackandfield.bplaced.net\/blog\/wp-json\/wp\/v2\/types\/post"}],"author":[{"embeddable":true,"href":"https:\/\/trackandfield.bplaced.net\/blog\/wp-json\/wp\/v2\/users\/1"}],"replies":[{"embeddable":true,"href":"https:\/\/trackandfield.bplaced.net\/blog\/wp-json\/wp\/v2\/comments?post=14634"}],"version-history":[{"count":2,"href":"https:\/\/trackandfield.bplaced.net\/blog\/wp-json\/wp\/v2\/posts\/14634\/revisions"}],"predecessor-version":[{"id":40091,"href":"https:\/\/trackandfield.bplaced.net\/blog\/wp-json\/wp\/v2\/posts\/14634\/revisions\/40091"}],"wp:attachment":[{"href":"https:\/\/trackandfield.bplaced.net\/blog\/wp-json\/wp\/v2\/media?parent=14634"}],"wp:term":[{"taxonomy":"category","embeddable":true,"href":"https:\/\/trackandfield.bplaced.net\/blog\/wp-json\/wp\/v2\/categories?post=14634"},{"taxonomy":"post_tag","embeddable":true,"href":"https:\/\/trackandfield.bplaced.net\/blog\/wp-json\/wp\/v2\/tags?post=14634"}],"curies":[{"name":"wp","href":"https:\/\/api.w.org\/{rel}","templated":true}]}}