{"id":14970,"date":"2016-09-10T20:59:28","date_gmt":"2016-09-10T18:59:28","guid":{"rendered":"http:\/\/trackandfield.bplaced.net\/?p=14970"},"modified":"2026-01-17T11:55:10","modified_gmt":"2026-01-17T10:55:10","slug":"berlin-fliegt-2016-tv-livestream-teilnehmerliste-ergebnisse","status":"publish","type":"post","link":"https:\/\/trackandfield.bplaced.net\/blog\/2016\/09\/berlin-fliegt-2016-tv-livestream-teilnehmerliste-ergebnisse\/","title":{"rendered":"Berlin fliegt! 2016 &#8211; TV + Livestream \/ Teilnehmerliste \/ Ergebnisse"},"content":{"rendered":"<h1><a href=\"http:\/\/www.leichtathletik.de\/termine\/top-events\/berlin-fliegt-2016\/\" target=\"_blank\" rel=\"noopener\">Berlin fliegt! 2016<\/a><\/h1>\n<h2>Vorschau<\/h2>\n<p>Heuer fliegt man im Berlin nicht nur im Sprungbereich sondern auch im Sprint, allerdings geht es hier nicht um eine Zeit sondern um die erreichte H\u00f6chstgeschwindigkeit. Zus\u00e4tzlich stehen der Frauen Weitsprung und M\u00e4nner Stabhochsprung am Programm.<\/p>\n<p><a href=\"https:\/\/www.leichtathletik.de\/news\/news\/detail\/julian-reus-will-mit-vollgas-durch-die-radarmessung\/\" target=\"_blank\" rel=\"noopener\">Leichtathletik.de | Julian Reus will mit Vollgas durch die Radarmessung<\/a><br \/>\n<a href=\"https:\/\/www.leichtathletik.de\/news\/news\/detail\/berlin-fliegt-am-11-september-mit-top-besetzung\/\" target=\"_blank\" rel=\"noopener\">Leichtathletik.de | \u201eBerlin fliegt!\u201c am 11. September mit Top-Besetzung<\/a><br \/>\n<a href=\"https:\/\/www.leichtathletik.de\/news\/news\/detail\/berlin-fliegt-am-11-september-jeder-versuch-zaehlt\/\" target=\"_blank\" rel=\"noopener\">Leichtathletik.de | \u201eBerlin fliegt!\u201c am 11. September: Jeder Versuch z\u00e4hlt<\/a><br \/>\n<a href=\"https:\/\/www.leichtathletik.de\/news\/news\/detail\/julian-reus-sprintet-bei-berlin-fliegt\/\" target=\"_blank\" rel=\"noopener\">Leichtathletik.de | Julian Reus sprintet bei \u201eBerlin fliegt!\u201c<\/a><br \/>\n<a href=\"https:\/\/www.leichtathletik.de\/news\/news\/detail\/fuenf-leichtathletik-topnationen-bei-innovationsshow-berlin-fliegt\/\" target=\"_blank\" rel=\"noopener\">Leichtathletik.de | F\u00fcnf Leichtathletik-Topnationen bei Innovationsshow \u201eBerlin fliegt!\u201c<\/a><\/p>\n<h2>TV + &#8222;Livestream&#8220; &#8211; Sonntag 11.09.2016<\/h2>\n<p>ARD zeigt 100 Minuten vom L\u00e4nderkampf am Berliner Brandenburger Tor ca. zwischen 13:20 und 15 Uhr.<\/p>\n<p>Geoblock?:<br \/>\n<a href=\"http:\/\/www.daserste.de\/live\/index.html\" target=\"_blank\" rel=\"noopener\">Berlin fliegt! 2016 | Livestream (ARD)<\/a><\/p>\n<p>Weltweit:<br \/>\n<a href=\"http:\/\/schoener-fernsehen.com\/tv\/stream\/ARD\" target=\"_blank\" rel=\"noopener\">Berlin fliegt! 2016 | Livestream (ARD)<\/a><br \/>\n<a href=\"http:\/\/schoener-fernsehen.com\/html5\/stream\/ard\/\" target=\"_blank\" rel=\"noopener\">Berlin fliegt! 2016 | Livestream (ARD)<\/a><\/p>\n<h2>Ergebnisse \/ Teilnehmer \/ Modus \/ Athletenportraits<\/h2>\n<p><a href=\"http:\/\/www.leichtathletik.de\/termine\/top-events\/berlin-fliegt-2016\/ergebnisse\/\" target=\"_blank\" rel=\"noopener\">Berlin fliegt! 2016 | Ergebnisse<\/a><br \/>\n<a href=\"http:\/\/www.leichtathletik.de\/termine\/top-events\/berlin-fliegt-2016\/teilnehmer\/\" target=\"_blank\" rel=\"noopener\">Berlin fliegt! 2016 | Teilnehmer<\/a><br \/>\n<a href=\"http:\/\/www.leichtathletik.de\/termine\/top-events\/berlin-fliegt-2016\/modus\/\" target=\"_blank\" rel=\"noopener\">Berlin fliegt! 2016 | Modus<\/a><br \/>\n<a href=\"https:\/\/www.leichtathletik.de\/fileadmin\/user_upload\/03_Termine\/Top-Events\/Berlin_fliegt\/2016_Berlin-fliegt_Athletenportraets.pdf\" target=\"_blank\" rel=\"noopener\">Berlin fliegt! 2016 | Athletenportraits<\/a><\/p>\n<h2>Fotos \/ Videos<\/h2>\n<p><a href=\"http:\/\/www.leichtathletik.de\/tv\/veranstaltungen\/video-uebersicht\/veranstaltung\/berlin-fliegt-2016\/\" target=\"_blank\" rel=\"noopener\">Leichtathletik.tv | Berlin fliegt! 2016, 11.09.2016<\/a><\/p>\n<p><a href=\"https:\/\/www.youtube.com\/playlist?list=PLV7HCrp49-jy7BdWU4mH_DycCVV2ZgbGa\" target=\"_blank\" rel=\"noopener\">Berlin fliegt! | Youtube Playliste<\/a><br \/>\n<iframe loading=\"lazy\" src=\"https:\/\/www.youtube.com\/embed\/ZGYyQDI2Ik0?list=PLV7HCrp49-jy7BdWU4mH_DycCVV2ZgbGa\" width=\"560\" height=\"315\" frameborder=\"0\" allowfullscreen=\"allowfullscreen\"><\/iframe><\/p>\n<h2>Bericht<\/h2>\n<p><a href=\"https:\/\/www.leichtathletik.de\/news\/news\/detail\/dlv-trio-verteidigt-titel-vor-dem-brandenburger-tor\/\" target=\"_blank\" rel=\"noopener\">Leichtathletik.de | DLV-Trio verteidigt Titel vor dem Brandenburger Tor<\/a><\/p>\n<h1><a href=\"https:\/\/www.alsterlauf-hamburg.de\/\" target=\"_blank\" rel=\"noopener\">Hamburg 10km DM 2016<\/a><\/h1>\n<h2>Vorschau<\/h2>\n<p>W\u00e4hrend &#8222;Berlin fliegt&#8220;, &#8222;l\u00e4uft Hamburg&#8220; bei den deutschen 10km Stra\u00dfenlauf Meisterschaften im Rahmen des Barmer GEK Alsterlaufs.<\/p>\n<p><a href=\"https:\/\/www.leichtathletik.de\/news\/news\/detail\/726-starter-laufen-an-der-alster-um-die-titel\/\" target=\"_blank\" rel=\"noopener\">Leichtathletik.de | 726 Starter laufen an der Alster um die Titel<\/a><\/p>\n<h2>Ergebnisse \/ Teilnehmer<\/h2>\n<p><a href=\"http:\/\/www.dlv-xml.de\/Storage\/EventFiles\/16L00000000605103\/5188.pdf\" target=\"_blank\" rel=\"noopener\">Hamburg 10km DM 2016 | Teilnehmerliste<\/a><br \/>\n<a href=\"https:\/\/www.alsterlauf-hamburg.de\/ergebnisse\/\" target=\"_blank\" rel=\"noopener\">Hamburg 10km DM 2016 | Ergebnisse<\/a><\/p>\n<h2>Bericht<\/h2>\n<p><a href=\"https:\/\/www.leichtathletik.de\/news\/news\/detail\/florian-orth-holt-erstes-dm-gold-im-strassenlauf\/\" target=\"_blank\" rel=\"noopener\">Leichtathletik.de | Florian Orth holt erstes DM-Gold im Stra\u00dfenlauf<\/a><br \/>\n<a href=\"https:\/\/www.leichtathletik.de\/news\/news\/detail\/julian-reus-1001-sekunden-sind-schlagbar\/\" target=\"_blank\" rel=\"noopener\">Leichtathletik.de | Julian Reus: \u201e10,01 Sekunden sind schlagbar\u201c<\/a><\/p>\n","protected":false},"excerpt":{"rendered":"<p>Berlin fliegt! 2016 Vorschau Heuer fliegt man im Berlin nicht nur im Sprungbereich sondern auch im Sprint, allerdings geht es hier nicht um eine Zeit sondern um die erreichte H\u00f6chstgeschwindigkeit. Zus\u00e4tzlich stehen der Frauen Weitsprung und M\u00e4nner Stabhochsprung am Programm. <a class=\"more-link\" href=\"https:\/\/trackandfield.bplaced.net\/blog\/2016\/09\/berlin-fliegt-2016-tv-livestream-teilnehmerliste-ergebnisse\/\"><span class=\"screen-reader-text\">  Berlin fliegt! 2016 &#8211; TV + Livestream \/ Teilnehmerliste \/ Ergebnisse<\/span> weiterlesen<span class=\"meta-nav\">&rarr;<\/span><\/a><\/p>\n","protected":false},"author":1,"featured_media":0,"comment_status":"closed","ping_status":"closed","sticky":false,"template":"","format":"standard","meta":{"footnotes":""},"categories":[7],"tags":[22,1376,1302,140,1379,1532],"class_list":["post-14970","post","type-post","status-publish","format-standard","hentry","category-international","tag-berlin","tag-berlin-fliegt","tag-julian-reus","tag-livestream","tag-malaika-mihambo","tag-tobias-scherbarth"],"_links":{"self":[{"href":"https:\/\/trackandfield.bplaced.net\/blog\/wp-json\/wp\/v2\/posts\/14970","targetHints":{"allow":["GET"]}}],"collection":[{"href":"https:\/\/trackandfield.bplaced.net\/blog\/wp-json\/wp\/v2\/posts"}],"about":[{"href":"https:\/\/trackandfield.bplaced.net\/blog\/wp-json\/wp\/v2\/types\/post"}],"author":[{"embeddable":true,"href":"https:\/\/trackandfield.bplaced.net\/blog\/wp-json\/wp\/v2\/users\/1"}],"replies":[{"embeddable":true,"href":"https:\/\/trackandfield.bplaced.net\/blog\/wp-json\/wp\/v2\/comments?post=14970"}],"version-history":[{"count":1,"href":"https:\/\/trackandfield.bplaced.net\/blog\/wp-json\/wp\/v2\/posts\/14970\/revisions"}],"predecessor-version":[{"id":40143,"href":"https:\/\/trackandfield.bplaced.net\/blog\/wp-json\/wp\/v2\/posts\/14970\/revisions\/40143"}],"wp:attachment":[{"href":"https:\/\/trackandfield.bplaced.net\/blog\/wp-json\/wp\/v2\/media?parent=14970"}],"wp:term":[{"taxonomy":"category","embeddable":true,"href":"https:\/\/trackandfield.bplaced.net\/blog\/wp-json\/wp\/v2\/categories?post=14970"},{"taxonomy":"post_tag","embeddable":true,"href":"https:\/\/trackandfield.bplaced.net\/blog\/wp-json\/wp\/v2\/tags?post=14970"}],"curies":[{"name":"wp","href":"https:\/\/api.w.org\/{rel}","templated":true}]}}