{"id":15763,"date":"2017-02-10T04:54:59","date_gmt":"2017-02-10T03:54:59","guid":{"rendered":"http:\/\/trackandfield.bplaced.net\/?p=15763"},"modified":"2017-02-13T12:49:17","modified_gmt":"2017-02-13T11:49:17","slug":"istaf-indoor-berlin-2017-livestream-zeitplan-ergebnisse-videos-live-ticker-mit-lukas-weisshaidinger","status":"publish","type":"post","link":"https:\/\/trackandfield.bplaced.net\/blog\/2017\/02\/istaf-indoor-berlin-2017-livestream-zeitplan-ergebnisse-videos-live-ticker-mit-lukas-weisshaidinger\/","title":{"rendered":"ISTAF Indoor Berlin 2017 &#8211; Livestream \/ Startlisten \/ Zeitplan \/ Ergebnisse \/ Videos \/ Live-Ticker mit Lukas Wei\u00dfhaidinger"},"content":{"rendered":"<h1><a href=\"http:\/\/www.istaf-indoor.de\/\" title=\"ISTAF Indoor\" target=\"_blank\">ISTAF Indoor<\/a><\/h1>\n<h2>Vorschau<\/h2>\n<p>Am Freitag tritt Lukas Wei\u00dfhaidinger (\u00d6TB O\u00d6) bei seinem ersten Hallendiskuswettkampf, dem ISTAF Indoor, gegen die versammelte Weltelite angef\u00fchrt von Olympiasieger Christoph Harting an. Weiters sind nat\u00fcrlich auch schnelle Sprints und weite sowie hohe Spr\u00fcnge zu erwarten. Der aktuelle 6m Springer im Stabhochsprung Piotr Lisek hat ebenso zugesagt, wie Olympiasieger Thiago Braz da Silva. Renaud Lavillenie hat seine Zusage allerdings zur\u00fcckgezogen.<\/p>\n<p><a href=\"http:\/\/www.oelv.at\/news\/detail.php?id=6039\" target=\"_blank\">\u00d6LV | Lukas Wei\u00dfhaidinger heute um 21:20 Uhr beim ISTAF Indoor<\/a><br \/>\n<a href=\"http:\/\/www.oelv.at\/news\/detail.php?id=6006\" target=\"_blank\">\u00d6LV | Lukas Wei\u00dfhaidinger startet beim ISTAF Indoor<\/a><\/p>\n<p><a href=\"http:\/\/www.leichtathletik.de\/termine\/top-events\/istaf-indoor-2017-berlin\/\" target=\"_blank\">Leichtathletik.de | ISTAF Indoor Berlin 2017<\/a><\/p>\n<p><a href=\"https:\/\/www.leichtathletik.de\/news\/news\/detail\/christoph-harting-und-alexandra-wester-heiss-auf-istaf-stimmung\/\" target=\"_blank\">Leichtathletik.de | Christoph Harting und Alexandra Wester hei\u00df auf ISTAF-Stimmung<\/a><br \/>\n<a href=\"http:\/\/www.leichtathletik.de\/news\/news\/detail\/auch-piotr-lisek-hebt-beim-istaf-indoor-ab\/\" target=\"_blank\">Leichtathletik.de | Auch Piotr Lisek hebt beim ISTAF Indoor ab<\/a><br \/>\n<a href=\"https:\/\/www.leichtathletik.de\/news\/news\/detail\/deutsche-sprint-asse-messen-sich-mit-top-konkurrenz\/\" target=\"_blank\">Leichtathletik.de | Deutsche Sprint-Asse messen sich mit Top-Konkurrenz<\/a><br \/>\n<a href=\"http:\/\/www.leichtathletik.de\/news\/news\/detail\/alexandra-wester-will-das-istaf-indoor-wieder-rocken\/\" target=\"_blank\">Leichtathletik.de | Alexandra Wester will das ISTAF Indoor wieder rocken<\/a><br \/>\n<a href=\"http:\/\/www.leichtathletik.de\/news\/news\/detail\/robert-harting-sagt-fuer-istaf-indoor-ab\/\" target=\"_blank\">Leichtathletik.de | Robert Harting sagt f\u00fcr ISTAF Indoor ab<\/a><br \/>\n<a href=\"http:\/\/www.leichtathletik.de\/news\/news\/detail\/flug-show-in-berlin-olympiasieger-thiago-braz-da-silva-kommt\/\" target=\"_blank\">Leichtathletik.de | Flug-Show in Berlin: Olympiasieger Thiago Braz da Silva kommt<\/a><br \/>\n<a href=\"http:\/\/www.leichtathletik.de\/news\/news\/detail\/weltklasse-duelle-werfen-ihre-schatten-voraus\/\" target=\"_blank\">Leichtathletik.de | Weltklasse-Duelle werfen ihre Schatten voraus<\/a><br \/>\n<a href=\"http:\/\/www.leichtathletik.de\/news\/news\/detail\/erstes-harting-duell-als-olympiasieger\/\" target=\"_blank\">Leichtathletik.de | Erstes Harting-Duell als Olympiasieger<\/a><\/p>\n<p>Trailer:<br \/>\n<iframe loading=\"lazy\" width=\"560\" height=\"315\" src=\"https:\/\/www.youtube.com\/embed\/LJQkzvY03xE\" frameborder=\"0\" allowfullscreen><\/iframe><br \/>\n<iframe loading=\"lazy\" width=\"560\" height=\"315\" src=\"https:\/\/www.youtube.com\/embed\/1EBmRZQHvoc\" frameborder=\"0\" allowfullscreen><\/iframe><br \/>\n<video width=\"560\" height=\"315\" controls preload=\"none\" poster=\"http:\/\/www.rbb-online.de\/content\/dam\/rbb\/rbb\/fernsehen\/sportplatz\/2017\/2017_01\/Istaf-indoor.jpg.jpg\/size=708x398.jpg\" autobuffer><source src=\"http:\/\/media-stream-pmd.rbb-online.de\/content\/84641abd-66bc-4351-a46c-d22a0d93d3ec_69659ffd-28da-49a5-ae63-af982ae0f1ed.mp4\" type='video\/mp4'\/><\/video><\/p>\n<h2>Livestream 10.02.2017 ab 18 Uhr<\/h2>\n<p><a href=\"http:\/\/www.rbb-online.de\/rbbsportplatz\/themen\/livestream_istaf_indoor.html\" target=\"_blank\">ISTAF Indoor 2017 | RBB Livestream<\/a><\/p>\n<p>M\u00f6glicherweise gibt es im TV eine Zusammenfassung im RBB Sportplatz am Sonntag zwischen 22-22:40 Uhr eine Zusammenfassung.<\/p>\n<h2>Startlisten \/ Zeitplan \/ Ergebnisse \/ Live-Ticker<\/h2>\n<p><a href=\"http:\/\/www.istaf-indoor.de\/de.html\" target=\"_blank\">ISTAF Indoor Berlin 2017 | Live-Ergebnisse<\/a><br \/>\n<a href=\"https:\/\/twitter.com\/ISTAF_Berlin\" target=\"_blank\">ISTAF Indoor Berlin 2017 | Live-Ticker ISTAF<\/a><br \/>\n<a href=\"https:\/\/twitter.com\/dlv_live\" target=\"_blank\">ISTAF Indoor Berlin 2017 | Live-Ticker DLV<\/a><br \/>\n<a href=\"http:\/\/www.istaf-indoor.de\/zeitplan\/\" target=\"_blank\">ISTAF Indoor Berlin 2017 | Zeitplan<\/a><br \/>\n<a href=\"http:\/\/www.istaf-indoor.de\/startlisten\/\" target=\"_blank\">ISTAF Indoor Berlin 2017 | Startlisten<\/a><\/p>\n<h2>Fotos \/ Videos<\/h2>\n<p><a href=\"http:\/\/www.istaf-indoor.de\/videos\/\" target=\"_blank\">ISTAF Indoor Berlin 2017 | Videos<\/a><br \/>\n<a href=\"http:\/\/www.istaf-indoor.de\/bild-galerie\/\" target=\"_blank\">ISTAF Indoor Berlin 2017 | Fotos<\/a><br \/>\n<a href=\"http:\/\/www.leichtathletik.de\/tv\/veranstaltungen\/video-uebersicht\/veranstaltung\/istaf-indoor\/\" target=\"_blank\">Leichtathletik.tv | ISTAF Indoor, 10.02.2017<\/a><\/p>\n<p><a href=\"https:\/\/www.youtube.com\/playlist?list=PLV7HCrp49-jwMtbFash5yHxxU0Y3ia6pZ\" target=\"_blank\">TV \u00dcbertragungen von 2016 &#038; 2014:<\/a><br \/>\n<iframe loading=\"lazy\" width=\"560\" height=\"315\" src=\"https:\/\/www.youtube.com\/embed\/videoseries?list=PLV7HCrp49-jwMtbFash5yHxxU0Y3ia6pZ\" frameborder=\"0\" allowfullscreen><\/iframe><\/p>\n<h2>Bericht<\/h2>\n<p>Lukas Wei\u00dfhaidinger (\u00d6TB O\u00d6 LA) beendete den Diskuswurf auf Rang 3 mit 62,23m im 5.ten Versuch.<\/p>\n<p><a href=\"http:\/\/www.oelv.at\/news\/detail.php?id=6041\" target=\"_blank\">\u00d6LV | Lukas Wei\u00dfhaidinger beim ISTAF Indoor auf Rang 3<\/a><br \/>\n<a href=\"https:\/\/www.leichtathletik.de\/news\/news\/detail\/weite-saetze-und-starke-huerdensprints-dlv-asse-in-form-fuer-belgrad\/\" target=\"_blank\">Leichtathletik.de | Weite S\u00e4tze und starke H\u00fcrdensprints \u2013 DLV-Asse in Form f\u00fcr Belgrad<\/a><br \/>\n<a href=\"https:\/\/www.leichtathletik.de\/news\/news\/detail\/claudia-salman-rath-ueberrascht-sich-selbst\/\" target=\"_blank\">Leichtathletik.de | Claudia Salman-Rath \u00fcberrascht sich selbst<\/a><br \/>\n<a href=\"https:\/\/www.iaaf.org\/news\/report\/spanovic-world-lead-berlin-istaf-indoor\" target=\"_blank\">IAAF | Spanovic leaps to world lead in Berlin<\/a><\/p>\n","protected":false},"excerpt":{"rendered":"<p>ISTAF Indoor Vorschau Am Freitag tritt Lukas Wei\u00dfhaidinger (\u00d6TB O\u00d6) bei seinem ersten Hallendiskuswettkampf, dem ISTAF Indoor, gegen die versammelte Weltelite angef\u00fchrt von Olympiasieger Christoph Harting an. Weiters sind nat\u00fcrlich auch schnelle Sprints und weite sowie hohe Spr\u00fcnge zu erwarten. <a class=\"more-link\" href=\"https:\/\/trackandfield.bplaced.net\/blog\/2017\/02\/istaf-indoor-berlin-2017-livestream-zeitplan-ergebnisse-videos-live-ticker-mit-lukas-weisshaidinger\/\"><span class=\"screen-reader-text\">  ISTAF Indoor Berlin 2017 &#8211; Livestream \/ Startlisten \/ Zeitplan \/ Ergebnisse \/ Videos \/ Live-Ticker mit Lukas Wei\u00dfhaidinger<\/span> weiterlesen<span class=\"meta-nav\">&rarr;<\/span><\/a><\/p>\n","protected":false},"author":1,"featured_media":0,"comment_status":"closed","ping_status":"closed","sticky":false,"template":"","format":"standard","meta":{"footnotes":""},"categories":[7],"tags":[1896,22,2197,1540,2215,1348,515,376,1386,830,2465,140,119,2484,2195,1016,1621,735,373,1019,1144,2198],"class_list":["post-15763","post","type-post","status-publish","format-standard","hentry","category-international","tag-alexandra-wester","tag-berlin","tag-christoph-harting","tag-cindy-roleder","tag-daniel-jasinski","tag-gina-lueckenkemper","tag-indoor","tag-istaf","tag-ivana-spanovic","tag-kim-collins","tag-lisa-mayer","tag-livestream","tag-lukas-weishaidinger","tag-marie-josee-ta-lou","tag-piotr-malachowski","tag-raphael-holzdeppe","tag-rebekka-haase","tag-renaud-lavillenie","tag-sally-pearson","tag-sosthene-moguenara","tag-tatjana-pinto","tag-thiago-braz-da-silva"],"_links":{"self":[{"href":"https:\/\/trackandfield.bplaced.net\/blog\/wp-json\/wp\/v2\/posts\/15763","targetHints":{"allow":["GET"]}}],"collection":[{"href":"https:\/\/trackandfield.bplaced.net\/blog\/wp-json\/wp\/v2\/posts"}],"about":[{"href":"https:\/\/trackandfield.bplaced.net\/blog\/wp-json\/wp\/v2\/types\/post"}],"author":[{"embeddable":true,"href":"https:\/\/trackandfield.bplaced.net\/blog\/wp-json\/wp\/v2\/users\/1"}],"replies":[{"embeddable":true,"href":"https:\/\/trackandfield.bplaced.net\/blog\/wp-json\/wp\/v2\/comments?post=15763"}],"version-history":[{"count":0,"href":"https:\/\/trackandfield.bplaced.net\/blog\/wp-json\/wp\/v2\/posts\/15763\/revisions"}],"wp:attachment":[{"href":"https:\/\/trackandfield.bplaced.net\/blog\/wp-json\/wp\/v2\/media?parent=15763"}],"wp:term":[{"taxonomy":"category","embeddable":true,"href":"https:\/\/trackandfield.bplaced.net\/blog\/wp-json\/wp\/v2\/categories?post=15763"},{"taxonomy":"post_tag","embeddable":true,"href":"https:\/\/trackandfield.bplaced.net\/blog\/wp-json\/wp\/v2\/tags?post=15763"}],"curies":[{"name":"wp","href":"https:\/\/api.w.org\/{rel}","templated":true}]}}