{"id":15777,"date":"2017-02-15T23:10:27","date_gmt":"2017-02-15T22:10:27","guid":{"rendered":"http:\/\/trackandfield.bplaced.net\/?p=15777"},"modified":"2017-03-07T21:15:06","modified_gmt":"2017-03-07T20:15:06","slug":"deutsche-hallen-meisterschaften-hallen-dm-leipzig-2017-tv-livestream-live-ticker-startlisten-zeitplan-ergebnisse","status":"publish","type":"post","link":"https:\/\/trackandfield.bplaced.net\/blog\/2017\/02\/deutsche-hallen-meisterschaften-hallen-dm-leipzig-2017-tv-livestream-live-ticker-startlisten-zeitplan-ergebnisse\/","title":{"rendered":"Deutsche Hallen-Meisterschaften (Hallen-DM) Leipzig 2017 &#8211; TV + Livestream \/ Live-Ticker \/ Startlisten \/ Zeitplan \/ Ergebnisse"},"content":{"rendered":"<h1><a href=\"http:\/\/www.leichtathletik.de\/termine\/top-events\/hallen-dm-2017-leipzig\/\" target=\"_blank\">Hallen-DM Leipzig 2017<\/a><\/h1>\n<h2>Vorschau<\/h2>\n<p>Am Wochenende finden neben den \u00d6sterreichischen und Schweizer Hallenmeisterschaften auch die Deutschen Hallenmeisterschaften statt und mit dabei \u00fcber 3000m ist mit Nada Pauer auch eine &#8222;\u00d6sterreicherin&#8220;.<\/p>\n<p><a href=\"http:\/\/www.leichtathletik.de\/news\/news\/detail\/hallen-dm-2017-leipzig-die-grosse-vorschau-der-maenner\/\" target=\"_blank\">Leichtathletik.de | Hallen-DM 2017 Leipzig: Die gro\u00dfe Vorschau der M\u00e4nner<\/a><br \/>\n<a href=\"http:\/\/www.leichtathletik.de\/news\/news\/detail\/hallen-dm-2017-leipzig-die-grosse-vorschau-der-frauen\/\" target=\"_blank\">Leichtathletik.de | Hallen-DM 2017 Leipzig: Die gro\u00dfe Vorschau der Frauen<\/a><\/p>\n<p><a href=\"https:\/\/www.leichtathletik.de\/news\/news\/detail\/konstanze-klosterhalfen-hallen-em-norm-waere-schoenes-geburtstagsgeschenk\/\" target=\"_blank\">Leichtathletik.de | Konstanze Klosterhalfen: \u201eHallen-EM-Norm w\u00e4re sch\u00f6nes Geburtstagsgeschenk\u201c<\/a><br \/>\n<a href=\"http:\/\/www.leichtathletik.de\/news\/news\/detail\/gina-lueckenkemper-ich-habe-den-start-noch-einmal-neu-gelernt\/\" target=\"_blank\">Leichtathletik.de | Gina L\u00fcckenkemper: \u201eIch habe den Start noch einmal neu gelernt\u201c<\/a><br \/>\n<a href=\"https:\/\/www.leichtathletik.de\/news\/news\/detail\/cindy-roleder-mit-dem-eigenen-fanclub-zum-hattrick\/\" target=\"_blank\">Leichtathletik.de | Cindy Roleder: Mit dem eigenen Fanclub zum Hattrick<\/a><br \/>\n<a href=\"https:\/\/www.leichtathletik.de\/news\/news\/detail\/david-storl-will-heimspiel-fuer-weite-ueber-21-meter-nutzen\/\" target=\"_blank\">Leichtathletik.de | David Storl will Heimspiel f\u00fcr Weite \u00fcber 21 Meter nutzen<\/a><br \/>\n<a href=\"http:\/\/www.leichtathletik.de\/news\/news\/detail\/robert-farken-beim-dm-heimspiel-ploetzlich-der-gejagte\/\" target=\"_blank\">Leichtathletik.de | Robert Farken \u2013 Beim DM-Heimspiel pl\u00f6tzlich der Gejagte<\/a><br \/>\n<a href=\"https:\/\/www.leichtathletik.de\/news\/news\/detail\/tickets-fuer-titelkaempfe-in-leipzig-werden-knapp\/\" target=\"_blank\">Leichtathletik.de | Tickets f\u00fcr Titelk\u00e4mpfe in Leipzig werden knapp<\/a><br \/>\n<a href=\"http:\/\/www.leichtathletik.de\/news\/news\/detail\/grosse-nachfrage-nach-tickets-fuer-hallen-dm\/\" target=\"_blank\">Leichtathletik.de | Gro\u00dfe Nachfrage nach Tickets f\u00fcr Hallen-DM<\/a><br \/>\n<a href=\"http:\/\/www.leichtathletik.de\/news\/news\/detail\/dlv-asse-starten-in-leipzig-ins-wm-jahr\/\" target=\"_blank\">Leichtathletik.de | DLV-Asse starten in Leipzig ins WM-Jahr<\/a><br \/>\n<a href=\"http:\/\/www.leichtathletik.de\/news\/news\/detail\/ticket-vorverkauf-fuer-hallen-dm-2017-in-leipzig-gestartet\/\" target=\"_blank\">Leichtathletik.de | Ticket-Vorverkauf f\u00fcr Hallen-DM 2017 in Leipzig gestartet<\/a><\/p>\n<h2>Livestream &#8211; 18.\/19.02.2017<\/h2>\n<p>Eurosport Deutschland \u00fcbertr\u00e4gt 3,75 Stunden live am Wochenende. ARD \u00fcbertr\u00e4gt in der Sportschau eine Zusammenfassung um voraussichtlich 16:50-17:10.<\/p>\n<ul>\n<li>Samstag: 18.02. &#8211; 16:15-18:30<\/li>\n<li>Sonntag: 19.02. &#8211; 15:30-17:00<\/li>\n<\/ul>\n<p>Auch ohne Registrierung m\u00f6glich (Klick auf Link, dann links in der Liste auf z.B: ARD umschalten und danach wieder auf Eurosport gehen):<br \/>\n<a href=\"http:\/\/schoener-fernsehen.com\/tv\/stream\/EUROSPORT\/\" target=\"_blank\">Hallen-DM Leipzig 2017 | Livestream (Eurosport)<\/a><\/p>\n<p>Nur mit GER-IP?:<br \/>\n<a href=\"http:\/\/www.daserste.de\/live\/index.html\" target=\"_blank\">Hallen-DM Leipzig 2017 | Livestream (ARD Sportschau)<\/a><br \/>\nWeltweit:<br \/>\n<a href=\"http:\/\/freetvstream.in\/de\/tv\/ard.php\" target=\"_blank\">Hallen-DM Leipzig 2017 | Livestream (ARD Sportschau)<\/a><\/p>\n<p><a href=\"https:\/\/twitter.com\/dlv_live\" title=\"Twitter @dlv_live | &quot;Live-Ticker&quot;\" target=\"_blank\">Twitter @dlv_live | &#8222;Live-Ticker&#8220;<\/a><br \/>\n<a href=\"https:\/\/twitter.com\/dlv_online\" title=\"Twitter @dlv_online | &quot;Live-Ticker&quot;\" target=\"_blank\">Twitter @dlv_online | &#8222;Live-Ticker&#8220;<\/a><br \/>\n<a href=\"https:\/\/www.instagram.com\/dlv_online\/\" title=\"Instagram @dlv_online | &quot;Live-Ticker&quot;\" target=\"_blank\">Instragram @dlv_online | &#8222;Live-Ticker&#8220;<\/a><br \/>\n<a href=\"https:\/\/www.facebook.com\/leichtathletikDE\/\" title=\"Facebook (LeichtathletikDE) | &quot;Live-Ticker&quot;\" target=\"_blank\">Facebook (LeichtathletikDE) | &#8222;Live-Ticker&#8220;<\/a><br \/>\n<a href=\"https:\/\/www.leichtathletik.de\/news\/news\/detail\/die-hallen-dm-in-leipzig-2017-live-auf-leichtathletikde\/\" target=\"_blank\">Leichtathletik.de | Die Hallen-DM in Leipzig 2017 live auf leichtathletik.de<\/a><\/p>\n<h2>Startlisten \/ Zeitplan \/ Live-Ergebnisse<\/h2>\n<p><a href=\"http:\/\/static.sportresult.com\/federations\/iaaf\/liveResults\/index.html?namespace%20=AT_PROD&#038;event=LeipzigDM2017\"  target=\"_blank\">Hallen-DM Leipzig 2017 | Live-Ergebnisse<\/a><br \/>\n<a href=\"http:\/\/www.leichtathletik.de\/fileadmin\/user_upload\/03_Termine\/Top-Events\/DM_Halle\/2017\/Teilnehmer_HDM2017.pdf\" target=\"_blank\">Hallen-DM Leipzig 2017 | Teilnehmerliste (PDF)<\/a><br \/>\n<a href=\"http:\/\/www.leichtathletik.de\/fileadmin\/user_upload\/03_Termine\/Top-Events\/DM_Halle\/2017\/DHM2017_Zeitplan.pdf\" target=\"_blank\">Hallen-DM Leipzig 2017 | Zeitplan (PDF)<\/a><br \/>\n<a href=\"https:\/\/www.leichtathletik.de\/fileadmin\/user_upload\/03_Termine\/Top-Events\/DM_Halle\/2017\/DHM2017_Presse-Arbeitsblaetter.pdf\" target=\"_blank\">Hallen-DM Leipzig 2017 | Pressearbeitsbl\u00e4tter (PDF)<\/a><\/p>\n<h2>Fotos \/ Videos<\/h2>\n<p><a href=\"https:\/\/www.facebook.com\/pg\/larasch.de\/photos\/?tab=album&#038;album_id=1651561158193457\" target=\"_blank\">LaRaSch.de (Facebook) | Hallen-DM 2017 in Leipzig<\/a><br \/>\n<a href=\"https:\/\/www.facebook.com\/pg\/leichtathletikDE\/photos\/?tab=album&#038;album_id=1347907421896886\" target=\"_blank\">Facebook (LeichtathletikDE) | 64. Deutsche Hallenmeisterschaft 2017 in Leipzig &#8211; Tag 1<\/a><br \/>\n<a href=\"https:\/\/www.facebook.com\/pg\/FREUNDEderLeichtathletik\/photos\/?tab=album&#038;album_id=1398576363527227\" target=\"_blank\">Facebook (Freunde der Leichtathletik e.V.) | 64. Deutsche Hallenmeisterschaften 2017 in Leipzig Tag 1<\/a><br \/>\n<a href=\"https:\/\/www.facebook.com\/pg\/FREUNDEderLeichtathletik\/photos\/?tab=album&#038;album_id=1399356246782572\" target=\"_blank\">Facebook (Freunde der Leichtathletik e.V.) | 64. Deutsche Hallenmeisterschaften 2017 in Leipzig Tag 2<\/a><\/p>\n<p><a href=\"https:\/\/www.leichtathletik.de\/news\/news\/detail\/die-deutschen-hallenmeister-von-leipzig-2017-samstag\/\" target=\"_blank\">Leichtathletik.de | Die Deutschen Hallenmeister von Leipzig 2017 \u2013 Samstag<\/a><br \/>\n<a href=\"https:\/\/www.leichtathletik.de\/news\/news\/detail\/die-deutschen-hallenmeister-von-leipzig-2017-sonntag\/\" target=\"_blank\">Leichtathletik.de | Die Deutschen Hallenmeister von Leipzig 2017 \u2013 Sonntag<\/a><\/p>\n<p><a href=\"http:\/\/www.leichtathletik.de\/tv\/veranstaltungen\/video-uebersicht\/veranstaltung\/hallen-dm-2017-in-leipzig\/\" target=\"_blank\">Leichtathletik.tv | Hallen-DM 2017 in Leipzig, 19.02.2017<\/a><br \/>\n<a href=\"https:\/\/www.youtube.com\/playlist?list=PLV7HCrp49-jzwu518S87FV6oVszIhNiJO\" target=\"_blank\">Hallen DM | Youtube Playliste (hoslsblogger)<\/a><br \/>\n<iframe loading=\"lazy\" width=\"560\" height=\"315\" src=\"https:\/\/www.youtube.com\/embed\/videoseries?list=PLV7HCrp49-jzwu518S87FV6oVszIhNiJO\" frameborder=\"0\" allowfullscreen><\/iframe><br \/>\n<video width=\"560\" height=\"315\" controls preload=\"none\" poster=\"http:\/\/www.leichtathletik.de\/fileadmin\/user_upload\/02_TV\/2017\/20170219_DM_Halle_Tag2\/DHM-Leipzig-Highlight-gesamt_1.jpg\" autobuffer><source src=\"http:\/\/www.leichtathletik.de\/fileadmin\/user_upload\/02_TV\/2017\/20170219_DM_Halle_Tag2\/DHM-Leipzig-Highlight-gesamt_1.mp4\" type='video\/mp4'\/><\/video><\/p>\n<p><a href=\"https:\/\/www.youtube.com\/playlist?list=PLvfcOjrYDJhoD0jverXq9q4xGsbthKbqc\" target=\"_blank\"> Deutsche Hallenmeisterschaften 2017 Leipzig | Youtube Playliste Leichtathletik.de<\/a><br \/>\n<iframe loading=\"lazy\" width=\"560\" height=\"315\" src=\"https:\/\/www.youtube.com\/embed\/videoseries?list=PLvfcOjrYDJhoD0jverXq9q4xGsbthKbqc\" frameborder=\"0\" allowfullscreen><\/iframe><\/p>\n<h2>Bericht<\/h2>\n<p>Nada Ina Pauer (SVS-Leichtathletik) setzte sich mit 9:22,98 und Rang 8 \u00fcber 3000m der Frauen wieder an die Spitze der \u00f6sterreichischen Jahresbestenliste.<\/p>\n<p><a href=\"https:\/\/www.leichtathletik.de\/news\/news\/detail\/leipzig-tag-1-sprint-feuerwerke-mit-und-ohne-huerden\/\" target=\"_blank\">Leichtathletik.de | Leipzig Tag 1: Sprint-Feuerwerke mit und ohne H\u00fcrden<\/a><br \/>\n<a href=\"https:\/\/www.leichtathletik.de\/news\/news\/detail\/779-sekunden-pamela-dutkiewicz-brilliert-mit-meisterschaftsrekord\/\" target=\"_blank\">Leichtathletik.de | 7,79 Sekunden! Pamela Dutkiewicz brilliert mit Meisterschaftsrekord<\/a><br \/>\n<a href=\"https:\/\/www.leichtathletik.de\/news\/news\/detail\/christina-schwanitz-mit-gold-in-die-babypause\/\" target=\"_blank\">Leichtathletik.de | Christina Schwanitz: Mit Gold in die Babypause<\/a><br \/>\n<a href=\"https:\/\/www.leichtathletik.de\/news\/news\/detail\/fotografin-gladys-chai-von-der-laage-erhaelt-dlv-medienpreis-2016\/\" target=\"_blank\">Leichtathletik.de | Fotografin Gladys Chai von der Laage erh\u00e4lt DLV-Medienpreis 2016<\/a><\/p>\n<p><a href=\"https:\/\/www.leichtathletik.de\/news\/news\/detail\/200-meter-show-von-robin-erewa-und-rebekka-haase\/\" target=\"_blank\">Leichtathletik.de | 200 Meter-Show von Robin Erewa und Rebekka Haase<\/a><br \/>\n<a href=\"https:\/\/www.leichtathletik.de\/news\/news\/detail\/drei-viertelmeiler-stuermen-nach-belgrad\/\" target=\"_blank\">Leichtathletik.de | Drei Viertelmeiler st\u00fcrmen nach Belgrad<\/a><br \/>\n<a href=\"https:\/\/www.leichtathletik.de\/news\/news\/detail\/dm-splitter-aus-der-arena-leipzig-vom-sonntag\/\" target=\"_blank\">Leichtathletik.de | DM-Splitter aus der Arena Leipzig vom Sonntag<\/a><br \/>\n<a href=\"http:\/\/www.leichtathletik.de\/news\/news\/detail\/leipzig-tag-2-dlv-athleten-lassen-die-rundbahn-brennen\/\" target=\"_blank\">Leichtathletik.de | Leipzig Tag 2: DLV-Athleten lassen die Rundbahn brennen<\/a><br \/>\n<a href=\"https:\/\/www.leichtathletik.de\/news\/news\/detail\/leipzig-bringt-schub-fuer-belgrad\/\" target=\"_blank\">Leichtathletik.de | Leipzig bringt Schub f\u00fcr Belgrad<\/a><\/p>\n<p><a href=\"https:\/\/www.leichtathletik.de\/news\/news\/detail\/stimmen-vom-ersten-tag-der-hallen-dm-8\/\" target=\"_blank\">Leichtathletik.de | Stimmen vom ersten Tag der Hallen-DM<\/a><br \/>\n<a href=\"https:\/\/www.leichtathletik.de\/news\/news\/detail\/stimmen-vom-zweiten-tag-der-hallen-dm-8\/\" target=\"_blank\">Leichtathletik.de | Stimmen vom zweiten Tag der Hallen-DM<\/a><br \/>\n<a href=\"http:\/\/www.leichtathletik.de\/news\/news\/detail\/konstanze-klosterhalfen-stuermt-die-rekordliste-der-frauen\/\" target=\"_blank\">Leichtathletik.de | Konstanze Klosterhalfen st\u00fcrmt die Rekordliste der Frauen<\/a><br \/>\n<a href=\"https:\/\/www.leichtathletik.de\/news\/news\/detail\/pamela-dutkiewicz-der-lauf-meines-lebens-bisher\/\" target=\"_blank\">Leichtathletik.de | Pamela Dutkiewicz: \u201eDer Lauf meines Lebens, bisher\u201c<\/a><br \/>\n<a href=\"https:\/\/www.leichtathletik.de\/news\/news\/detail\/lara-matheis-im-windschatten-aufs-dm-podest\/\" target=\"_blank\">Leichtathletik.de | Lara Matheis &#8211; Im Windschatten aufs DM-Podest<\/a><br \/>\n<a href=\"https:\/\/www.leichtathletik.de\/news\/news\/detail\/michael-bryan-moechte-in-die-dlv-sprintstaffel\/\" target=\"_blank\">Leichtathletik.de | Michael Bryan m\u00f6chte in die DLV-Sprintstaffel<\/a><\/p>\n<p><a href=\"https:\/\/www.iaaf.org\/news\/report\/siciarz-world-indoor-record-u20-60m-hurdles\" target=\"_blank\">IAAF | Siciarz speeds to world U20 60m hurdles record at the Polish Indoor Championships &#8211; Indoor round-up<\/a><br \/>\n<a href=\"https:\/\/www.iaaf.org\/news\/report\/european-indoor-championships-round-up\" target=\"_blank\">IAAF | Klosterhalfen storms to German indoor 1500m title &#8211; national indoor championships round-up<\/a><\/p>\n<p><a href=\"https:\/\/community.larasch.de\/2017\/02\/hallen-dm-in-leipzig-ein-kleiner-tagesrueckblick\/\" target=\"_blank\">LaRaSch.de | Hallen DM in Leipzig \u2013 ein kleiner Tagesr\u00fcckblick<\/a><br \/>\n<a href=\"https:\/\/community.larasch.de\/2017\/02\/tag-zwei-der-deutschen-hallenmeisterschaften-in-leipzig\/\" target=\"_blank\">LaRaSch.de | Tag zwei der deutschen Hallenmeisterschaften in Leipzig<\/a><\/p>\n","protected":false},"excerpt":{"rendered":"<p>Hallen-DM Leipzig 2017 Vorschau Am Wochenende finden neben den \u00d6sterreichischen und Schweizer Hallenmeisterschaften auch die Deutschen Hallenmeisterschaften statt und mit dabei \u00fcber 3000m ist mit Nada Pauer auch eine &#8222;\u00d6sterreicherin&#8220;. Leichtathletik.de | Hallen-DM 2017 Leipzig: Die gro\u00dfe Vorschau der M\u00e4nner <a class=\"more-link\" href=\"https:\/\/trackandfield.bplaced.net\/blog\/2017\/02\/deutsche-hallen-meisterschaften-hallen-dm-leipzig-2017-tv-livestream-live-ticker-startlisten-zeitplan-ergebnisse\/\"><span class=\"screen-reader-text\">  Deutsche Hallen-Meisterschaften (Hallen-DM) Leipzig 2017 &#8211; TV + Livestream \/ Live-Ticker \/ Startlisten \/ Zeitplan \/ Ergebnisse<\/span> weiterlesen<span class=\"meta-nav\">&rarr;<\/span><\/a><\/p>\n","protected":false},"author":1,"featured_media":0,"comment_status":"closed","ping_status":"closed","sticky":false,"template":"","format":"standard","meta":{"footnotes":""},"categories":[7],"tags":[2485,1580,1226,2104,1537,480,2227,1540,1010,578,1536,2413,702,1143,1348,1080,1300,2458,2457,1752,1611,1072,1924,140,445,1254,1082,2163,942,1568,159,2466,1016,1621,943,1919,1297,941],"class_list":["post-15777","post","type-post","status-publish","format-standard","hentry","category-international","tag-alexandra-burghardt","tag-alina-ammann","tag-alina-reh","tag-caterina-granz","tag-christina-hering","tag-christina-schwanitz","tag-christoph-kessler","tag-cindy-roleder","tag-david-storl","tag-denise-krebs","tag-erik-balnuweit","tag-fabienne-koenigstein","tag-florian-orth","tag-gesa-felicitas-krause","tag-gina-lueckenkemper","tag-hallen-dm","tag-jana-sussmann","tag-jossie-graumann","tag-katarina-moegenburg","tag-konstanze-klosterhalfen","tag-kristin-gierisch","tag-leipzig","tag-lisa-ryzih","tag-livestream","tag-marcel-fehr","tag-maren-kock","tag-marie-laurence-jungfleisch","tag-marius-probst","tag-martin-sperlich","tag-max-hess","tag-nada-pauer","tag-pamela-dutkiewicz","tag-raphael-holzdeppe","tag-rebekka-haase","tag-richard-ringer","tag-robert-farken","tag-ruth-sophia-spelmeyer","tag-timo-benitz"],"_links":{"self":[{"href":"https:\/\/trackandfield.bplaced.net\/blog\/wp-json\/wp\/v2\/posts\/15777","targetHints":{"allow":["GET"]}}],"collection":[{"href":"https:\/\/trackandfield.bplaced.net\/blog\/wp-json\/wp\/v2\/posts"}],"about":[{"href":"https:\/\/trackandfield.bplaced.net\/blog\/wp-json\/wp\/v2\/types\/post"}],"author":[{"embeddable":true,"href":"https:\/\/trackandfield.bplaced.net\/blog\/wp-json\/wp\/v2\/users\/1"}],"replies":[{"embeddable":true,"href":"https:\/\/trackandfield.bplaced.net\/blog\/wp-json\/wp\/v2\/comments?post=15777"}],"version-history":[{"count":0,"href":"https:\/\/trackandfield.bplaced.net\/blog\/wp-json\/wp\/v2\/posts\/15777\/revisions"}],"wp:attachment":[{"href":"https:\/\/trackandfield.bplaced.net\/blog\/wp-json\/wp\/v2\/media?parent=15777"}],"wp:term":[{"taxonomy":"category","embeddable":true,"href":"https:\/\/trackandfield.bplaced.net\/blog\/wp-json\/wp\/v2\/categories?post=15777"},{"taxonomy":"post_tag","embeddable":true,"href":"https:\/\/trackandfield.bplaced.net\/blog\/wp-json\/wp\/v2\/tags?post=15777"}],"curies":[{"name":"wp","href":"https:\/\/api.w.org\/{rel}","templated":true}]}}