{"id":16123,"date":"2017-09-15T22:28:54","date_gmt":"2017-09-15T20:28:54","guid":{"rendered":"http:\/\/trackandfield.bplaced.net\/?p=16123"},"modified":"2017-09-23T21:36:24","modified_gmt":"2017-09-23T19:36:24","slug":"wachau-marathon-2017-ergebnisse-video-mit-christian-steinhammer","status":"publish","type":"post","link":"https:\/\/trackandfield.bplaced.net\/blog\/2017\/09\/wachau-marathon-2017-ergebnisse-video-mit-christian-steinhammer\/","title":{"rendered":"Wachau Marathon 2017 &#8211; Ergebnisse \/ Video mit Christian Steinhammer"},"content":{"rendered":"<h1><a href=\"http:\/\/www.wachaumarathon.com\/\" target=\"_blank\">Wachau Marathon<\/a><\/h1>\n<h2>Vorschau<\/h2>\n<p>Christian Steinhammer (USKO Melk) der k\u00fcrzlich in Prag seine 10km Bestzeit verbesserte startet am Sonntag im Halbmarathon in der Wachau in Vorbereitung auf seinen ersten Marathon in Frankfurt. Unterst\u00fctzt wird Christian dabei auf den ersten 10km von Valentin Pfeil (LAC Amateure Steyr).<br \/>\nStreckenrekordler Peter Kirui kommt mit einem Sieg von K\u00e4rnten l\u00e4uft im Gep\u00e4ck wieder in die Wachau.<\/p>\n<p><a href=\"http:\/\/noe.orf.at\/news\/stories\/2866406\/\" target=\"_blank\">NOE.orf.at | Starkes Teilnehmerfeld bei Wachau Marathon<\/a><br \/>\n<a href=\"http:\/\/noe.orf.at\/news\/stories\/2866189\/\" target=\"_blank\">NOE.orf.at | Wachau-Marathon feiert 20-Jahr-Jubil\u00e4um<\/a><\/p>\n<p>ORF Vorschau mit Organisator Michael Buchleitner:<br \/>\n<iframe loading=\"lazy\" width=\"560\" height=\"315\" src=\"https:\/\/www.youtube.com\/embed\/EhD3kB0GEf0?list=PLaRqCr7PCPybeZEe-7RuYP64kpOobXsFI\" frameborder=\"0\" allowfullscreen><\/iframe><\/p>\n<h2>Ergebnisse<\/h2>\n<p><a href=\"http:\/\/www.pentek-timing.at\/results.html?pnr=13078\" title=\"20. internationaler Wachau Marathon | Ergebnisse\" target=\"_blank\">20. internationaler Wachau Marathon 2017 | Ergebnisse<\/a><br \/>\n<a href=\"http:\/\/www.pentek-timing.at\/results.html?pnr=13079\" title=\"20. internationaler Wachau Marathon | Ergebnisse Kinderl\u00e4ufe\" target=\"_blank\">20. internationaler Wachau Marathon 2017 | Ergebnisse Kinderl\u00e4ufe<\/a><\/p>\n<h2>Fotos \/ Videos<\/h2>\n<p><a href=\"http:\/\/www.wachaumarathon.com\/media\/fotos\/highlights-2017\/\" target=\"_blank\">Wachau Marathon 2017 | Fotos<\/a><br \/>\n<a href=\"http:\/\/www.gallery.kremserbank.com\/\" target=\"_blank\">Wachau Marathon 2017 | Fotos Juniormarathon<\/a><\/p>\n<p>ORF Eins \u00fcbertr\u00e4gt um 19:45 die Highlights des 20. Wachau Marathons. Auf ORF Sport Plus wird die \u00dcbertragung am 18.9. (19 Uhr), 19.9. (8 &#038; 23 Uhr) und am 20.9. (11 Uhr) wiederholt.<\/p>\n<p><iframe loading=\"lazy\" width=\"560\" height=\"315\" src=\"https:\/\/www.youtube.com\/embed\/o2PfMGIKR-U?list=PLaRqCr7PCPybeZEe-7RuYP64kpOobXsFI\" frameborder=\"0\" allowfullscreen><\/iframe><\/p>\n","protected":false},"excerpt":{"rendered":"<p>Wachau Marathon Vorschau Christian Steinhammer (USKO Melk) der k\u00fcrzlich in Prag seine 10km Bestzeit verbesserte startet am Sonntag im Halbmarathon in der Wachau in Vorbereitung auf seinen ersten Marathon in Frankfurt. Unterst\u00fctzt wird Christian dabei auf den ersten 10km von <a class=\"more-link\" href=\"https:\/\/trackandfield.bplaced.net\/blog\/2017\/09\/wachau-marathon-2017-ergebnisse-video-mit-christian-steinhammer\/\"><span class=\"screen-reader-text\">  Wachau Marathon 2017 &#8211; Ergebnisse \/ Video mit Christian Steinhammer<\/span> weiterlesen<span class=\"meta-nav\">&rarr;<\/span><\/a><\/p>\n","protected":false},"author":1,"featured_media":0,"comment_status":"closed","ping_status":"closed","sticky":false,"template":"","format":"standard","meta":{"footnotes":""},"categories":[7,8],"tags":[103,271,16,534,858],"class_list":["post-16123","post","type-post","status-publish","format-standard","hentry","category-international","category-national","tag-christian-steinhammer","tag-halbmarathon","tag-marathon","tag-peter-kirui","tag-wachau"],"_links":{"self":[{"href":"https:\/\/trackandfield.bplaced.net\/blog\/wp-json\/wp\/v2\/posts\/16123","targetHints":{"allow":["GET"]}}],"collection":[{"href":"https:\/\/trackandfield.bplaced.net\/blog\/wp-json\/wp\/v2\/posts"}],"about":[{"href":"https:\/\/trackandfield.bplaced.net\/blog\/wp-json\/wp\/v2\/types\/post"}],"author":[{"embeddable":true,"href":"https:\/\/trackandfield.bplaced.net\/blog\/wp-json\/wp\/v2\/users\/1"}],"replies":[{"embeddable":true,"href":"https:\/\/trackandfield.bplaced.net\/blog\/wp-json\/wp\/v2\/comments?post=16123"}],"version-history":[{"count":0,"href":"https:\/\/trackandfield.bplaced.net\/blog\/wp-json\/wp\/v2\/posts\/16123\/revisions"}],"wp:attachment":[{"href":"https:\/\/trackandfield.bplaced.net\/blog\/wp-json\/wp\/v2\/media?parent=16123"}],"wp:term":[{"taxonomy":"category","embeddable":true,"href":"https:\/\/trackandfield.bplaced.net\/blog\/wp-json\/wp\/v2\/categories?post=16123"},{"taxonomy":"post_tag","embeddable":true,"href":"https:\/\/trackandfield.bplaced.net\/blog\/wp-json\/wp\/v2\/tags?post=16123"}],"curies":[{"name":"wp","href":"https:\/\/api.w.org\/{rel}","templated":true}]}}