{"id":16202,"date":"2017-11-11T10:03:22","date_gmt":"2017-11-11T09:03:22","guid":{"rendered":"http:\/\/trackandfield.bplaced.net\/?p=16202"},"modified":"2017-11-15T22:48:22","modified_gmt":"2017-11-15T21:48:22","slug":"4-olympia-alm-crosslauf-muenchen-2017-meldeliste-zeitplan-ergebnisse-mit-nada-pauer-christoph-sander","status":"publish","type":"post","link":"https:\/\/trackandfield.bplaced.net\/blog\/2017\/11\/4-olympia-alm-crosslauf-muenchen-2017-meldeliste-zeitplan-ergebnisse-mit-nada-pauer-christoph-sander\/","title":{"rendered":"4. Olympia-Alm Crosslauf M\u00fcnchen 2017 &#8211; Meldeliste \/ Zeitplan \/ Live-Ergebnisse mit Nada Pauer, Christoph Sander"},"content":{"rendered":"<h1><a href=\"http:\/\/www.olympia-alm-cross.de\/\" target=\"_blank\">Olympia-Alm Crosslauf<\/a><\/h1>\n<h2>Vorschau<\/h2>\n<p>Eine Woche vor der nationalen Qualifikation zur Crosslauf-EM in Salzburg sind Nada Pauer (VfB Friedrichshafen \/ SVS-Leichtathletik), Christoph Sander und Roland Fencl (beide DSG Volksbank Wien) beim Olympia-Alm-Crosslauf in M\u00fcnchen gemeldet. Im Vorjahr gewannen 1500m WM Finalistin Hanna Klein und ihr Freund Marcel Fehr die Elitel\u00e4ufe. Auch in diesem Jahr sind wieder L\u00e4ufer aus mehreren Nationen gemeldet.<\/p>\n<p><a href=\"http:\/\/blv-sport.de\/index.php?id=377&#038;tx_ttnews%5Btt_news%5D=2822&#038;cHash=582c56ac9a06e3acf6f81274706cce9b\" rel=\"noopener\" target=\"_blank\">BLV | Spannende Elitel\u00e4ufe beim 4. M\u00fcnchner Olympia-Alm-Cross erwartet<\/a><br \/>\n<a href=\"https:\/\/www.facebook.com\/olympiaalmcrosslauf\/\" target=\"_blank\">Olympia-Alm Crosslauf M\u00fcnchen | Facebook News<\/a><\/p>\n<p>Ein Video von der Premierenveranstaltung:<br \/>\n<iframe loading=\"lazy\" width=\"560\" height=\"315\" src=\"https:\/\/www.youtube.com\/embed\/7scZT5vvx2g\" frameborder=\"0\" allowfullscreen><\/iframe><\/p>\n<h2>Ergebnisse \/ Meldeliste \/ Zeitplan<\/h2>\n<p><a href=\"http:\/\/www.trackmyrace.com\/running\/event-zone\/event\/4-olympia-alm-crosslauf\/results\/\" target=\"_blank\">Olympia-Alm Crosslauf M\u00fcnchen 2017 | Live-Ergebnisse<\/a><br \/>\n<a href=\"http:\/\/www.trackmyrace.com\/running\/event-zone\/event\/4-olympia-alm-crosslauf\/\" target=\"_blank\">Olympia-Alm Crosslauf M\u00fcnchen 2017 | Meldelisten<\/a><br \/>\n<a href=\"http:\/\/www.olympia-alm-cross.de\/Links\/2017\/Zeitplan_2017_1.jpg\" target=\"_blank\">Olympia-Alm Crosslauf M\u00fcnchen 2017 | Zeitplan<\/a><br \/>\n<a href=\"https:\/\/www.google.com\/maps\/d\/viewer?mid=1k8L4Ilz2qpCk_AU1xVBL9tRuqjI&#038;ll=48.170192714485175%2C11.555235398425339&#038;z=17\" target=\"_blank\">Olympia-Alm Crosslauf M\u00fcnchen 2017 | Strecke \/ Karte<\/a><\/p>\n<h2>Fotos<\/h2>\n<p><a href=\"http:\/\/www.olympia-alm-cross.de\/Impressionen.html\" target=\"_blank\">Olympia-Alm Crosslauf M\u00fcnchen 2017 | Impressionen<\/a><br \/>\n<a href=\"http:\/\/www.tsv1862-neuburg.de\/2017\/11\/14\/olympia-alm-cross-muenchen-bilder-vom-den-weiteren-laeufen\/\" rel=\"noopener\" target=\"_blank\">TSV 1862 Neuburg | Olympia-Alm Cross M\u00fcnchen, Bilder vom den weiteren L\u00e4ufen<\/a><\/p>\n<h2>Videos<\/h2>\n<p><a href=\"https:\/\/www.facebook.com\/olympiaalmcrosslauf\/videos\" target=\"_blank\">Olympia-Alm Crosslauf M\u00fcnchen 2017 | Videos<\/a><\/p>\n<h2>Preisgeld<\/h2>\n<p>F\u00fcr den Top-Lauf der M\u00e4nner\/Frauen stehen Geldpr\u00e4mien von insgesamt 2000 Euro zur Verf\u00fcgung.<\/p>\n<h2>Bericht<\/h2>\n<p>Christoph Sander (DSG Volksbank Wien) belegte Rang 7 in 22:17,0. Vereinskollege Roland Fencl folgte in 22:53,3 auf Rang 15. Nada Ina Pauer (VfB Friedrichshafen \/ SVS-Leichtathletik) belegte Rang 3 bei den Frauen in 24:15,1.<\/p>\n<p><a href=\"http:\/\/www.oelv.at\/news\/detail.php?id=6383\" rel=\"noopener\" target=\"_blank\">\u00d6LV | Platz 3 f\u00fcr Nada Pauer bei Olympia-Alm Crosslauf<\/a><\/p>\n","protected":false},"excerpt":{"rendered":"<p>Olympia-Alm Crosslauf Vorschau Eine Woche vor der nationalen Qualifikation zur Crosslauf-EM in Salzburg sind Nada Pauer (VfB Friedrichshafen \/ SVS-Leichtathletik), Christoph Sander und Roland Fencl (beide DSG Volksbank Wien) beim Olympia-Alm-Crosslauf in M\u00fcnchen gemeldet. Im Vorjahr gewannen 1500m WM Finalistin <a class=\"more-link\" href=\"https:\/\/trackandfield.bplaced.net\/blog\/2017\/11\/4-olympia-alm-crosslauf-muenchen-2017-meldeliste-zeitplan-ergebnisse-mit-nada-pauer-christoph-sander\/\"><span class=\"screen-reader-text\">  4. Olympia-Alm Crosslauf M\u00fcnchen 2017 &#8211; Meldeliste \/ Zeitplan \/ Live-Ergebnisse mit Nada Pauer, Christoph Sander<\/span> weiterlesen<span class=\"meta-nav\">&rarr;<\/span><\/a><\/p>\n","protected":false},"author":1,"featured_media":0,"comment_status":"closed","ping_status":"closed","sticky":false,"template":"","format":"standard","meta":{"footnotes":""},"categories":[8],"tags":[440,199,2352,159,2351,661],"class_list":["post-16202","post","type-post","status-publish","format-standard","hentry","category-national","tag-christoph-sander","tag-cross","tag-muenchen","tag-nada-pauer","tag-olympia-alm","tag-roland-fencl"],"_links":{"self":[{"href":"https:\/\/trackandfield.bplaced.net\/blog\/wp-json\/wp\/v2\/posts\/16202","targetHints":{"allow":["GET"]}}],"collection":[{"href":"https:\/\/trackandfield.bplaced.net\/blog\/wp-json\/wp\/v2\/posts"}],"about":[{"href":"https:\/\/trackandfield.bplaced.net\/blog\/wp-json\/wp\/v2\/types\/post"}],"author":[{"embeddable":true,"href":"https:\/\/trackandfield.bplaced.net\/blog\/wp-json\/wp\/v2\/users\/1"}],"replies":[{"embeddable":true,"href":"https:\/\/trackandfield.bplaced.net\/blog\/wp-json\/wp\/v2\/comments?post=16202"}],"version-history":[{"count":0,"href":"https:\/\/trackandfield.bplaced.net\/blog\/wp-json\/wp\/v2\/posts\/16202\/revisions"}],"wp:attachment":[{"href":"https:\/\/trackandfield.bplaced.net\/blog\/wp-json\/wp\/v2\/media?parent=16202"}],"wp:term":[{"taxonomy":"category","embeddable":true,"href":"https:\/\/trackandfield.bplaced.net\/blog\/wp-json\/wp\/v2\/categories?post=16202"},{"taxonomy":"post_tag","embeddable":true,"href":"https:\/\/trackandfield.bplaced.net\/blog\/wp-json\/wp\/v2\/tags?post=16202"}],"curies":[{"name":"wp","href":"https:\/\/api.w.org\/{rel}","templated":true}]}}