{"id":16203,"date":"2017-10-26T18:06:39","date_gmt":"2017-10-26T16:06:39","guid":{"rendered":"http:\/\/trackandfield.bplaced.net\/?p=16203"},"modified":"2017-10-26T18:28:50","modified_gmt":"2017-10-26T16:28:50","slug":"filmtipp-vision-gold-mit-lisa-mayer","status":"publish","type":"post","link":"https:\/\/trackandfield.bplaced.net\/blog\/2017\/10\/filmtipp-vision-gold-mit-lisa-mayer\/","title":{"rendered":"Filmtipp: Vision Gold mit Lisa Mayer!"},"content":{"rendered":"<h1><a href=\"http:\/\/www.visiongold.tv\/\" target=\"_blank\">Vision Gold<\/a><\/h1>\n<h2>Vorschau<\/h2>\n<p>Im aktuellen Vision Gold ist Sprinterin Lisa Mayer eine der drei Hauptprotagonisten.<\/p>\n<blockquote><p>Von Tokio tr\u00e4umt auch eine der schnellsten Frauen des Landes: Lisa Mayer, die in diesem Jahr neue pers\u00f6nliche Bestzeiten \u00fcber 100 Meter aufgestellt hat. Sie ist erst 21 Jahre alt, studiert in Frankfurt Germanistik und Geographie und tr\u00e4umt von einem Job in der Medienbranche. Das alles ist aber noch Zukunftsmusik. Aktuell m\u00f6chte sie vor allem mit ihren starken und genauso jungen deutschen Sprintm\u00e4dels auf den kurzen Strecken weltweit f\u00fcr Furore sorgen: Bei der Heim-EM n\u00e4chstes Jahr in Berlin \u2013 und in Japan zwei Jahre sp\u00e4ter.<\/p><\/blockquote>\n<h2>Video + TV<\/h2>\n<p>Am 26.10.2017 ist die Ausgabe von Vision Gold erstmals auf N24 um 18:25 zu sehen.<br \/>\n<a href=\"https:\/\/www.welt.de\/tv-programm-live-stream\/\" target=\"_blank\">N24 Livestream | Vision Gold Oktober 2017<\/a><\/p>\n<p>Das Portrait von Lisa Mayer ist ab 15:35 zu sehen:<br \/>\n<iframe loading=\"lazy\" width=\"560\" height=\"315\" src=\"https:\/\/www.youtube.com\/embed\/7YK6D9LkF3I\" frameborder=\"0\" allowfullscreen><\/iframe><\/p>\n","protected":false},"excerpt":{"rendered":"<p>Vision Gold Vorschau Im aktuellen Vision Gold ist Sprinterin Lisa Mayer eine der drei Hauptprotagonisten. Von Tokio tr\u00e4umt auch eine der schnellsten Frauen des Landes: Lisa Mayer, die in diesem Jahr neue pers\u00f6nliche Bestzeiten \u00fcber 100 Meter aufgestellt hat. Sie <a class=\"more-link\" href=\"https:\/\/trackandfield.bplaced.net\/blog\/2017\/10\/filmtipp-vision-gold-mit-lisa-mayer\/\"><span class=\"screen-reader-text\">  Filmtipp: Vision Gold mit Lisa Mayer!<\/span> weiterlesen<span class=\"meta-nav\">&rarr;<\/span><\/a><\/p>\n","protected":false},"author":1,"featured_media":0,"comment_status":"closed","ping_status":"closed","sticky":false,"template":"","format":"standard","meta":{"footnotes":""},"categories":[150],"tags":[2465,1142],"class_list":["post-16203","post","type-post","status-publish","format-standard","hentry","category-filmtipp","tag-lisa-mayer","tag-vision-gold"],"_links":{"self":[{"href":"https:\/\/trackandfield.bplaced.net\/blog\/wp-json\/wp\/v2\/posts\/16203","targetHints":{"allow":["GET"]}}],"collection":[{"href":"https:\/\/trackandfield.bplaced.net\/blog\/wp-json\/wp\/v2\/posts"}],"about":[{"href":"https:\/\/trackandfield.bplaced.net\/blog\/wp-json\/wp\/v2\/types\/post"}],"author":[{"embeddable":true,"href":"https:\/\/trackandfield.bplaced.net\/blog\/wp-json\/wp\/v2\/users\/1"}],"replies":[{"embeddable":true,"href":"https:\/\/trackandfield.bplaced.net\/blog\/wp-json\/wp\/v2\/comments?post=16203"}],"version-history":[{"count":0,"href":"https:\/\/trackandfield.bplaced.net\/blog\/wp-json\/wp\/v2\/posts\/16203\/revisions"}],"wp:attachment":[{"href":"https:\/\/trackandfield.bplaced.net\/blog\/wp-json\/wp\/v2\/media?parent=16203"}],"wp:term":[{"taxonomy":"category","embeddable":true,"href":"https:\/\/trackandfield.bplaced.net\/blog\/wp-json\/wp\/v2\/categories?post=16203"},{"taxonomy":"post_tag","embeddable":true,"href":"https:\/\/trackandfield.bplaced.net\/blog\/wp-json\/wp\/v2\/tags?post=16203"}],"curies":[{"name":"wp","href":"https:\/\/api.w.org\/{rel}","templated":true}]}}