{"id":16269,"date":"2017-12-25T11:03:04","date_gmt":"2017-12-25T10:03:04","guid":{"rendered":"http:\/\/trackandfield.bplaced.net\/?p=16269"},"modified":"2020-05-31T09:35:12","modified_gmt":"2020-05-31T07:35:12","slug":"silvesterlauf-bozen-boclassic-2017-livestream-live-ergebnisse-elitefeld","status":"publish","type":"post","link":"https:\/\/trackandfield.bplaced.net\/blog\/2017\/12\/silvesterlauf-bozen-boclassic-2017-livestream-live-ergebnisse-elitefeld\/","title":{"rendered":"Silvesterlauf Bozen (BOclassic) 2017 &#8211; Livestream \/ Live-Ergebnisse \/ Elitefeld"},"content":{"rendered":"<h1><a href=\"http:\/\/www.boclassic.it\/\" title=\"BOClassic\" target=\"_blank\" rel=\"noopener noreferrer\">BOclassic<\/a><\/h1>\n<h2>Vorschau<\/h2>\n<p>Bei der 43. Auflage des BOclassic Silvesterlaufs in Bozen trifft zweifach Sieger Muktar Edris und 5000m Weltmeister auf den aktuellen <a href=\"http:\/\/trackandfield.bplaced.net\/2017\/12\/european-cross-country-championships-2017-samorin-livestream-ergebnisse-startlisten-zeitplan\/\" rel=\"noopener noreferrer\" target=\"_blank\">Crosslaufeuropameister Kaan Kigen \u00d6zbilen<\/a> und <a href=\"http:\/\/trackandfield.bplaced.net\/2017\/12\/marathoneuroparekord-20548-und-sieg-durch-sondre-moen-beim-fukuoka-marathon\/\" rel=\"noopener noreferrer\" target=\"_blank\">Marathoneuroparekordler Sondre Moen<\/a>. Homiyu Tesfaye h\u00e4lt die deutschen Fahnen hoch, Andy Vernon vertritt Gro\u00dfbritannien. F\u00fcr Veranstalterland Italien starten der dritte der U23 bei der Cross EM Yemaneberhan Crippa und der fr\u00fchere Meister Andrea Lalli. Bei den Frauen treffen Vorjahressiegerin Agnes Tirop (WM-Bronze 10000m), Margareth Chelimo (WM 5.te 5000m) und Desiree Linden im Elitefeld aufeinander. Emelia Gorecka, Stephanie Twell, Christelle Daunay und Margherita Magnani haben ebenso gemeldet. Vier bzw. 8 Runden \u00fcber 1250m stehen am Programm. Im Jahr 1978 als bisher einziger \u00d6sterreicher gewann Dietmar Millonig den nun traditionsreichen BOclassic.<\/p>\n<p><a href=\"https:\/\/www.leichtathletik.de\/news\/news\/detail\/richard-ringer-in-peuerbach-homiyu-tesfaye-in-bozen\/\" rel=\"noopener noreferrer\" target=\"_blank\">Leichtathletik.de | Richard Ringer in Peuerbach, Homiyu Tesfaye in Bozen<\/a><br \/>\n<a href=\"https:\/\/medium.com\/alberto-stretti\/sondre-moen-back-to-competition-in-boclassic-84276ea71916\" rel=\"noopener noreferrer\" target=\"_blank\">Medium (Alberto Stretti) | BOCLASSIC 2017: Muktar Edris vs. Kaan Kigen Ozbilen vs. Sondre Moen<\/a><\/p>\n<p><a href=\"https:\/\/twitter.com\/boclassic\" target=\"_blank\" rel=\"noopener noreferrer\">BOclassic | Twitter News<\/a><br \/>\n<a href=\"https:\/\/www.facebook.com\/boclassic3112\/\" target=\"_blank\" rel=\"noopener noreferrer\">BOclassic | Facebook News<\/a><br \/>\n<a href=\"https:\/\/www.instagram.com\/boclassicbz\/\" target=\"_blank\" rel=\"noopener noreferrer\">BOclassic | Instagram News<\/a><\/p>\n<h2>Livestream &#8211; 31.12.2017 ab 14:45 Uhr<\/h2>\n<p>Das Frauenrennen \u00fcber 5km startet um 15 Uhr. Der M\u00e4nnerlauf \u00fcber 10km folgt um 15:30. <a href=\"http:\/\/www.raibz.rai.it\/view_event.php?id=328142\" target=\"_blank\" rel=\"noopener noreferrer\">Rai S\u00fcdtirol<\/a> ist wieder live mit dabei. Die Amateurl\u00e4ufe gibt es auf Youtube.<\/p>\n<h4>Elitel\u00e4ufe auf Rai<\/h4>\n<p><a href=\"http:\/\/www.raibz.rai.it\/de\/index.php?media=Ltvlive\" title=\"43. BOclassic 2017 | Livestream (RAISuedtirol 14:45-16:30 MEZ)\" target=\"_blank\" rel=\"noopener noreferrer\">43. BOclassic 2017 | Livestream (RAISuedtirol 14:45-16:30 MEZ)<\/a><\/p>\n<h4>Amateurl\u00e4ufe auf Youtube<\/h4>\n<p><a href=\"https:\/\/www.youtube.com\/watch?v=lMKBO1pew1I\" target=\"_blank\" rel=\"noopener noreferrer\">42. BOclassic 2017 | Livestream (Amateure)<\/a><br \/>\n<iframe loading=\"lazy\" src=\"https:\/\/www.youtube.com\/embed\/lMKBO1pew1I\" gesture=\"media\" allow=\"encrypted-media\" allowfullscreen=\"\" width=\"560\" height=\"315\" frameborder=\"0\"><\/iframe><\/p>\n<h2>Live-Ergebnisse \/ Zeitplan \/ Startlisten \/ Elitefeld<\/h2>\n<p><a href=\"https:\/\/www.tds-live.com\/ns\/index.jsp?login=&amp;password=&amp;is_domenica=0&amp;nextRaceId=&amp;dpbib=&amp;dpcat=&amp;dpsex=&amp;serviziol=&amp;pageType=1&amp;id=8938&amp;servizio=000&amp;locale=2057\" title=\"BOclassic 2017 | Live-Ergebnisse\" target=\"_blank\" rel=\"noopener noreferrer\">BOclassic 2017 | Live-Ergebnisse<\/a><br \/>\n<a href=\"http:\/\/www.boclassic.it\/de\/cmspre\/das-programm\/4.html\" title=\"BOclassic 2017 | Zeitplan\" target=\"_blank\" rel=\"noopener noreferrer\">BOclassic 2017 | Zeitplan<\/a><\/p>\n<p><a href=\"http:\/\/www.boclassic.it\/de\/cmspre\/ergebnisse-boclassic\/14.html\" title=\"BOclassic | Ergebnisse der Vorjahre\" target=\"_blank\" rel=\"noopener noreferrer\">BOclassic | Ergebnisse der Vorjahre<\/a><br \/>\n<a href=\"http:\/\/www.boclassic.it\/de\/cmspre\/ehrentafel-boclassic\/15.html\" title=\"BOclassic | Ergebnisse der Vorjahre\" target=\"_blank\" rel=\"noopener noreferrer\">BOclassic | Sieger der Vorjahre<\/a><\/p>\n<h2>Fotos<\/h2>\n<p><a href=\"https:\/\/www.facebook.com\/pg\/atleticamentefoto\/photos\/?tab=album&amp;album_id=1994592270797900\" target=\"_blank\" rel=\"noopener noreferrer\">BOclassic 2017 (Facebook) | Fotos<\/a><\/p>\n<h2>Videos<\/h2>\n<p><a href=\"http:\/\/www.boclassic.it\/de\/cmspre\/boclassic-videos\/24.html\" title=\"BOclassic | Videos der vergangenen Jahre\" target=\"_blank\" rel=\"noopener noreferrer\">BOclassic | Videos der vergangenen Jahre<\/a><br \/>\n<a href=\"https:\/\/www.facebook.com\/pg\/boclassic3112\/videos\" title=\"BOclassic | Videos (Facebook)\" target=\"_blank\" rel=\"noopener noreferrer\">BOclassic | Videos (Facebook)<\/a><\/p>\n<h2>Bericht<\/h2>\n<p><a href=\"https:\/\/www.leichtathletik.de\/news\/news\/detail\/richard-ringer-erneut-zweiter-die-internationalen-silvesterlaeufe-im-ueberblick\/\" rel=\"noopener noreferrer\" target=\"_blank\">Leichtathletik.de | Richard Ringer erneut Zweiter: Die internationalen Silvesterl\u00e4ufe im \u00dcberblick<\/a><\/p>\n<p><a href=\"https:\/\/www.iaaf.org\/news\/report\/edris-and-tirop-take-bolzano-victories\" rel=\"noopener noreferrer\" target=\"_blank\">IAAF | Edris and Tirop take Bolzano victories<\/a><\/p>\n","protected":false},"excerpt":{"rendered":"<p>BOclassic Vorschau Bei der 43. Auflage des BOclassic Silvesterlaufs in Bozen trifft zweifach Sieger Muktar Edris und 5000m Weltmeister auf den aktuellen Crosslaufeuropameister Kaan Kigen \u00d6zbilen und Marathoneuroparekordler Sondre Moen. Homiyu Tesfaye h\u00e4lt die deutschen Fahnen hoch, Andy Vernon vertritt <a class=\"more-link\" href=\"https:\/\/trackandfield.bplaced.net\/blog\/2017\/12\/silvesterlauf-bozen-boclassic-2017-livestream-live-ergebnisse-elitefeld\/\"><span class=\"screen-reader-text\">  Silvesterlauf Bozen (BOclassic) 2017 &#8211; Livestream \/ Live-Ergebnisse \/ Elitefeld<\/span> weiterlesen<span class=\"meta-nav\">&rarr;<\/span><\/a><\/p>\n","protected":false},"author":1,"featured_media":0,"comment_status":"closed","ping_status":"closed","sticky":false,"template":"","format":"standard","meta":{"footnotes":""},"categories":[7],"tags":[2353,868,896,472,970,1097,670,1077,2896,140,2895,1448,200,2429,201,1499],"class_list":["post-16269","post","type-post","status-publish","format-standard","hentry","category-international","tag-agnes-jebet-tirop","tag-andrea-lalli","tag-andy-vernon","tag-boclassic","tag-bozen","tag-desiree-linden","tag-emelia-gorecka","tag-homiyu-tesfaye","tag-kaan-kigen-oezbilen","tag-livestream","tag-margareth-chelimo","tag-muktar-edris","tag-silvesterlauf","tag-sondre-moen","tag-stephanie-twell","tag-yemane-crippa"],"_links":{"self":[{"href":"https:\/\/trackandfield.bplaced.net\/blog\/wp-json\/wp\/v2\/posts\/16269","targetHints":{"allow":["GET"]}}],"collection":[{"href":"https:\/\/trackandfield.bplaced.net\/blog\/wp-json\/wp\/v2\/posts"}],"about":[{"href":"https:\/\/trackandfield.bplaced.net\/blog\/wp-json\/wp\/v2\/types\/post"}],"author":[{"embeddable":true,"href":"https:\/\/trackandfield.bplaced.net\/blog\/wp-json\/wp\/v2\/users\/1"}],"replies":[{"embeddable":true,"href":"https:\/\/trackandfield.bplaced.net\/blog\/wp-json\/wp\/v2\/comments?post=16269"}],"version-history":[{"count":1,"href":"https:\/\/trackandfield.bplaced.net\/blog\/wp-json\/wp\/v2\/posts\/16269\/revisions"}],"predecessor-version":[{"id":22617,"href":"https:\/\/trackandfield.bplaced.net\/blog\/wp-json\/wp\/v2\/posts\/16269\/revisions\/22617"}],"wp:attachment":[{"href":"https:\/\/trackandfield.bplaced.net\/blog\/wp-json\/wp\/v2\/media?parent=16269"}],"wp:term":[{"taxonomy":"category","embeddable":true,"href":"https:\/\/trackandfield.bplaced.net\/blog\/wp-json\/wp\/v2\/categories?post=16269"},{"taxonomy":"post_tag","embeddable":true,"href":"https:\/\/trackandfield.bplaced.net\/blog\/wp-json\/wp\/v2\/tags?post=16269"}],"curies":[{"name":"wp","href":"https:\/\/api.w.org\/{rel}","templated":true}]}}