{"id":16274,"date":"2017-12-25T14:10:57","date_gmt":"2017-12-25T13:10:57","guid":{"rendered":"http:\/\/trackandfield.bplaced.net\/?p=16274"},"modified":"2018-01-05T01:08:39","modified_gmt":"2018-01-05T00:08:39","slug":"silvesterlauf-peuerbach-2017-ergebnisse-elitefeld-fotos-videos-mit-olympiasiegerin","status":"publish","type":"post","link":"https:\/\/trackandfield.bplaced.net\/blog\/2017\/12\/silvesterlauf-peuerbach-2017-ergebnisse-elitefeld-fotos-videos-mit-olympiasiegerin\/","title":{"rendered":"Silvesterlauf Peuerbach 2017 &#8211; Ergebnisse \/ Elitefeld \/ Fotos \/ Videos mit Olympiasiegerin"},"content":{"rendered":"<h2><a href=\"http:\/\/www.silvesterlauf.at\/\" title=\"Silvesterlauf Peuerbach\" target=\"_blank\">Silvesterlauf Peuerbach<\/a><\/h2>\n<h2>Vorschau<\/h2>\n<p>Im M\u00e4nnerrennen bekommt es Dreifachsieger Victor Chumo (KEN) heuer mit dem punktem\u00e4\u00dfig st\u00e4rksten Stra\u00dfenl\u00e4ufer des Jahres <a href=\"http:\/\/www.all-athletics.com\/de\/node\/714137\" rel=\"noopener\" target=\"_blank\">Abraham Cheroben<\/a> (BRN \/ HM 58:40, 10000m 27:11,08) zu tun. Ex-Aequo Silvesterlaufsieger 2014 und Zweiter 2015, 2016 Richard Ringer (GER) m\u00f6chte nat\u00fcrlich wieder ein W\u00f6rtchen mitreden. 1500m Universiadesieger Timo Benitz (GER) ist wie in den Vorjahren ebenso am Start. Aus \u00d6sterreich finden sich Stephan Listabarth &#038; Timon Theuer (beide DSG Volksbank Wien), <del datetime=\"2017-12-30T10:22:20+00:00\">Valentin Pfeil (LAC Amateure Steyr),<\/del> Christian Steinhammer (USKO Melk) und Andreas Vojta (team2012.at) auf der Presseaussendung. Ebenso genannt wurden Sebastian Hendel (GER), Elzan Bibic (SRB), Mande Bushendich (UGA), Andrei Rusu und Gabriel Bularda (beide ROM).<br \/>\nBei den Frauen ist die Olympiasiegerin und Weltrekordhalterin \u00fcber 3000m Hindernis <a href=\"https:\/\/www.iaaf.org\/athletes\/bahrain\/ruth-jebet-282669\" target=\"_blank\">Ruth Jebet<\/a> (BRN) am Start und trifft auf Vorjahressiegerin <del datetime=\"2017-12-30T10:22:20+00:00\">Angela Jemesunde Tanui (KEN)<\/del> und Peruth Chimutai (UGA). Vorjahreszweite und Siegerin 2012, 2013 Amela Terzic (SRB) ist ebenso gemeldet. \u00d6sterreichs Fahnen halten Berglaufass Andrea Mayr und Nada Ina Pauer (beide SVS-Leichtathletik), sowie erstmals Lena Millonig (ULC Riverside M\u00f6dling) hoch. Deutsche Starterinnen wurden noch nicht offiziell genannt.<br \/>\nEine Neuerung beim Silvesterlauf in Peuerbach ist die Generali Sprintwertung. Alle zwei Runden geht es dabei um 200\u20ac bei den Elitel\u00e4ufen.<\/p>\n<p><a href=\"http:\/\/www.oelv.at\/news\/detail.php?id=6423\" rel=\"noopener\" target=\"_blank\">\u00d6LV | Silvesterlauf Peuerbach 2017 &#8211; \u00d6sterreichs Laufelite trifft auf die absolute Weltklasse!<\/a><br \/>\n<a href=\"https:\/\/www.leichtathletik.de\/news\/news\/detail\/richard-ringer-in-peuerbach-homiyu-tesfaye-in-bozen\/\" rel=\"noopener\" target=\"_blank\">Leichtathletik.de | Richard Ringer in Peuerbach, Homiyu Tesfaye in Bozen<\/a><br \/>\n<a href=\"http:\/\/www.silvesterlauf.at\/de\/asse\" target=\"_blank\">Silvesterlauf Peuerbach | Lauf der Asse &#8211; News<\/a><\/p>\n<h2>Startlisten \/ Zeitplan \/ Live-Ergebnisse<\/h2>\n<p><a href=\"http:\/\/classic.pentek-timing.at\/results\/show_results.php?v=13305\" title=\"Silvesterlauf Peuerbach 2017 | Ergebnisse\" target=\"_blank\">Silvesterlauf Peuerbach 2017 | Live-Ergebnisse (Classic)<\/a><br \/>\n<a href=\"http:\/\/www.pentek-timing.at\/results.html?pnr=13305\" title=\"Silvesterlauf Peuerbach 2017 | Ergebnisse\" target=\"_blank\">Silvesterlauf Peuerbach 2017 | Live-Ergebnisse<\/a><\/p>\n<p><a href=\"http:\/\/www.silvesterlauf.at\/de\/laeufe\" title=\"Silvesterlauf Peuerbach 2017 | Zeitplan\" target=\"_blank\">Silvesterlauf Peuerbach 2017 | Zeitplan<\/a><br \/>\n<a href=\"http:\/\/trackandfield.bplaced.net\/171231_Silvesterlauf_Peuerbach_Startliste_Elitelauf_Maenner_2017.pdf\" target=\"_blank\">Silvesterlauf Peuerbach 2017 | Startliste Lauf der Asse &#8211; M\u00e4nner<\/a><br \/>\n<a href=\"http:\/\/trackandfield.bplaced.net\/171231_Silvesterlauf_Peuerbach_Startliste_Elitelauf_Frauen_2017.pdf\" target=\"_blank\">Silvesterlauf Peuerbach 2017 | Startliste Lauf der Asse &#8211; Frauen<\/a><\/p>\n<p><a href=\"http:\/\/www.silvesterlauf.at\/files\/doc\/Silvesterlauf-2015\/sieger-bisher.pdf\" title=\"Silvesterlauf Peuerbach 2015 | Alle bisherigen Sieger\" target=\"_blank\">Silvesterlauf Peuerbach | Alle bisherigen Sieger (bis 2015)<\/a><\/p>\n<h2>Fotos<\/h2>\n<p><a href=\"http:\/\/eventfoto.at\/album\/1968\" title=\"Eventfoto.at | Silvesterlauf in Peuerbach 2017 (Andreas Maringer)\" target=\"_blank\">Eventfoto.at | Silvesterlauf in Peuerbach 2017 &#8211; Lauf (Andreas Maringer)<\/a><br \/>\n<a href=\"https:\/\/www.fotos-sportlich-belichtet.de\/4098628\" target=\"_blank\">Christian G\u00f6stl | Int. Raiffeisen Silvesterlauf Peuerbach 2017<\/a><br \/>\n<a href=\"http:\/\/eventfoto.at\/album\/1967\" title=\"Eventfoto.at | Silvesterlauf in Peuerbach 2017 (Andreas Maringer)\" target=\"_blank\">Eventfoto.at | Silvesterlauf\/B\u00fcrgermeisterempfang Peuerbach 2017 (Andreas Maringer)<\/a><br \/>\n<a href=\"http:\/\/eventfoto.at\/album\/1962\" title=\"Eventfoto.at | Silvesterlauf in Peuerbach 2017 (Andreas Maringer)\" target=\"_blank\">Eventfoto.at | Silvesterlauf in Peuerbach 2017 &#8211; Miss Silvesterlauf (Andreas Maringer)<\/a><br \/>\n<a href=\"https:\/\/www.facebook.com\/111220892279437\/photos\/?tab=album&#038;album_id=1566194746782037\" target=\"_blank\">Facebook | Int. Raiffeisen Silvesterlauf Peuerbach 2017<\/a><br \/>\n<a href=\"https:\/\/www.facebook.com\/111220892279437\/photos\/?tab=album&#038;album_id=1567979206603591\" target=\"_blank\">Facebook | Int. Raiffeisen Silvesterlauf Peuerbach 2017 (Christoph M\u00fchlb\u00f6ck)<\/a><\/p>\n<h2>Videos<\/h2>\n<p>Beitr\u00e4ge werden f\u00fcr 7.1.2018 im ORF Sport-Bild ab 11:30 Uhr und f\u00fcr ORF Sport 20 am 1.1.2018 um 20 Uhr, sowie f\u00fcr 31.12 oder 1.1. in Ober\u00f6sterreich Heute erwartet. Den gewohnt l\u00e4ngere Beitrag \u00fcber ~10 Minuten auf ORF Sport+ gibt es am 4.1. um 20:15, am 6.1. um 0:15 und am 7.1. um 3:15 Uhr.<br \/>\n<iframe loading=\"lazy\" width=\"560\" height=\"315\" src=\"https:\/\/www.youtube.com\/embed\/dc9W-fhtDXI?list=PLaRqCr7PCPyaMGa7PcU8-jpZlBP1XYZv7\" frameborder=\"0\" allowfullscreen><\/iframe><br \/>\n<iframe loading=\"lazy\" width=\"560\" height=\"315\" src=\"https:\/\/www.youtube.com\/embed\/vNnT7EuKKqI\" frameborder=\"0\" gesture=\"media\" allow=\"encrypted-media\" allowfullscreen><\/iframe><\/p>\n<h2>Bericht<\/h2>\n<p><a href=\"http:\/\/www.oelv.at\/news\/detail.php?id=6425\" rel=\"noopener\" target=\"_blank\">\u00d6LV | Silvesterlauf Peuerbach 2017 &#8211; Streckenrekord durch Olympiasiegerin Ruth Jebet<\/a><\/p>\n<p><a href=\"https:\/\/www.leichtathletik.de\/news\/news\/detail\/richard-ringer-erneut-zweiter-die-internationalen-silvesterlaeufe-im-ueberblick\/\" rel=\"noopener\" target=\"_blank\">Leichtathletik.de | Richard Ringer erneut Zweiter: Die internationalen Silvesterl\u00e4ufe im \u00dcberblick<\/a><\/p>\n","protected":false},"excerpt":{"rendered":"<p>Silvesterlauf Peuerbach Vorschau Im M\u00e4nnerrennen bekommt es Dreifachsieger Victor Chumo (KEN) heuer mit dem punktem\u00e4\u00dfig st\u00e4rksten Stra\u00dfenl\u00e4ufer des Jahres Abraham Cheroben (BRN \/ HM 58:40, 10000m 27:11,08) zu tun. Ex-Aequo Silvesterlaufsieger 2014 und Zweiter 2015, 2016 Richard Ringer (GER) m\u00f6chte <a class=\"more-link\" href=\"https:\/\/trackandfield.bplaced.net\/blog\/2017\/12\/silvesterlauf-peuerbach-2017-ergebnisse-elitefeld-fotos-videos-mit-olympiasiegerin\/\"><span class=\"screen-reader-text\">  Silvesterlauf Peuerbach 2017 &#8211; Ergebnisse \/ Elitefeld \/ Fotos \/ Videos mit Olympiasiegerin<\/span> weiterlesen<span class=\"meta-nav\">&rarr;<\/span><\/a><\/p>\n","protected":false},"author":1,"featured_media":0,"comment_status":"closed","ping_status":"closed","sticky":false,"template":"","format":"standard","meta":{"footnotes":""},"categories":[7,8],"tags":[1807,967,91,141,2906,1953,103,2128,2907,741,159,464,943,1868,1350,200,660,941,2410,102,1866],"class_list":["post-16274","post","type-post","status-publish","format-standard","hentry","category-international","category-national","tag-abraham-cheroben","tag-amela-terzic","tag-andrea-mayr","tag-andreas-vojta","tag-andrei-rusu","tag-angela-jemesunde-tanui","tag-christian-steinhammer","tag-elzan-bibic","tag-gabriel-bularda","tag-lena-millonig","tag-nada-pauer","tag-peuerbach","tag-richard-ringer","tag-ruth-jebet","tag-sebastian-hendel","tag-silvesterlauf","tag-stephan-listabarth","tag-timo-benitz","tag-timon-theuer","tag-valentin-pfeil","tag-victor-chumo"],"_links":{"self":[{"href":"https:\/\/trackandfield.bplaced.net\/blog\/wp-json\/wp\/v2\/posts\/16274","targetHints":{"allow":["GET"]}}],"collection":[{"href":"https:\/\/trackandfield.bplaced.net\/blog\/wp-json\/wp\/v2\/posts"}],"about":[{"href":"https:\/\/trackandfield.bplaced.net\/blog\/wp-json\/wp\/v2\/types\/post"}],"author":[{"embeddable":true,"href":"https:\/\/trackandfield.bplaced.net\/blog\/wp-json\/wp\/v2\/users\/1"}],"replies":[{"embeddable":true,"href":"https:\/\/trackandfield.bplaced.net\/blog\/wp-json\/wp\/v2\/comments?post=16274"}],"version-history":[{"count":0,"href":"https:\/\/trackandfield.bplaced.net\/blog\/wp-json\/wp\/v2\/posts\/16274\/revisions"}],"wp:attachment":[{"href":"https:\/\/trackandfield.bplaced.net\/blog\/wp-json\/wp\/v2\/media?parent=16274"}],"wp:term":[{"taxonomy":"category","embeddable":true,"href":"https:\/\/trackandfield.bplaced.net\/blog\/wp-json\/wp\/v2\/categories?post=16274"},{"taxonomy":"post_tag","embeddable":true,"href":"https:\/\/trackandfield.bplaced.net\/blog\/wp-json\/wp\/v2\/tags?post=16274"}],"curies":[{"name":"wp","href":"https:\/\/api.w.org\/{rel}","templated":true}]}}