{"id":16282,"date":"2018-01-26T17:43:22","date_gmt":"2018-01-26T16:43:22","guid":{"rendered":"http:\/\/trackandfield.bplaced.net\/?p=16282"},"modified":"2026-01-20T21:09:10","modified_gmt":"2026-01-20T20:09:10","slug":"istaf-indoor-berlin-2018-tv-livestream-startlisten-zeitplan-ergebnisse-videos-live-ticker-mit-lukas-weisshaidinger","status":"publish","type":"post","link":"https:\/\/trackandfield.bplaced.net\/blog\/2018\/01\/istaf-indoor-berlin-2018-tv-livestream-startlisten-zeitplan-ergebnisse-videos-live-ticker-mit-lukas-weisshaidinger\/","title":{"rendered":"ISTAF Indoor Berlin 2018 &#8211; TV + Livestream? \/ Startlisten \/ Zeitplan \/ Ergebnisse \/ Videos \/ Live-Ticker mit Lukas Wei\u00dfhaidinger"},"content":{"rendered":"<h1><a title=\"ISTAF Indoor\" href=\"http:\/\/www.istaf-indoor.de\/\" target=\"_blank\" rel=\"noopener\">ISTAF Indoor<\/a><\/h1>\n<h2>Vorschau<\/h2>\n<p>Nach seiner Hallendiskuspremiere vergangenes Jahr trifft Lukas Wei\u00dfhaidinger (\u00d6TB O\u00d6) am Freitag beim ISTAF Indoor erneut auf hochklassige Konkurrenz mit den beiden deutschen Olympiasiegern Christoph und Robet Harting. Weiters werden auch schnelle Sprints mit den schnellen DLV L\u00e4uferinnen Gina L\u00fcckenkemper, Lisa Mayer, Rebekka Haase und Alexandra Burghardt erwartet. Im H\u00fcrdensprint trifft Halleneuropameisterin Cindy Roleder auf die WM-Dritte Pamela Dutkiewicz. Auch im Frauenweitsprung und M\u00e4nner Stabhochsprung wird Weltklasse geboten.<\/p>\n<p><a href=\"http:\/\/www.oelv.at\/news\/detail.php?id=6444\" target=\"_blank\" rel=\"noopener\">\u00d6LV | Lukas Wei\u00dfhaidinger startet morgen beim ISTAF Indoor in Berlin<\/a><br \/>\n<a href=\"http:\/\/www.oelv.at\/news\/detail.php?id=6443\" target=\"_blank\" rel=\"noopener\">\u00d6LV | Vorschau auf die Hallensaison 2018<\/a><\/p>\n<p><a href=\"https:\/\/www.swiss-athletics.ch\/de\/blog\/2018\/01\/24\/mehrere-schweizerinnen-vor-ihrem-ersten-auslandstart\/\" target=\"_blank\" rel=\"noopener\">Swiss Athletics | Mehrere Schweizerinnen vor ihrem ersten Auslandstart<\/a><\/p>\n<p><a href=\"https:\/\/www.leichtathletik.de\/news\/news\/detail\/sprint-show-und-diskus-kuer-beim-istaf-indoor\/\" target=\"_blank\" rel=\"noopener\">Leichtathletik.de | Sprint-Show und Diskus-K\u00fcr beim ISTAF Indoor<\/a><br \/>\n<a href=\"https:\/\/www.leichtathletik.de\/news\/news\/detail\/christoph-harting-sagt-start-in-berlin-ab\/\" target=\"_blank\" rel=\"noopener\">Leichtathletik.de | Christoph Harting sagt Start in Berlin ab<\/a><br \/>\n<a href=\"https:\/\/www.leichtathletik.de\/news\/news\/detail\/cindy-roleder-gibt-comeback-bei-leichtathletik-show-in-berlin\/\" target=\"_blank\" rel=\"noopener\">Leichtathletik.de | Cindy Roleder gibt Comeback bei Leichtathletik-Show in Berlin<\/a><br \/>\n<a href=\"https:\/\/www.leichtathletik.de\/news\/news\/detail\/sprintgipfel-in-berlin-lueckenkemper-vs-mayer-vs-haase-vs-burghardt\/\" target=\"_blank\" rel=\"noopener\">Leichtathletik.de | Sprintgipfel in Berlin: L\u00fcckenkemper vs. Mayer vs. Haase vs. Burghardt<\/a><br \/>\n<a href=\"https:\/\/www.leichtathletik.de\/news\/news\/detail\/istaf-indoor-praesentiert-die-ersten-top-athleten\/\" target=\"_blank\" rel=\"noopener\">Leichtathletik.de | ISTAF Indoor pr\u00e4sentiert die ersten Top-Athleten<\/a><br \/>\n<a href=\"https:\/\/www.leichtathletik.de\/news\/news\/detail\/leichtathletik-live-in-der-hallensaison-2018\/\" target=\"_blank\" rel=\"noopener\">Leichtathletik.de | Leichtathletik live in der Hallensaison 2018<\/a><\/p>\n<p><a href=\"http:\/\/www.leichtathletik.de\/termine\/top-events\/istaf-indoor-2018-berlin\/\" target=\"_blank\" rel=\"noopener\">Leichtathletik.de | ISTAF Indoor Berlin 2018<\/a><\/p>\n<p>Trailer:<br \/>\n<iframe loading=\"lazy\" src=\"https:\/\/www.youtube.com\/embed\/g9k1e3S1Jiw\" width=\"560\" height=\"315\" frameborder=\"0\" allowfullscreen=\"allowfullscreen\"><\/iframe><br \/>\n<iframe loading=\"lazy\" src=\"https:\/\/www.youtube.com\/embed\/sAU_LQjgd_k\" width=\"560\" height=\"315\" frameborder=\"0\" allowfullscreen=\"allowfullscreen\"><\/iframe><\/p>\n<h2>TV + &#8222;Livestream&#8220; 27.01.2018 ca. 9:35-10 Uhr<\/h2>\n<p>Am Samstag dem 27.01.2018 gibt es in der ARD Sportschau eine Zusammenfassung des ISTAF Indoor 2018 von ca. 09:35-10 Uhr. Ein freier Livestream der Veranstaltung am Freitag ab 18 Uhr wurde bislang offiziell nicht angek\u00fcndigt.<\/p>\n<h3>Live 26.1. ab 18 Uhr MEZ<\/h3>\n<h4>Zahlungspflichtig + Geoblock UK+IRL<\/h4>\n<p><a title=\"ISTAF Indoor Berlin 2018 | Livestream Flotrack PRO\" href=\"https:\/\/www.flotrack.org\/events\/6085518-2018-istaf-indoor\" target=\"_blank\" rel=\"noopener\">ISTAF Indoor Berlin 2018 | Livestream Flotrack PRO<\/a><\/p>\n<h4>Geoblock POL<\/h4>\n<p><a title=\"ISTAF Indoor Berlin 2018 | Livestream (POL)\" href=\"http:\/\/sport.tvp.pl\/35655540\/lekkoatletyka-halowy-mityng-w-berlinie\" target=\"_blank\" rel=\"noopener\">ISTAF Indoor Berlin 2018 | Livestream (POL)<\/a><\/p>\n<h3>Zusammenfassung<\/h3>\n<h4>Geoblock Deutschland?:<\/h4>\n<p><a title=\"ISTAF Indoor Berlin 2018 | Livestream (Zusammenfassung)\" href=\"http:\/\/live.daserste.de\/\" target=\"_blank\" rel=\"noopener\">ISTAF Indoor Berlin 2018 | Livestream (Zusammenfassung)<\/a><\/p>\n<h2>Startlisten \/ Zeitplan \/ Ergebnisse \/ Live-Ticker<\/h2>\n<p><a href=\"http:\/\/www.istaf-indoor.de\/de.html\" target=\"_blank\" rel=\"noopener\">ISTAF Indoor Berlin 2018 | Live-Ergebnisse<\/a><br \/>\n<a href=\"https:\/\/twitter.com\/ISTAF_Berlin\" target=\"_blank\" rel=\"noopener\">ISTAF Indoor Berlin 2018 | Live-Ticker ISTAF<\/a><br \/>\n<a href=\"https:\/\/twitter.com\/dlv_live\" target=\"_blank\" rel=\"noopener\">ISTAF Indoor Berlin 2018 | Live-Ticker DLV<\/a><br \/>\n<a href=\"http:\/\/www.istaf-indoor.de\/zeitplan\/\" target=\"_blank\" rel=\"noopener\">ISTAF Indoor Berlin 2018 | Zeitplan<\/a><br \/>\n<a href=\"https:\/\/www.istaf-indoor.de\/wp-content\/uploads\/2018\/01\/Start-list-.pdf\" target=\"_blank\" rel=\"noopener\">ISTAF Indoor Berlin 2018 | Startlisten (PDF)<\/a><br \/>\n<a href=\"http:\/\/www.istaf-indoor.de\/startlisten\/\" target=\"_blank\" rel=\"noopener\">ISTAF Indoor Berlin 2018 | Startlisten<\/a><\/p>\n<h2>Fotos \/ Videos<\/h2>\n<p><a href=\"http:\/\/www.istaf-indoor.de\/videos\/\" target=\"_blank\" rel=\"noopener\">ISTAF Indoor Berlin 2018 | Videos<\/a><br \/>\n<a href=\"http:\/\/www.istaf-indoor.de\/bild-galerie\/\" target=\"_blank\" rel=\"noopener\">ISTAF Indoor Berlin 2018 | Fotos<\/a><br \/>\n<a href=\"http:\/\/www.leichtathletik.de\/tv\/veranstaltungen\/video-uebersicht\/veranstaltung\/istaf-indoor\/\" target=\"_blank\" rel=\"noopener\">Leichtathletik.tv | ISTAF Indoor, 10.02.2017<\/a><\/p>\n<p>ARD Sportschau 27.01.2018:<br \/>\n<video preload=\"none\" controls=\"controls\" width=\"560\" height=\"315\"><source src=\"http:\/\/wdrmedien-a.akamaihd.net\/medp\/ondemand\/weltweit\/fsk0\/156\/1568268\/1568268_18024262.mp4\" type=\"video\/mp4\" \/><\/video><\/p>\n<h2>Bericht<\/h2>\n<p>Lukas Wei\u00dfhaidinger (\u00d6TB O\u00d6 LA) gewann den Diskusbewerb des ISTAF Indoor mit 63,91m im letzten Versuch!<\/p>\n<p><a href=\"http:\/\/www.oelv.at\/news\/detail.php?id=6446\" target=\"_blank\" rel=\"noopener\">\u00d6LV | Lukas Wei\u00dfhaidinger gewinnt beim ISTAF Indoor in Berlin<\/a><\/p>\n<p><a href=\"https:\/\/www.leichtathletik.de\/news\/news\/detail\/tatjana-pinto-legt-708-sekunden-vor\/\" target=\"_blank\" rel=\"noopener\">Leichtathletik.de | Tatjana Pinto legt 7,08 Sekunden vor<\/a><br \/>\n<a href=\"https:\/\/www.leichtathletik.de\/news\/news\/detail\/robert-harting-geniesst-abschiedstour-der-koerper-ist-wieder-da\/\" target=\"_blank\" rel=\"noopener\">Leichtathletik.de | Robert Harting genie\u00dft Abschiedstour: &#8222;Der K\u00f6rper ist wieder da&#8220;<\/a><\/p>\n<p><a href=\"https:\/\/www.iaaf.org\/news\/news\/pinto-60m-world-lead-berlin\" target=\"_blank\" rel=\"noopener\">IAAF | Pinto clocks 60m world lead in Berlin, Lisek tops 5.83m<\/a><\/p>\n","protected":false},"excerpt":{"rendered":"<p>ISTAF Indoor Vorschau Nach seiner Hallendiskuspremiere vergangenes Jahr trifft Lukas Wei\u00dfhaidinger (\u00d6TB O\u00d6) am Freitag beim ISTAF Indoor erneut auf hochklassige Konkurrenz mit den beiden deutschen Olympiasiegern Christoph und Robet Harting. Weiters werden auch schnelle Sprints mit den schnellen DLV <a class=\"more-link\" href=\"https:\/\/trackandfield.bplaced.net\/blog\/2018\/01\/istaf-indoor-berlin-2018-tv-livestream-startlisten-zeitplan-ergebnisse-videos-live-ticker-mit-lukas-weisshaidinger\/\"><span class=\"screen-reader-text\">  ISTAF Indoor Berlin 2018 &#8211; TV + Livestream? \/ Startlisten \/ Zeitplan \/ Ergebnisse \/ Videos \/ Live-Ticker mit Lukas Wei\u00dfhaidinger<\/span> weiterlesen<span class=\"meta-nav\">&rarr;<\/span><\/a><\/p>\n","protected":false},"author":1,"featured_media":0,"comment_status":"closed","ping_status":"closed","sticky":false,"template":"","format":"standard","meta":{"footnotes":""},"categories":[7],"tags":[2485,1896,22,2197,1540,1348,515,376,2465,140,119,2484,2466,1621,826,1019,1313],"class_list":["post-16282","post","type-post","status-publish","format-standard","hentry","category-international","tag-alexandra-burghardt","tag-alexandra-wester","tag-berlin","tag-christoph-harting","tag-cindy-roleder","tag-gina-lueckenkemper","tag-indoor","tag-istaf","tag-lisa-mayer","tag-livestream","tag-lukas-weishaidinger","tag-marie-josee-ta-lou","tag-pamela-dutkiewicz","tag-rebekka-haase","tag-robert-harting","tag-sosthene-moguenara","tag-tianna-bartoletta"],"_links":{"self":[{"href":"https:\/\/trackandfield.bplaced.net\/blog\/wp-json\/wp\/v2\/posts\/16282","targetHints":{"allow":["GET"]}}],"collection":[{"href":"https:\/\/trackandfield.bplaced.net\/blog\/wp-json\/wp\/v2\/posts"}],"about":[{"href":"https:\/\/trackandfield.bplaced.net\/blog\/wp-json\/wp\/v2\/types\/post"}],"author":[{"embeddable":true,"href":"https:\/\/trackandfield.bplaced.net\/blog\/wp-json\/wp\/v2\/users\/1"}],"replies":[{"embeddable":true,"href":"https:\/\/trackandfield.bplaced.net\/blog\/wp-json\/wp\/v2\/comments?post=16282"}],"version-history":[{"count":1,"href":"https:\/\/trackandfield.bplaced.net\/blog\/wp-json\/wp\/v2\/posts\/16282\/revisions"}],"predecessor-version":[{"id":40542,"href":"https:\/\/trackandfield.bplaced.net\/blog\/wp-json\/wp\/v2\/posts\/16282\/revisions\/40542"}],"wp:attachment":[{"href":"https:\/\/trackandfield.bplaced.net\/blog\/wp-json\/wp\/v2\/media?parent=16282"}],"wp:term":[{"taxonomy":"category","embeddable":true,"href":"https:\/\/trackandfield.bplaced.net\/blog\/wp-json\/wp\/v2\/categories?post=16282"},{"taxonomy":"post_tag","embeddable":true,"href":"https:\/\/trackandfield.bplaced.net\/blog\/wp-json\/wp\/v2\/tags?post=16282"}],"curies":[{"name":"wp","href":"https:\/\/api.w.org\/{rel}","templated":true}]}}