{"id":16325,"date":"2018-02-04T08:47:32","date_gmt":"2018-02-04T07:47:32","guid":{"rendered":"http:\/\/trackandfield.bplaced.net\/?p=16325"},"modified":"2018-02-04T17:24:16","modified_gmt":"2018-02-04T16:24:16","slug":"european-cross-country-club-championships-mira-2018-livestream-startlisten-zeitplan-live-ergebnisse-mit-dsg-wien","status":"publish","type":"post","link":"https:\/\/trackandfield.bplaced.net\/blog\/2018\/02\/european-cross-country-club-championships-mira-2018-livestream-startlisten-zeitplan-live-ergebnisse-mit-dsg-wien\/","title":{"rendered":"European Cross Country Club Championships Mira 2018 &#8211; Livestream \/ Startlisten \/ Zeitplan \/ Live-Ergebnisse mit DSG Wien"},"content":{"rendered":"<h1><a href=\"http:\/\/mira2018.cm-mira.pt\/\" title=\"ECCC Cross Country Mira 2018\" target=\"_blank\">ECCC Cross Country Mira 2018<\/a><\/h1>\n<p>Und auch f\u00fcr Freunde des Crosslaufs gibt es am Sonntag eine Livestream \u00dcbertragung und zwar die European Cross Country Club Championships aus dem portugisischen Mira. DSG Wien mit Roland Fencl, Patrick Krammer, Stephan Listabarth, Christoph Sander und Timon Theuer nehmen heuer teil. Aus Deutschland ist das Team ART D\u00fcsseldorf am Start mit Philipp Baar, Julian Fl\u00fcgel, Paul Schmidt und Andreas Stra\u00dfner. Aus der Schweiz nehmen mehrere Teams teil.<\/p>\n<p><a href=\"http:\/\/www.european-athletics.org\/competitions\/eccc-cross-country\/\" rel=\"noopener\" target=\"_blank\">European Athletics | Istanbul BBSK and Uskudar Belediye to defend their titles in Mira<\/a><\/p>\n<h2>Livestream &#8211; 04.02.2018 ca. 10-13 Uhr MEZ<\/h2>\n<p><a href=\"http:\/\/mira2018.cm-mira.pt\/?q=node\/225\" title=\"ECCC Cross Country Mira 2018 | Livestream\" target=\"_blank\">ECCC Cross Country Mira 2018 | Livestream<\/a><br \/>\n<iframe loading=\"lazy\" width=\"560\" height=\"315\" src=\"https:\/\/www.youtube.com\/embed\/DMospps0tzs\" frameborder=\"0\" allow=\"autoplay; encrypted-media\" allowfullscreen><\/iframe><\/p>\n<h2>Startlisten \/ Zeitplan \/ Live-Ergebnisse<\/h2>\n<p><a href=\"https:\/\/lap2go.com\/pt\/event\/eccc-cross-country-2018\/timetable\" title=\"ECCC Cross Country Mira 2018 | Zeitplan\" target=\"_blank\">ECCC Cross Country Mira 2018 | Live-Ergebnisse \/ Zeitplan<\/a><br \/>\n<a href=\"http:\/\/mira2018.cm-mira.pt\/?q=node\/226\" title=\"ECCC Cross Country Mira 2018 | Startlisten\" target=\"_blank\">ECCC Cross Country Mira 2018 | Ergebnisse (PDF)<\/a><br \/>\n<a href=\"http:\/\/mira2018.cm-mira.pt\/sites\/default\/files\/StartList_ECCCMira2018_.pdf\" title=\"ECCC Cross Country Guadalajara 2015 | Startlisten\" target=\"_blank\">ECCC Cross Country Mira 2018 | Startlisten (Athleten)<\/a><br \/>\n<a href=\"http:\/\/mira2018.cm-mira.pt\/?q=teams\" title=\"ECCC Cross Country Mira 2018 | Startlisten\" target=\"_blank\">ECCC Cross Country Mira 2018 | Startlisten (Teams)<\/a><\/p>\n<h2>Bericht<\/h2>\n<p>Platz 39 gab es f\u00fcr Stephan Listabarth, Platz 41 f\u00fcr Timon Theuer, Platz 69 f\u00fcr Christoph Sander und Platz 96 f\u00fcr Patrick Krammer. In der Mannschaftswertung belegte man Rang 16 von 22.<\/p>\n","protected":false},"excerpt":{"rendered":"<p>ECCC Cross Country Mira 2018 Und auch f\u00fcr Freunde des Crosslaufs gibt es am Sonntag eine Livestream \u00dcbertragung und zwar die European Cross Country Club Championships aus dem portugisischen Mira. DSG Wien mit Roland Fencl, Patrick Krammer, Stephan Listabarth, Christoph <a class=\"more-link\" href=\"https:\/\/trackandfield.bplaced.net\/blog\/2018\/02\/european-cross-country-club-championships-mira-2018-livestream-startlisten-zeitplan-live-ergebnisse-mit-dsg-wien\/\"><span class=\"screen-reader-text\">  European Cross Country Club Championships Mira 2018 &#8211; Livestream \/ Startlisten \/ Zeitplan \/ Live-Ergebnisse mit DSG Wien<\/span> weiterlesen<span class=\"meta-nav\">&rarr;<\/span><\/a><\/p>\n","protected":false},"author":1,"featured_media":0,"comment_status":"closed","ping_status":"closed","sticky":false,"template":"","format":"standard","meta":{"footnotes":""},"categories":[7],"tags":[440,1732,140,2919,661,660,2410],"class_list":["post-16325","post","type-post","status-publish","format-standard","hentry","category-international","tag-christoph-sander","tag-european-athletics","tag-livestream","tag-patrick-krammer","tag-roland-fencl","tag-stephan-listabarth","tag-timon-theuer"],"_links":{"self":[{"href":"https:\/\/trackandfield.bplaced.net\/blog\/wp-json\/wp\/v2\/posts\/16325","targetHints":{"allow":["GET"]}}],"collection":[{"href":"https:\/\/trackandfield.bplaced.net\/blog\/wp-json\/wp\/v2\/posts"}],"about":[{"href":"https:\/\/trackandfield.bplaced.net\/blog\/wp-json\/wp\/v2\/types\/post"}],"author":[{"embeddable":true,"href":"https:\/\/trackandfield.bplaced.net\/blog\/wp-json\/wp\/v2\/users\/1"}],"replies":[{"embeddable":true,"href":"https:\/\/trackandfield.bplaced.net\/blog\/wp-json\/wp\/v2\/comments?post=16325"}],"version-history":[{"count":0,"href":"https:\/\/trackandfield.bplaced.net\/blog\/wp-json\/wp\/v2\/posts\/16325\/revisions"}],"wp:attachment":[{"href":"https:\/\/trackandfield.bplaced.net\/blog\/wp-json\/wp\/v2\/media?parent=16325"}],"wp:term":[{"taxonomy":"category","embeddable":true,"href":"https:\/\/trackandfield.bplaced.net\/blog\/wp-json\/wp\/v2\/categories?post=16325"},{"taxonomy":"post_tag","embeddable":true,"href":"https:\/\/trackandfield.bplaced.net\/blog\/wp-json\/wp\/v2\/tags?post=16325"}],"curies":[{"name":"wp","href":"https:\/\/api.w.org\/{rel}","templated":true}]}}