{"id":16739,"date":"2018-06-16T14:30:24","date_gmt":"2018-06-16T12:30:24","guid":{"rendered":"http:\/\/trackandfield.bplaced.net\/?p=16739"},"modified":"2018-07-03T08:00:13","modified_gmt":"2018-07-03T06:00:13","slug":"soundtrack-tuebingen-2018-livestream-live-ergebnisse-zeitplan-startlisten-mit-andreas-vojta-und-nada-pauer","status":"publish","type":"post","link":"https:\/\/trackandfield.bplaced.net\/blog\/2018\/06\/soundtrack-tuebingen-2018-livestream-live-ergebnisse-zeitplan-startlisten-mit-andreas-vojta-und-nada-pauer\/","title":{"rendered":"Soundtrack T\u00fcbingen 2018 &#8211; Livestream \/ Live-Ergebnisse \/ Zeitplan \/ Startlisten mit Andreas Vojta, Nada Pauer und uvm."},"content":{"rendered":"<h1><a href=\"https:\/\/soundtracktuebingen.de\/\" target=\"_blank\">Soundtrack T\u00fcbingen<\/a><\/h1>\n<h2>Vorschau<\/h2>\n<p>Gef\u00fchlt halb Leichtathletikdeutschland trifft sich am Wochenende beim Soundtrack Meeting in T\u00fcbingen. Aus \u00f6sterreichischer Sicht sind auch Andreas Vojta (team2012.at), Nada Ina Pauer (SVS-Leichtathletik), Hans-Peter Innerhofer (LC Oberpinzgau), Stephan Listabarth und Luca Sinn (UAB Athletics) \u00fcber 5000m gemeldet. Ebenso auf der Meldeliste findet man Carina Reicht (run2gether, 3000m), Dominik Stadlmann (KUS \u00d6BV Pro Team, 800m &#038; 1500m), Paul Scheucher (SVS-Leichtathletik), Roland Fencl und Vera Mair (DSG Wien, beide 1500m).<\/p>\n<p><a href=\"https:\/\/www.leichtathletik.de\/news\/news\/detail\/tuebinger-soundtrack-mit-vielen-top-athleten\/\" rel=\"noopener\" target=\"_blank\">Leichtathletik.de | T\u00fcbinger Soundtrack mit vielen Top-Athleten<\/a><\/p>\n<p>Trailer 2018:<br \/>\n<iframe loading=\"lazy\" src=\"https:\/\/www.facebook.com\/plugins\/video.php?href=https%3A%2F%2Fwww.facebook.com%2Fsoundtracktuebingen%2Fvideos%2F448221785619269%2F&#038;show_text=0&#038;width=560\" width=\"560\" height=\"315\" style=\"border:none;overflow:hidden\" scrolling=\"no\" frameborder=\"0\" allowTransparency=\"true\" allowFullScreen=\"true\"><\/iframe><br \/>\n<iframe loading=\"lazy\" src=\"https:\/\/www.facebook.com\/plugins\/video.php?href=https%3A%2F%2Fwww.facebook.com%2Fsoundtracktuebingen%2Fvideos%2F449944652113649%2F&#038;show_text=0&#038;width=560\" width=\"560\" height=\"315\" style=\"border:none;overflow:hidden\" scrolling=\"no\" frameborder=\"0\" allowTransparency=\"true\" allowFullScreen=\"true\"><\/iframe><\/p>\n<p>Highlights 2017:<br \/>\n<iframe loading=\"lazy\" width=\"560\" height=\"315\" src=\"https:\/\/www.youtube.com\/embed\/kE7EHq8Xt9k\" frameborder=\"0\" allow=\"autoplay; encrypted-media\" allowfullscreen><\/iframe><br \/>\n<iframe loading=\"lazy\" width=\"560\" height=\"315\" src=\"https:\/\/www.youtube.com\/embed\/fLvO1b8BGS0\" frameborder=\"0\" allow=\"autoplay; encrypted-media\" allowfullscreen><\/iframe><\/p>\n<h2>Livestream 16.06.2018 ab 13:30 Uhr<\/h2>\n<p><a href=\"https:\/\/iframe.dacast.com\/b\/112881\/c\/474858\" rel=\"noopener\" target=\"_blank\">Soundtrack T\u00fcbingen 2018 | Livestream<\/a><br \/>\n<iframe src=\"https:\/\/iframe.dacast.com\/b\/112881\/c\/474858\" style=\"width:560px;height:315px\" allowfullscreen=\"\"><\/iframe><\/p>\n<h2>Live-Ergebnisse \/ Zeitplan \/ Startlisten<\/h2>\n<p><a href=\"https:\/\/laportal.net\/CIS\/Timetable?compid=808\" rel=\"noopener\" target=\"_blank\">Soundtrack T\u00fcbingen 2018 | Live-Ergebnisse \/ Zeitplan \/ Startlisten<\/a><br \/>\n<a href=\"https:\/\/laportal.net\/Competitions\/Details\/808\/\" rel=\"noopener\" target=\"_blank\">Soundtrack T\u00fcbingen 2018 | Live-Ergebnisse \/ Zeitplan \/ Startlisten<\/a><\/p>\n<p><a href=\"https:\/\/soundtracktuebingen.de\/de\/2723-2\/\" rel=\"noopener\" target=\"_blank\">Soundtrack T\u00fcbingen 2018 | Top-Athleten 2018<\/a><br \/>\n<a href=\"https:\/\/soundtracktuebingen.de\/wp-content\/uploads\/2018\/06\/Finaler-Zeitplan-Soundtrack-mit-BaW%C3%BCU20.pdf\" rel=\"noopener\" target=\"_blank\">Soundtrack T\u00fcbingen 2018 | Zeitplan (PDF)<\/a><br \/>\n<a href=\"https:\/\/soundtracktuebingen.de\/wp-content\/uploads\/2018\/06\/Meldeliste.pdf\" rel=\"noopener\" target=\"_blank\">Soundtrack T\u00fcbingen 2018 | Meldelisten<\/a><br \/>\n<a href=\"https:\/\/ladv.de\/meldung\/teilnehmer\/15988\" rel=\"noopener\" target=\"_blank\">Soundtrack T\u00fcbingen 2018 | Meldelisten (ladv)<\/a><\/p>\n<h2>Fotos<\/h2>\n<p><a href=\"https:\/\/www.facebook.com\/pg\/soundtracktuebingen\/photos\/?tab=album&#038;album_id=384904141951034\" rel=\"noopener\" target=\"_blank\">Soundtrack T\u00fcbingen 2018 | Fotos 2017<\/a><\/p>\n<h2>Videos<\/h2>\n<p>Mehrere Laufvideos findet man bereits am Youtube Kanal:<br \/>\n<a href=\"https:\/\/www.youtube.com\/channel\/UCI26vVffTa6KgV7nNhUYupg\" rel=\"noopener\" target=\"_blank\">Soundtrack T\u00fcbingen 2018 | Youtube Kanal<\/a><\/p>\n<p>Aftermovie:<br \/>\n<iframe loading=\"lazy\" width=\"560\" height=\"315\" src=\"https:\/\/www.youtube.com\/embed\/j9sknLuZNgk\" frameborder=\"0\" allow=\"autoplay; encrypted-media\" allowfullscreen><\/iframe><\/p>\n<h2>Bericht<\/h2>\n<p><a href=\"http:\/\/www.oelv.at\/news\/detail.php?id=6665\" rel=\"noopener\" target=\"_blank\">\u00d6LV | Nada Ina Pauer schrammt nur knapp am EM-Limit \u00fcber 5.000m vorbei<\/a><br \/>\n<a href=\"http:\/\/www.oelv.at\/news\/detail.php?id=6663\" rel=\"noopener\" target=\"_blank\">\u00d6LV | U18-EM Limits durch Anna-Sophie Meusburger und Carina Reicht<\/a><\/p>\n<p><a href=\"https:\/\/www.leichtathletik.de\/news\/news\/detail\/traber-ringer-klein-hering-oder-burkard-top-leistungen-am-fliessband-in-tuebingen\/\" rel=\"noopener\" target=\"_blank\">Leichtathletik.de | Traber, Ringer, Klein, Hering oder Burkard: Top-Leistungen am Flie\u00dfband in T\u00fcbingen<\/a><\/p>\n","protected":false},"excerpt":{"rendered":"<p>Soundtrack T\u00fcbingen Vorschau Gef\u00fchlt halb Leichtathletikdeutschland trifft sich am Wochenende beim Soundtrack Meeting in T\u00fcbingen. Aus \u00f6sterreichischer Sicht sind auch Andreas Vojta (team2012.at), Nada Ina Pauer (SVS-Leichtathletik), Hans-Peter Innerhofer (LC Oberpinzgau), Stephan Listabarth und Luca Sinn (UAB Athletics) \u00fcber 5000m <a class=\"more-link\" href=\"https:\/\/trackandfield.bplaced.net\/blog\/2018\/06\/soundtrack-tuebingen-2018-livestream-live-ergebnisse-zeitplan-startlisten-mit-andreas-vojta-und-nada-pauer\/\"><span class=\"screen-reader-text\">  Soundtrack T\u00fcbingen 2018 &#8211; Livestream \/ Live-Ergebnisse \/ Zeitplan \/ Startlisten mit Andreas Vojta, Nada Pauer und uvm.<\/span> weiterlesen<span class=\"meta-nav\">&rarr;<\/span><\/a><\/p>\n","protected":false},"author":1,"featured_media":0,"comment_status":"closed","ping_status":"closed","sticky":false,"template":"","format":"standard","meta":{"footnotes":""},"categories":[7,8],"tags":[1896,141,2818,2104,1537,578,410,600,2891,409,702,1143,2096,1936,928,1077,2993,2334,140,779,2661,1082,2163,1863,159,1626,1677,1253,943,661,164,1579,1019,2992,660,2486,2983],"class_list":["post-16739","post","type-post","status-publish","format-standard","hentry","category-international","category-national","tag-alexandra-wester","tag-andreas-vojta","tag-carina-reicht","tag-caterina-granz","tag-christina-hering","tag-denise-krebs","tag-diana-sujew","tag-dominik-stadlmann","tag-elena-burkard","tag-elina-sujew","tag-florian-orth","tag-gesa-felicitas-krause","tag-gregor-traber","tag-hanna-klein","tag-hans-peter-innerhofer","tag-homiyu-tesfaye","tag-imke-onnen","tag-laura-mueller","tag-livestream","tag-luca-sinn","tag-marc-reuther","tag-marie-laurence-jungfleisch","tag-marius-probst","tag-miriam-dattke","tag-nada-pauer","tag-nadine-gonska","tag-paul-scheucher","tag-philipp-pflieger","tag-richard-ringer","tag-roland-fencl","tag-sabrina-mockenhaupt","tag-sarah-schmidt","tag-sosthene-moguenara","tag-soundtrack-tuebingen","tag-stephan-listabarth","tag-tanja-spill","tag-vera-mair"],"_links":{"self":[{"href":"https:\/\/trackandfield.bplaced.net\/blog\/wp-json\/wp\/v2\/posts\/16739","targetHints":{"allow":["GET"]}}],"collection":[{"href":"https:\/\/trackandfield.bplaced.net\/blog\/wp-json\/wp\/v2\/posts"}],"about":[{"href":"https:\/\/trackandfield.bplaced.net\/blog\/wp-json\/wp\/v2\/types\/post"}],"author":[{"embeddable":true,"href":"https:\/\/trackandfield.bplaced.net\/blog\/wp-json\/wp\/v2\/users\/1"}],"replies":[{"embeddable":true,"href":"https:\/\/trackandfield.bplaced.net\/blog\/wp-json\/wp\/v2\/comments?post=16739"}],"version-history":[{"count":0,"href":"https:\/\/trackandfield.bplaced.net\/blog\/wp-json\/wp\/v2\/posts\/16739\/revisions"}],"wp:attachment":[{"href":"https:\/\/trackandfield.bplaced.net\/blog\/wp-json\/wp\/v2\/media?parent=16739"}],"wp:term":[{"taxonomy":"category","embeddable":true,"href":"https:\/\/trackandfield.bplaced.net\/blog\/wp-json\/wp\/v2\/categories?post=16739"},{"taxonomy":"post_tag","embeddable":true,"href":"https:\/\/trackandfield.bplaced.net\/blog\/wp-json\/wp\/v2\/tags?post=16739"}],"curies":[{"name":"wp","href":"https:\/\/api.w.org\/{rel}","templated":true}]}}