{"id":17342,"date":"2018-08-06T07:26:26","date_gmt":"2018-08-06T05:26:26","guid":{"rendered":"http:\/\/trackandfield.bplaced.net\/?p=17342"},"modified":"2026-01-20T20:53:05","modified_gmt":"2026-01-20T19:53:05","slug":"leichtathletik-europameisterschaften-emec-berlin-2018-tv-livestream-startlisten-zeitplan-ergebnisse","status":"publish","type":"post","link":"https:\/\/trackandfield.bplaced.net\/blog\/2018\/08\/leichtathletik-europameisterschaften-emec-berlin-2018-tv-livestream-startlisten-zeitplan-ergebnisse\/","title":{"rendered":"Leichtathletik Europameisterschaften \/ EM\/EC Berlin 2018 &#8211; TV + Livestream \/ Startlisten \/ Zeitplan \/ Ergebnisse"},"content":{"rendered":"<h1><a href=\"http:\/\/www.berlin2018.info\/\" target=\"_blank\" rel=\"noopener noreferrer\">Leichtathletik Europameisterschaften \/ EM\/EC Berlin 2018<\/a><\/h1>\n<h2>Vorschau<\/h2>\n<p>Am Montag startet die Leichtathletik Europameisterschaften in Berlin. Mit dabei ist ein 16-k\u00f6pfiges \u00d6LV Team, welches auch Medaillenchancen hat. Das Schweizer Team umfasst \u00fcber 50 Athleten, w\u00e4hrend die Deutschen bei der Heim-EM gleich \u00fcber 120 Athleten an den Start bringen werden. Die Leichtathletik ist auch Teil der ersten European Championships, die sieben Sportarten vereint. Die restlichen Bewerbe finden in Glasgow (und Edinburgh) statt.<\/p>\n<p><video preload=\"none\" controls=\"controls\" width=\"560\" height=\"315\"><source src=\"https:\/\/www.leichtathletik.de\/fileadmin\/user_upload\/02_TV\/2018\/EM_Berlin\/EM_BERLIN_2018_PROMO_FILM_klein.mp4\" type=\"video\/mp4\" \/><\/video><\/p>\n<h4>\u00d6LV Vorberichte<\/h4>\n<p><a href=\"https:\/\/www.oelv.at\/de\/newsshow-em-berlin-morgen-geht-es-los\" target=\"_blank\" rel=\"noopener noreferrer\">\u00d6LV | EM Berlin: Morgen geht es los<\/a><br \/>\n<a href=\"https:\/\/www.oelv.at\/de\/newsshow-oelv-nominiert-14-athleten-fuer-em-in-berlin\" target=\"_blank\" rel=\"noopener noreferrer\">\u00d6LV | \u00d6LV nominiert 14 Athleten f\u00fcr EM in Berlin<\/a><br \/>\n<a href=\"https:\/\/www.oelv.at\/de\/newsshow-oelv-team-fuer-em-in-berlin-bekommt-zuwachs\" target=\"_blank\" rel=\"noopener noreferrer\">\u00d6LV | \u00d6LV-Team f\u00fcr EM in Berlin bekommt Zuwachs<\/a><br \/>\n<a href=\"https:\/\/www.oelv.at\/de\/newsshow-pressekonferenz-zur-em-in-berlin-re-live\" target=\"_blank\" rel=\"noopener noreferrer\">\u00d6LV | Pressekonferenz zur EM in Berlin Re-Live<\/a><br \/>\n<a href=\"https:\/\/www.oelv.at\/de\/newsshow-vorschau-em-berlin-teil-1-allgemeine-infos\" target=\"_blank\" rel=\"noopener noreferrer\">\u00d6LV | Vorschau: EM Berlin &#8211; Teil 1 &#8211; Allgemeine Infos<\/a><br \/>\n<a href=\"https:\/\/www.oelv.at\/de\/newsshow-vorschau-em-berlin-teil-2-sprint-zehnkampf-diskuswurf-und-hindernislauf\" target=\"_blank\" rel=\"noopener noreferrer\">\u00d6LV | Vorschau: EM Berlin &#8211; Teil 2 &#8211; Sprint, Zehnkampf, Diskuswurf und Hindernislauf<\/a><br \/>\n<a href=\"https:\/\/www.oelv.at\/de\/newsshow-vorschau-em-berlin-teil-3-siebenkampf-und-huerdenlauf\" target=\"_blank\" rel=\"noopener noreferrer\">\u00d6LV | Vorschau: EM Berlin &#8211; Teil 3 &#8211; Siebenkampf und H\u00fcrdenlauf<\/a><br \/>\n<a href=\"https:\/\/www.oelv.at\/de\/newsshow-vorschau-em-berlin-teil-4-langstrecke-und-marathon\" target=\"_blank\" rel=\"noopener noreferrer\">\u00d6LV | Vorschau: EM Berlin &#8211; Teil 4 &#8211; Langstrecke und Marathon<\/a><\/p>\n<h4>Swiss Athletics Vorberichte<\/h4>\n<p><a href=\"https:\/\/www.swiss-athletics.ch\/de\/blog\/2018\/07\/30\/swiss-athletics-selektioniert-51-koepfiges-team-fuer-die-em-in-berlin\/\" target=\"_blank\" rel=\"noopener noreferrer\">Swiss Athletics | Swiss Athletics selektioniert 52-k\u00f6pfiges Team f\u00fcr die EM in Berlin<\/a><br \/>\n<a href=\"https:\/\/www.swiss-athletics.ch\/de\/blog\/2018\/07\/31\/annik-kaelin-und-lore-hoffmann-fuer-em-in-berlin-nachnominiert\/\" target=\"_blank\" rel=\"noopener noreferrer\">Swiss Athletics | Annik K\u00e4lin und Lore Hoffmann f\u00fcr EM in Berlin nachnominiert<\/a><br \/>\n<a href=\"https:\/\/www.swiss-athletics.ch\/de\/blog\/2018\/07\/31\/titel-1\/\" target=\"_blank\" rel=\"noopener noreferrer\">Swiss Athletics | Swiss Athletics entzieht Pascal Mancini per sofort die Lizenz<\/a><br \/>\n<a href=\"https:\/\/www.swiss-athletics.ch\/de\/blog\/2018\/08\/02\/fuenf-schweizer-direkt-in-den-em-halbfinals\/\" target=\"_blank\" rel=\"noopener noreferrer\">Swiss Athletics | F\u00fcnf Schweizer direkt in den EM-Halbfinals \u2013 100-m-Startplatz f\u00fcr Clivaz<\/a><br \/>\n<a href=\"https:\/\/www.swiss-athletics.ch\/de\/blog\/2018\/08\/05\/schweizer-em-team-mit-ausgezeichneten-perspektiven\/\" target=\"_blank\" rel=\"noopener noreferrer\">Swiss Athletics | Schweizer EM-Team mit ausgezeichneten Perspektiven<\/a><\/p>\n<h4>DLV Vorberichte<\/h4>\n<p><a href=\"https:\/\/www.leichtathletik.de\/termine\/top-events\/em-2018-berlin\/\" target=\"_blank\" rel=\"noopener noreferrer\">Leichtathletik.de | Europameisterschaften 2018 Berlin<\/a><br \/>\n<a href=\"https:\/\/www.leichtathletik.de\/news\/news\/detail\/em-2018-die-grosse-vorschau-der-maenner\/\" target=\"_blank\" rel=\"noopener noreferrer\">Leichtathletik.de | EM 2018 \u2013 Die gro\u00dfe Vorschau der M\u00e4nner<\/a><br \/>\n<a href=\"https:\/\/www.leichtathletik.de\/news\/news\/detail\/em-2018-die-grosse-vorschau-der-frauen\/\" target=\"_blank\" rel=\"noopener noreferrer\">Leichtathletik.de | EM 2018 \u2013 Die gro\u00dfe Vorschau der Frauen<\/a><br \/>\n<a href=\"https:\/\/www.leichtathletik.de\/news\/news\/detail\/dlv-nominiert-groesstes-team-seiner-geschichte-fuer-em-in-berlin\/\" target=\"_blank\" rel=\"noopener noreferrer\">Leichtathletik.de | DLV nominiert gr\u00f6\u00dftes Team seiner Geschichte f\u00fcr EM in Berlin<\/a><br \/>\n<a href=\"https:\/\/www.leichtathletik.de\/news\/news\/detail\/die-leichtathletik-em-in-berlin-live-im-tv-und-netz\/\" target=\"_blank\" rel=\"noopener noreferrer\">Leichtathletik.de | Die Leichtathletik-EM in Berlin live im TV und Netz<\/a><br \/>\n<a href=\"https:\/\/www.leichtathletik.de\/news\/news\/detail\/berlin-2009-bis-berlin-2018-neun-jahre-neun-athleten\/\" target=\"_blank\" rel=\"noopener noreferrer\">Leichtathletik.de | Berlin 2009 bis Berlin 2018: Neun Jahre, neun Athleten<\/a><\/p>\n<h2>TV+Livestream Zeiten<\/h2>\n<p><a href=\"https:\/\/www.leichtathletik.de\/news\/news\/detail\/die-leichtathletik-em-in-berlin-live-im-tv-und-netz\/\" target=\"_blank\" rel=\"noopener noreferrer\">Leichtathletik.de | Die Leichtathletik-EM in Berlin live im TV und Netz<\/a><\/p>\n<h4>EAA Livestream<\/h4>\n<p>Vermutlich ist der EAA Livestream f\u00fcr L\u00e4nder geblockt, wo auch eine TV-\u00dcbertragung geplant ist.<br \/>\n<a href=\"https:\/\/www.eurovisionsports.tv\/EuropeanChamps18\/athletics\/live.html?id=267\" target=\"_blank\" rel=\"noopener noreferrer\">Leichtathletik Europameisterschaften Berlin 2018 | Livestream (EAA)<\/a><br \/>\n<!-- <iframe loading=\"lazy\" class=\"dcm-videoframe js-video BBA7D47RVP\" src=\"http:\/\/www.eurovisionsports.tv\/eaa\/embedded.html?tag=BBA7D47RVP&amp;autoplay=false\" width=\"560\" height=\"315\" frameborder=\"0\" allowfullscreen=\"\" scrolling=\"no\">  --><\/p>\n<h4>ORF Sport+ Livestream (f\u00fcr AUT-IP):<\/h4>\n<p>TV-Zeiten (live) &#8211; ORF Sport+ (Stand 05.08.2018):<\/p>\n<ul>\n<li>Montag 06.08.2018 &#8211; ca. 16:00-18:25 (+18:55-19:45 TVthek)<\/li>\n<li>Dienstag 07.08.2018 &#8211; ca. 09:30-12:40 &amp; 18:30-22<\/li>\n<li>Mittwoch 08.08.2018 &#8211; ca. 09:30-15:20 &amp; 17:50-21:50<\/li>\n<li>Donnerstag 09.08.2018 &#8211; ca. 09:30-15:00 &amp; 19:41-22:00<\/li>\n<li>Freitag 10.08.2018 &#8211; ca. 10:00-15:00 &amp; (+19:10-22 TVthek)) 21:15-22<\/li>\n<li>Samstag 11.08.2018 &#8211; ca. 20:00-22:00<\/li>\n<li>Sonntag 12.08.2018 &#8211; ca. 09:00-12:30 &amp; 19:10-21:45<\/li>\n<\/ul>\n<p><a href=\"https:\/\/tvthek.orf.at\/live\" target=\"_blank\" rel=\"noopener noreferrer\">Leichtathletik Europameisterschaften Berlin 2018 | Livestream (ORF)<\/a><\/p>\n<h4>ARD\/ZDF<\/h4>\n<p><a href=\"https:\/\/www.leichtathletik.de\/termine\/leichtathletik-im-tv\/\" target=\"_blank\" rel=\"noopener noreferrer\">TV-Zeiten &#8211; ARD\/ZDF + Livestreams (von Leichtathletik.de)<\/a><\/p>\n<h4>Geoblock GER?<\/h4>\n<p><a href=\"http:\/\/www.daserste.de\/live\/index.html\" target=\"_blank\" rel=\"noopener noreferrer\">Leichtathletik Europameisterschaften Berlin 2018 | TV-Livestream (ARD)<\/a><br \/>\n<a href=\"https:\/\/ecs.sportschau.de\/ecs2018\/zeitplan\/#s=LA&amp;d=20180802,20180807,20180808,20180809,20180810,20180811,20180812&amp;livestreamsonly=true\" target=\"_blank\" rel=\"noopener noreferrer\">Leichtathletik Europameisterschaften Berlin 2018 | Livestream (ARD)<\/a><\/p>\n<p><a href=\"https:\/\/www.zdf.de\/live-tv\" target=\"_blank\" rel=\"noopener noreferrer\">Leichtathletik Europameisterschaften Berlin 2018 | TV-Livestream (ZDF)<\/a><br \/>\n<a href=\"https:\/\/european-championships.zdf.de\/live\/802\/\" target=\"_blank\" rel=\"noopener noreferrer\">Leichtathletik Europameisterschaften Berlin 2018 | Livestream (ZDF)<\/a><\/p>\n<h4>SRF<\/h4>\n<p><a href=\"https:\/\/www.srf.ch\/play\/tv\/live\" target=\"_blank\" rel=\"noopener noreferrer\">Leichtathletik Europameisterschaften Berlin 2018 | Livestream (SRF)<\/a><\/p>\n<h2>Startzeiten der \u00d6LV-Athleten (Stand 05.08.2018)<\/h2>\n<h4>Montag 06.08.2018<\/h4>\n<ul>\n<li>16:30 &#8211; Markus Fuchs &#8211; 100m Vorlauf 1\/5<\/li>\n<li>17:51 &#8211; Alexandra Toth &#8211; 100m Vorlauf 2\/3<\/li>\n<\/ul>\n<h4>Dienstag 07.08.2018<\/h4>\n<ul>\n<li>9:30\/10:25\/11:50\/18:30\/21 &#8211; Dominik Distelberger &#8211; Zehnkampf<\/li>\n<li>9:40 oder 11:10 &#8211; Lukas Wei\u00dfhaidinger &#8211; Diskuswurf<\/li>\n<li>11:40 &#8211; Luca Sinn &#8211; 3000m Hindernis<\/li>\n<\/ul>\n<h4>Mittwoch 08.08.2018<\/h4>\n<ul>\n<li>9:35\/10:20\/12:15\/17:50\/21:35 &#8211; Dominik Distelberger &#8211; Zehnkampf<\/li>\n<li>10:10 &#8211; Beate Schrott &#8211; 100m H\u00fcrden Vorlauf<\/li>\n<li>10:50 &#8211; Markus Fuchs &#8211; 200m Vorlauf<\/li>\n<\/ul>\n<h4>Donnerstag 09.08.2018<\/h4>\n<ul>\n<li>10:00\/11:05\/19:15\/20:30 &#8211; Ivona Dadic &#8211; Siebenkampf<\/li>\n<li>10:00\/11:05\/19:15\/20:30 &#8211; Verena Preiner &#8211; Siebenkampf<\/li>\n<li>10:00\/11:05\/19:15\/20:30 &#8211; Sarah Lagger &#8211; Siebenkampf<\/li>\n<li>19:25 &#8211; Stephanie Bendrat &#8211; 100m H\u00fcrden Semifinale<\/li>\n<\/ul>\n<h4>Freitag 10.08.2018<\/h4>\n<ul>\n<li>10:50\/12:50\/20:20 &#8211; Ivona Dadic &#8211; Siebenkampf<\/li>\n<li>10:50\/12:50\/20:20 &#8211; Verena Preiner &#8211; Siebenkampf<\/li>\n<li>10:50\/12:50\/20:20 &#8211; Sarah Lagger &#8211; Siebenkampf<\/li>\n<\/ul>\n<h4>Samstag 11.08.2018<\/h4>\n<ul>\n<li>20:55 &#8211; Andreas Vojta &#8211; 5000m<\/li>\n<\/ul>\n<h4>Sonntag 12.08.2018<\/h4>\n<ul>\n<li>10:00 &#8211; Peter Herzog &#8211; Marathon<\/li>\n<li>10:00 &#8211; Lemawork Ketema &#8211; Marathon<\/li>\n<li>10:00 &#8211; Valentin Pfeil &#8211; Marathon<\/li>\n<li>10:00 &#8211; Christian Steinhammer &#8211; Marathon<\/li>\n<li>20:15 &#8211; Nada Pauer &#8211; 5000m<\/li>\n<\/ul>\n<h2>Startlisten \/ Zeitplan \/ Ergebnisse<\/h2>\n<p><strong><a title=\"Leichtathletik Europameisterschaften Berlin 2018 | Live-Ergebnisse \/ Startlisten \/ Zeitplan\" href=\"http:\/\/www.european-athletics.org\/competitions\/european-athletics-championships\/2018\/schedules-results\/\" target=\"_blank\" rel=\"noopener noreferrer\"><strong>Leichtathletik Europameisterschaften Berlin 2018 | Live-Ergebnisse \/ Startlisten \/ Zeitplan<\/strong><\/a><\/strong><br \/>\n<a title=\"Leichtathletik Europameisterschaften Berlin 2018 | Medaillenspiegel\" href=\"http:\/\/www.european-athletics.org\/competitions\/european-athletics-championships\/2018\/medals\/\" target=\"_blank\" rel=\"noopener noreferrer\">Leichtathletik Europameisterschaften Berlin 2018 | Medaillenspiegel<\/a><\/p>\n<p><a title=\"Leichtathletik Europameisterschaften Berlin 2018 | Meldeliste\" href=\"http:\/\/www.european-athletics.org\/mm\/Document\/EventsMeetings\/General\/01\/28\/47\/53\/ECH2018-FinalEntriesListforWebsite(2)_English.pdf\" target=\"_blank\" rel=\"noopener noreferrer\">Leichtathletik Europameisterschaften Berlin 2018 | Meldeliste (PDF)<\/a><br \/>\n<a title=\"Leichtathletik Europameisterschaften Berlin 2018 | Zeitplan\" href=\"http:\/\/www.european-athletics.org\/mm\/Document\/EventsMeetings\/Event\/01\/28\/11\/87\/EATimetable(2)_English.pdf\" target=\"_blank\" rel=\"noopener noreferrer\">Leichtathletik Europameisterschaften Berlin 2018 | Zeitplan (PDF)<\/a><\/p>\n<h2>Fotos<\/h2>\n<p><a href=\"https:\/\/www.flickr.com\/photos\/143236130@N06\/sets\/72157699097162734\" target=\"_blank\" rel=\"noopener noreferrer\">\u00d6LV (Flickr) | 2018 EM Berlin<\/a><br \/>\n<a href=\"https:\/\/www.photokratky.com\/european_athletics_championship_berlin_2018\" target=\"_blank\" rel=\"noopener noreferrer\">PhotoKratky.com | European Athletics Championship Berlin 2018<\/a><\/p>\n<p><a href=\"https:\/\/www.facebook.com\/EuropeanAthletics\/photos\" target=\"_blank\" rel=\"noopener noreferrer\">European Athletics (Facebook) | EM 2018 in Berlin<\/a><\/p>\n<p><a href=\"https:\/\/www.facebook.com\/profile.php?id=1660025091&amp;sk=photos&amp;collection_token=1660025091%3A2305272732%3A69&amp;set=a.10210555243351547.1073742037.1660025091&amp;type=3\" target=\"_blank\" rel=\"noopener noreferrer\">Olaf Brockmann (Facebook) | Berlin 2018<\/a><\/p>\n<p><a href=\"https:\/\/www.facebook.com\/axel.kohring\/media_set?set=a.10216882302071517.1073741927.1283711142&amp;type=3\" target=\"_blank\" rel=\"noopener noreferrer\">Axel Kohring (Facebook) | European Athletics Championships, Tag Q und Tag 1<\/a><br \/>\n<a href=\"https:\/\/www.facebook.com\/axel.kohring\/media_set?set=a.10216892421444495.1073741928.1283711142&amp;type=3\" target=\"_blank\" rel=\"noopener noreferrer\">Axel Kohring (Facebook) | European Athletics Championships, Tag 2<\/a><br \/>\n<a href=\"https:\/\/www.facebook.com\/axel.kohring\/media_set?set=a.10216898081145984.1073741929.1283711142&amp;type=3\" target=\"_blank\" rel=\"noopener noreferrer\">Axel Kohring (Facebook) | European Athletics Championships, Tag 3<\/a><br \/>\n<a href=\"https:\/\/www.facebook.com\/axel.kohring\/media_set?set=a.10216906150587715.1073741930.1283711142&amp;type=3\" target=\"_blank\" rel=\"noopener noreferrer\">Axel Kohring (Facebook) | European Athletics Championships, Tag 4<\/a><br \/>\n<a href=\"https:\/\/www.facebook.com\/axel.kohring\/media_set?set=a.10216921513651782.1073741931.1283711142&amp;type=3\" target=\"_blank\" rel=\"noopener noreferrer\">Axel Kohring (Facebook) | European Athletics Championships, Tag 5 &amp; 6<\/a><\/p>\n<p><a href=\"https:\/\/www.facebook.com\/bjorn.paree\/media_set?set=a.10215532347569242.1073742213.1456044337&amp;type=3\" target=\"_blank\" rel=\"noopener noreferrer\">Bjorn Parree (Facebook) | 06\/08 : EK Atletiek &#8211; Berlijn (GER)<\/a><br \/>\n<a href=\"https:\/\/www.facebook.com\/bjorn.paree\/media_set?set=a.10215536337308983.1073742214.1456044337&amp;type=3\" target=\"_blank\" rel=\"noopener noreferrer\">Bjorn Parree (Facebook) | 07\/08 : EK Atletiek (ochtend)<\/a><br \/>\n<a href=\"https:\/\/www.facebook.com\/bjorn.paree\/media_set?set=a.10215539432106351.1073742215.1456044337&amp;type=3\" target=\"_blank\" rel=\"noopener noreferrer\">Bjorn Parree (Facebook) | 07\/08 : EK Atletiek (avond)<\/a><br \/>\n<a href=\"https:\/\/www.facebook.com\/bjorn.paree\/media_set?set=a.10215543189120274.1073742216.1456044337&amp;type=3\" target=\"_blank\" rel=\"noopener noreferrer\">Bjorn Parree (Facebook) | 08\/08 : EK Atletiek (ochtend)<\/a><br \/>\n<a href=\"https:\/\/www.facebook.com\/bjorn.paree\/media_set?set=a.10215546537763988.1073742217.1456044337&amp;type=3\" target=\"_blank\" rel=\"noopener noreferrer\">Bjorn Parree (Facebook) | 08\/08 : EK Atletiek (avond)<\/a><br \/>\n<a href=\"https:\/\/www.facebook.com\/bjorn.paree\/media_set?set=a.10215550142694109.1073742218.1456044337&amp;type=3\" target=\"_blank\" rel=\"noopener noreferrer\">Bjorn Parree (Facebook) | 09\/08 : EK Atletiek (ochtend)<\/a><br \/>\n<a href=\"https:\/\/www.facebook.com\/bjorn.paree\/media_set?set=a.10215550894872913.1073742219.1456044337&amp;type=3\" target=\"_blank\" rel=\"noopener noreferrer\">Bjorn Parree (Facebook) | 09\/08 : Medaille Ceremonie EK Atletiek &#8211; Dames 10.000m<\/a><br \/>\n<a href=\"https:\/\/www.facebook.com\/bjorn.paree\/media_set?set=a.10215557675522425.1073742221.1456044337&amp;type=3\" target=\"_blank\" rel=\"noopener noreferrer\">Bjorn Parree (Facebook) | 10\/08 : EK Atletiek (ochtend)<\/a><br \/>\n<a href=\"https:\/\/www.facebook.com\/bjorn.paree\/media_set?set=a.10215560335268917.1073742222.1456044337&amp;type=3\" target=\"_blank\" rel=\"noopener noreferrer\">Bjorn Parree (Facebook) | 10\/08 : EK Atletiek (avond)<\/a><br \/>\n<a href=\"https:\/\/www.facebook.com\/bjorn.paree\/media_set?set=a.10215567867577220.1073742223.1456044337&amp;type=3\" target=\"_blank\" rel=\"noopener noreferrer\">Bjorn Parree (Facebook) | 11\/08 : EK Atletiek &#8211; Berlijn (GER)<\/a><br \/>\n<a href=\"https:\/\/www.facebook.com\/bjorn.paree\/media_set?set=a.10215572514013378.1073742224.1456044337&amp;type=3\" target=\"_blank\" rel=\"noopener noreferrer\">Bjorn Parree (Facebook) | 12\/08 : EK Marathon &amp; Medailles<\/a><br \/>\n<a href=\"https:\/\/www.facebook.com\/bjorn.paree\/media_set?set=a.10215577604980649.1073742225.1456044337&amp;type=3\" target=\"_blank\" rel=\"noopener noreferrer\">Bjorn Parree (Facebook) | 12\/08 : EK Atletiek &#8211; Berlijn (GER)<\/a><\/p>\n<p><a href=\"http:\/\/www.athletix.ch\/gallery.php?mode=gallery&amp;id=1628\" target=\"_blank\" rel=\"noopener noreferrer\">Athletix.ch | Europameisterschaften, Berlin (06. &#8211; 12.08.2018)<\/a><br \/>\n<a href=\"https:\/\/athletics-champions.ch\/impressionen\/gallery\/leichtathletik-em-berlin-7-12-august-2018\/\" target=\"_blank\" rel=\"noopener noreferrer\">Athletics Champions.ch (Hugo Rey) | Leichtathletik EM Berlin 7.-12. August 2018<\/a><\/p>\n<h2>Videos<\/h2>\n<p><a href=\"https:\/\/www.youtube.com\/playlist?list=PLbeYbXC-SivD63w8gK_oJmEwBFGGlgs-j\" target=\"_blank\" rel=\"noopener noreferrer\">Austrian Athletics (Youtube) | 2018 EM Berlin<\/a><br \/>\n<\/iframe><iframe loading=\"lazy\" src=\"https:\/\/www.youtube.com\/embed\/videoseries?list=PLbeYbXC-SivD63w8gK_oJmEwBFGGlgs-j\" width=\"560\" height=\"315\" frameborder=\"0\" allowfullscreen=\"allowfullscreen\"><\/iframe><\/p>\n<p><a href=\"https:\/\/www.youtube.com\/playlist?list=PLaRqCr7PCPyYAzXLh8cgDYrChzFpsu6NF\" target=\"_blank\" rel=\"noopener noreferrer\">ORF (Youtube) | EM Berlin 2018 ORF<\/a><br \/>\n<iframe loading=\"lazy\" src=\"https:\/\/www.youtube.com\/embed\/videoseries?list=PLaRqCr7PCPyYAzXLh8cgDYrChzFpsu6NF\" width=\"560\" height=\"315\" frameborder=\"0\" allowfullscreen=\"allowfullscreen\"><\/iframe><\/p>\n<p><a href=\"https:\/\/www.youtube.com\/playlist?list=PLPqdpObZSE_dJC_BY5oTI8lh_n_G6VZ1Y\" target=\"_blank\" rel=\"noopener noreferrer\">Youtube (Sportschau.de) | European Championships 2018 | Berlin und Glasgow<\/a><br \/>\n<a href=\"https:\/\/www.leichtathletik.de\/tv\/veranstaltungen\/video-uebersicht\/veranstaltung\/3831-em-berlin-2018\/\" target=\"_blank\" rel=\"noopener noreferrer\">Leichtathletik.tv | EM Berlin 2018, 07.08.2018<\/a><\/p>\n<p><a href=\"https:\/\/www.youtube.com\/playlist?list=PLU0QXrsJEEenUahUp3OMstYZVnQjReB3r\" target=\"_blank\" rel=\"noopener noreferrer\">Swiss Athletics (Youtube) | EM Berlin 2018<\/a><br \/>\n<iframe loading=\"lazy\" src=\"https:\/\/www.youtube.com\/embed\/videoseries?list=PLU0QXrsJEEenUahUp3OMstYZVnQjReB3r\" width=\"560\" height=\"315\" frameborder=\"0\" allowfullscreen=\"allowfullscreen\"><\/iframe><\/p>\n<h2>Bericht<\/h2>\n<h4>Tag Q &#8211; Montag<\/h4>\n<p><a href=\"https:\/\/www.oelv.at\/de\/newsshow-em-berlin-tag-1-sprinter-scheitern-in-qualifikation\" target=\"_blank\" rel=\"noopener noreferrer\">\u00d6LV | EM Berlin: Tag 1 &#8211; Sprinter scheitern in Qualifikation<\/a><\/p>\n<p><a href=\"https:\/\/www.swiss-athletics.ch\/de\/blog\/2018\/08\/06\/schweizer-equipe-startet-erfolgreich-in-die-em-mission\/\" target=\"_blank\" rel=\"noopener noreferrer\">Swiss Athletics | Schweizer Equipe startet erfolgreich in die EM-Mission<\/a><\/p>\n<p><a href=\"https:\/\/www.leichtathletik.de\/news\/news\/detail\/em-tag-q-dlv-athleten-in-aktion\/\" target=\"_blank\" rel=\"noopener noreferrer\">Leichtathletik.de | EM-Tag Q \u2013 DLV-Athleten in Aktion<\/a><br \/>\n<a href=\"https:\/\/www.leichtathletik.de\/news\/news\/detail\/dlv-athleten-in-den-vorrunden-em-tag-q\/\" target=\"_blank\" rel=\"noopener noreferrer\">Leichtathletik.de | DLV-Athleten in den Vorrunden \u2013 EM-Tag Q<\/a><br \/>\n<a href=\"https:\/\/www.leichtathletik.de\/news\/news\/detail\/kugel-quali-david-storl-rockt-am-breitscheidplatz\/\" target=\"_blank\" rel=\"noopener noreferrer\">Leichtathletik.de | Kugel-Quali: David Storl rockt am Breitscheidplatz<\/a><\/p>\n<p><a href=\"https:\/\/www.leichtathletik.de\/news\/news\/detail\/dlv-team-will-heim-vorteil-fuer-sommermaerchen-in-berlin-nutzen\/\" target=\"_blank\" rel=\"noopener noreferrer\">Leichtathletik.de | DLV-Team will Heim-Vorteil f\u00fcr \u201eSommerm\u00e4rchen\u201c in Berlin nutzen<\/a><br \/>\n<a href=\"https:\/\/www.leichtathletik.de\/news\/news\/detail\/niklas-kaul-ich-kann-in-berlin-nur-gewinnen\/\" target=\"_blank\" rel=\"noopener noreferrer\">Leichtathletik.de | Niklas Kaul: &#8222;Ich kann in Berlin nur gewinnen&#8220;<\/a><br \/>\n<a href=\"https:\/\/www.leichtathletik.de\/news\/news\/detail\/dlv-zehnkaempfer-als-eingeschworenes-team-zu-individuellen-bestleistungen\/\" target=\"_blank\" rel=\"noopener noreferrer\">Leichtathletik.de | DLV-Zehnk\u00e4mpfer: Als eingeschworenes Team zu individuellen Bestleistungen<\/a><br \/>\n<a href=\"https:\/\/www.leichtathletik.de\/news\/news\/detail\/em-eroeffnungsfeier-robert-hering-traegt-die-deutsche-fahne\/\" target=\"_blank\" rel=\"noopener noreferrer\">Leichtathletik.de | EM-Er\u00f6ffnungsfeier: Robert Hering tr\u00e4gt die deutsche Fahne<\/a><\/p>\n<h4>Tag 1 &#8211; Dienstag<\/h4>\n<p><a href=\"https:\/\/www.oelv.at\/de\/newsshow-em-berlin-tag-2-vormittag-lukas-weisshaidinger-zieht-ins-diskusfinale-ein\" target=\"_blank\" rel=\"noopener noreferrer\">\u00d6LV | EM Berlin: Tag 2 Vormittag: Lukas Wei\u00dfhaidinger zieht ins Diskusfinale ein<\/a><\/p>\n<p><a href=\"https:\/\/www.swiss-athletics.ch\/de\/blog\/2018\/08\/07\/vier-halbfinal-qualifikationen-in-berlin\/\" target=\"_blank\" rel=\"noopener noreferrer\">Swiss Athletics | Vier Halbfinal-Qualifikationen in Berlin<\/a><br \/>\n<a href=\"https:\/\/www.swiss-athletics.ch\/de\/blog\/2018\/08\/07\/verletzt-susanne-rueegger-muss-auf-em-marathon-verzichten\/\" target=\"_blank\" rel=\"noopener noreferrer\">Swiss Athletics | Verletzt: Susanne R\u00fcegger muss auf EM-Marathon verzichten<\/a><br \/>\n<a href=\"https:\/\/www.swiss-athletics.ch\/de\/blog\/2018\/08\/07\/gute-vorzeichen-fuer-mujinga-kambundji\/\" target=\"_blank\" rel=\"noopener noreferrer\">Swiss Athletics | Gute Vorzeichen f\u00fcr Mujinga Kambundji vor dem EM-Auftakt in Berlin<\/a><br \/>\n<a href=\"https:\/\/www.swiss-athletics.ch\/de\/blog\/2018\/08\/07\/mujing-kambundji-em-vierte-ueber-100-m\/\" target=\"_blank\" rel=\"noopener noreferrer\">Swiss Athletics | Mujing Kambundji EM-Vierte \u00fcber 100 m<\/a><\/p>\n<p><a href=\"https:\/\/www.leichtathletik.de\/news\/news\/detail\/em-tag-1-dlv-athleten-in-aktion\/\" target=\"_blank\" rel=\"noopener noreferrer\">Leichtathletik.de | EM-Tag 1 \u2013 DLV-Athleten in Aktion<\/a><br \/>\n<a href=\"https:\/\/www.leichtathletik.de\/news\/news\/detail\/dlv-maenner-in-den-vorrunden-em-tag-1\/\" target=\"_blank\" rel=\"noopener noreferrer\">Leichtathletik.de | DLV-M\u00e4nner in den Vorrunden \u2013 EM-Tag 1<\/a><br \/>\n<a href=\"https:\/\/www.leichtathletik.de\/news\/news\/detail\/dlv-frauen-in-den-vorrunden-em-tag-1\/\" target=\"_blank\" rel=\"noopener noreferrer\">Leichtathletik.de | DLV-Frauen in den Vorrunden \u2013 EM-Tag 1<\/a><br \/>\n<a href=\"https:\/\/www.leichtathletik.de\/news\/news\/detail\/der-em-zehnkampf-von-disziplin-zu-disziplin\/\" target=\"_blank\" rel=\"noopener noreferrer\">Leichtathletik.de | EM-Zehnkampf: Arthur Abele zur Halbzeit auf Rang zwei<\/a><br \/>\n<a href=\"https:\/\/www.leichtathletik.de\/news\/news\/detail\/erstes-em-gold-an-die-ukraine-carl-dohmann-starker-fuenfter\/\" target=\"_blank\" rel=\"noopener noreferrer\">Leichtathletik.de | Erstes EM-Gold an die Ukraine \u2013 Carl Dohmann starker F\u00fcnfter<\/a><br \/>\n<a href=\"https:\/\/www.leichtathletik.de\/news\/news\/detail\/amanal-petros-bei-hitzeschlacht-auf-platz-16\/\" target=\"_blank\" rel=\"noopener noreferrer\">Leichtathletik.de | Amanal Petros bei Hitzeschlacht auf Platz 16<\/a><br \/>\n<a href=\"https:\/\/www.leichtathletik.de\/news\/news\/detail\/bronze-naechste-medaille-fuer-david-storl\/\" target=\"_blank\" rel=\"noopener noreferrer\">Leichtathletik.de | Bronze: N\u00e4chste Medaille f\u00fcr David Storl<\/a><br \/>\n<a href=\"https:\/\/www.leichtathletik.de\/news\/news\/detail\/silber-gina-lueckenkemper-wieder-unter-11-sekunden\/\" target=\"_blank\" rel=\"noopener noreferrer\">Leichtathletik.de | Silber: Gina L\u00fcckenkemper wieder unter 11 Sekunden<\/a><br \/>\n<a href=\"https:\/\/www.leichtathletik.de\/news\/news\/detail\/em-tag-1-gina-lueckenkemper-versilbert-auftakt-im-olympiastadion\/\" target=\"_blank\" rel=\"noopener noreferrer\">Leichtathletik.de | EM-Tag 1: Gina L\u00fcckenkemper versilbert Auftakt im Olympiastadion<\/a><br \/>\n<a href=\"https:\/\/www.leichtathletik.de\/news\/news\/detail\/gina-lueckenkemper-sprintet-mit-filmriss-zur-ersten-dlv-medaille\/\" target=\"_blank\" rel=\"noopener noreferrer\">Leichtathletik.de | Gina L\u00fcckenkemper sprintet mit \u201eFilmriss\u201c zur ersten DLV-Medaille<\/a><\/p>\n<p><a href=\"https:\/\/www.iaaf.org\/news\/report\/european-championships-berlin-2018-100m-asher\" target=\"_blank\" rel=\"noopener noreferrer\">IAAF | Britain\u2019s Asher-Smith and Hughes take 100m titles at European Championships<\/a><\/p>\n<h4>Tag 2 &#8211; Mittwoch<\/h4>\n<p><a href=\"https:\/\/www.oelv.at\/de\/newsshow-em-berlin-tag-3-vormittag-beate-schrott-laeuft-ins-semifinale\" target=\"_blank\" rel=\"noopener noreferrer\">\u00d6LV | EM Berlin: Tag 3 Vormittag: Beate Schrott l\u00e4uft ins Semifinale<\/a><br \/>\n<a href=\"https:\/\/www.oelv.at\/de\/newsshow-em-berlin-tag-3-abend-bronze-fuer-grossartigen-lukas-weisshaidinger\" target=\"_blank\" rel=\"noopener noreferrer\">\u00d6LV | EM Berlin Tag 3 Abend: Bronze f\u00fcr gro\u00dfartigen Lukas Wei\u00dfhaidinger<\/a><br \/>\n<a href=\"https:\/\/www.oelv.at\/de\/newsshow-em-berlin-lukas-weisshaidingers-weg-zu-em-bronze\" target=\"_blank\" rel=\"noopener noreferrer\">\u00d6LV | EM Berlin: Lukas Wei\u00dfhaidinger&#8217;s Weg zu EM Bronze<\/a><\/p>\n<p><a href=\"https:\/\/www.swiss-athletics.ch\/de\/blog\/2018\/08\/08\/selbstbewusste-lea-sprunger-hat-em-gold-als-ziel\/\" target=\"_blank\" rel=\"noopener noreferrer\">Swiss Athletics | Selbstbewusste Lea Sprunger hat EM-Gold als Ziel<\/a><br \/>\n<a href=\"https:\/\/www.swiss-athletics.ch\/de\/blog\/2018\/08\/08\/jan-hochstrasser-und-silvan-wicki-bleiben-auf-der-strecke\/\" target=\"_blank\" rel=\"noopener noreferrer\">Swiss Athletics | Jan Hochstrasser und Silvan Wicki bleiben auf der Strecke<\/a><br \/>\n<a href=\"https:\/\/www.swiss-athletics.ch\/de\/blog\/2018\/08\/08\/drei-schweizer-finalqualifikationen-in-berlin\/\" target=\"_blank\" rel=\"noopener noreferrer\">Swiss Athletics | Drei Schweizer Finalqualifikationen in Berlin<\/a><\/p>\n<p><a href=\"https:\/\/www.leichtathletik.de\/news\/news\/detail\/em-tag-2-dlv-athleten-in-aktion\/\" target=\"_blank\" rel=\"noopener noreferrer\">Leichtathletik.de | EM-Tag 2 \u2013 DLV-Athleten in Aktion<\/a><br \/>\n<a href=\"https:\/\/www.leichtathletik.de\/news\/news\/detail\/dlv-maenner-in-den-vorrunden-em-tag-2\/\" target=\"_blank\" rel=\"noopener noreferrer\">Leichtathletik.de | DLV-M\u00e4nner in den Vorrunden \u2013 EM-Tag 2<\/a><br \/>\n<a href=\"https:\/\/www.leichtathletik.de\/news\/news\/detail\/dlv-frauen-in-den-vorrunden-em-tag-2\/\" target=\"_blank\" rel=\"noopener noreferrer\">Leichtathletik.de | DLV-Frauen in den Vorrunden \u2013 EM-Tag 2<\/a><br \/>\n<a href=\"https:\/\/www.leichtathletik.de\/news\/news\/detail\/der-em-zehnkampf-von-disziplin-zu-disziplin\/\" target=\"_blank\" rel=\"noopener noreferrer\">Leichtathletik.de | Der EM-Zehnkampf von Disziplin zu Diszplin<\/a><\/p>\n<p><a href=\"https:\/\/www.iaaf.org\/news\/report\/european-championships-berlin-2018-abele-deca\" target=\"_blank\" rel=\"noopener noreferrer\">IAAF | Abele gains Germany\u2019s first gold at European Championships<\/a><\/p>\n<h4>Tag 3 &#8211; Donnerstag<\/h4>\n<p><a href=\"https:\/\/www.oelv.at\/de\/newsshow-em-berlin-tag-4-vormittag-gelungener-start-der-siebenkaempferinnen-in-den-wettkampf\" target=\"_blank\" rel=\"noopener noreferrer\">\u00d6LV | EM Berlin Tag 4 Vormittag: Gelungener Start der Siebenk\u00e4mpferinnen in den Wettkampf<\/a><br \/>\n<a href=\"https:\/\/www.oelv.at\/de\/newsshow-em-berlin-tag-4-abend-ivona-dadic-auf-rekordkurs-im-siebenkampf\" target=\"_blank\" rel=\"noopener noreferrer\">\u00d6LV | EM Berlin Tag 4 Abend: Ivona Dadic auf Rekordkurs im Siebenkampf<\/a><\/p>\n<p><a href=\"https:\/\/www.swiss-athletics.ch\/de\/blog\/2018\/08\/09\/siebenkaempferin-geraldine-ruckstuhl-strahlt-zuversicht-aus\/\" target=\"_blank\" rel=\"noopener noreferrer\">Swiss Athletics | Siebenk\u00e4mpferin G\u00e9raldine Ruckstuhl strahlt Zuversicht aus<\/a><br \/>\n<a href=\"https:\/\/www.swiss-athletics.ch\/de\/blog\/2018\/08\/09\/alex-wilson-gewinnt-em-bronze-ueber-200-m\/\" target=\"_blank\" rel=\"noopener noreferrer\">Swiss Athletics | Alex Wilson gewinnt EM-BRONZE \u00fcber 200 m!<\/a><br \/>\n<a href=\"https:\/\/www.swiss-athletics.ch\/de\/blog\/2018\/08\/09\/geraldine-ruckstuhl-startet-ansprechend-in-den-siebenkampf\/\" target=\"_blank\" rel=\"noopener noreferrer\">Swiss Athletics | G\u00e9raldine Ruckstuhl startet ansprechend in den Siebenkampf<\/a><\/p>\n<p><a href=\"https:\/\/www.leichtathletik.de\/news\/news\/detail\/berlin-feiert-im-olympiastadion-die-deutschen-em-helden\/\" target=\"_blank\" rel=\"noopener noreferrer\">Leichtathletik.de | Berlin feiert im Olympiastadion die deutschen EM-Helden<\/a><br \/>\n<a href=\"https:\/\/www.leichtathletik.de\/news\/news\/detail\/em-tag-3-dlv-athleten-in-aktion\/\" target=\"_blank\" rel=\"noopener noreferrer\">Leichtathletik.de | EM-Tag 3 \u2013 DLV-Athleten in Aktion<\/a><br \/>\n<a href=\"https:\/\/www.leichtathletik.de\/news\/news\/detail\/dlv-maenner-in-den-vorrunden-em-tag-3\/\" target=\"_blank\" rel=\"noopener noreferrer\">Leichtathletik.de | DLV-M\u00e4nner in den Vorrunden \u2013 EM-Tag 3<\/a><br \/>\n<a href=\"https:\/\/www.leichtathletik.de\/news\/news\/detail\/dlv-frauen-in-den-vorrunden-em-tag-3\/\" target=\"_blank\" rel=\"noopener noreferrer\">Leichtathletik.de | DLV-Frauen in den Vorrunden \u2013 EM-Tag 3<\/a><br \/>\n<a href=\"https:\/\/www.leichtathletik.de\/news\/news\/detail\/em-siebenkampf-louisa-grauvogel-mit-glaenzendem-start\/\" target=\"_blank\" rel=\"noopener noreferrer\">Leichtathletik.de | EM-Siebenkampf: Carolin Sch\u00e4fer zur Halbzeit in den Top Drei<\/a><br \/>\n<a href=\"https:\/\/www.leichtathletik.de\/news\/news\/detail\/zwei-griechinnen-vorn-carolin-hingst-immerhin-neunte\/\" target=\"_blank\" rel=\"noopener noreferrer\">Leichtathletik.de | Zwei Griechinnen vorn \u2013 Carolin Hingst immerhin Neunte<\/a><br \/>\n<a href=\"https:\/\/www.leichtathletik.de\/news\/news\/detail\/deutscher-doppelsieg-thomas-roehler-holt-speer-gold-vor-andreas-hofmann\/\" target=\"_blank\" rel=\"noopener noreferrer\">Leichtathletik.de | Deutscher Doppelsieg: Thomas R\u00f6hler holt Speer-Gold vor Andreas Hofmann<\/a><br \/>\n<a href=\"https:\/\/www.leichtathletik.de\/news\/news\/detail\/silber-fuer-pamela-dutkiewicz-bronze-fuer-cindy-roleder\/\" target=\"_blank\" rel=\"noopener noreferrer\">Leichtathletik.de | Silber f\u00fcr Pamela Dutkiewicz, Bronze f\u00fcr Cindy Roleder<\/a><br \/>\n<a href=\"https:\/\/www.leichtathletik.de\/news\/news\/detail\/em-tag-3-speerwurf-party-und-huerden-show-im-olympiastadion\/\" target=\"_blank\" rel=\"noopener noreferrer\">Leichtathletik.de | EM-Tag 3: Speerwurf-Party und H\u00fcrden-Show im Olympiastadion<\/a><\/p>\n<p><a href=\"https:\/\/www.iaaf.org\/news\/report\/european-championship-berlin-warholm-guliyev\" target=\"_blank\" rel=\"noopener noreferrer\">IAAF | Warholm blazes 47.64 while Guliyev clocks 19.76 at European Championships<\/a><\/p>\n<h4>Tag 4 &#8211; Freitag<\/h4>\n<p><a href=\"https:\/\/www.oelv.at\/de\/newsshow-em-berlin-tag-5-vormittag-zwei-oesterreicherinnen-nach-6-bewerben-im-siebenkampf-in-den-top-8\" target=\"_blank\" rel=\"noopener noreferrer\">\u00d6LV | EM Berlin Tag 5 Vormittag: Zwei \u00d6sterreicherinnen nach 6 Bewerben im Siebenkampf in den Top-8<\/a><br \/>\n<a href=\"https:\/\/www.oelv.at\/de\/newsshow-em-berlin-tag-5-abend-siebenkaempferinnen-erreichen-die-ausgezeichneten-raenge-4-8-und-13\" target=\"_blank\" rel=\"noopener noreferrer\">\u00d6LV | EM Berlin Tag 5 Abend: Siebenk\u00e4mpferinnen erreichen die ausgezeichneten R\u00e4nge 4, 8 und 13<\/a><\/p>\n<p><a href=\"https:\/\/www.swiss-athletics.ch\/de\/blog\/2018\/08\/10\/fabienne-schlumpf-fliegt-in-den-steeple-final\/\" target=\"_blank\" rel=\"noopener noreferrer\">Swiss Athletics | Fabienne Schlumpf fliegt in den Steeple-Final<\/a><br \/>\n<a href=\"https:\/\/www.swiss-athletics.ch\/de\/blog\/2018\/08\/10\/huerden-talent-jason-joseph-zum-glueck-gezwungen\/\" target=\"_blank\" rel=\"noopener noreferrer\">Swiss Athletics | H\u00fcrden-Talent Jason Joseph vor EM-Deb\u00fct: Zum Gl\u00fcck gezwungen<\/a><br \/>\n<a href=\"https:\/\/www.swiss-athletics.ch\/de\/blog\/2018\/08\/10\/lea-sprunger-erfuellt-sich-in-berlin-ihren-gold-traum\/\" target=\"_blank\" rel=\"noopener noreferrer\">Swiss Athletics | Lea Sprunger erste Schweizer Leichtathletik-EUROPAMEISTERIN!<\/a><\/p>\n<p><a href=\"https:\/\/www.leichtathletik.de\/news\/news\/detail\/em-tag-4-dlv-athleten-in-aktion\/\" target=\"_blank\" rel=\"noopener noreferrer\">Leichtathletik.de | EM-Tag 4 \u2013 DLV-Athleten in Aktion<\/a><br \/>\n<a href=\"https:\/\/www.leichtathletik.de\/news\/news\/detail\/dlv-maenner-in-den-vorrunden-em-tag-4\/\" target=\"_blank\" rel=\"noopener noreferrer\">Leichtathletik.de | DLV-M\u00e4nner in den Vorrunden \u2013 EM-Tag 4<\/a><br \/>\n<a href=\"https:\/\/www.leichtathletik.de\/news\/news\/detail\/dlv-frauen-in-den-vorrunden-em-tag-4\/\" target=\"_blank\" rel=\"noopener noreferrer\">Leichtathletik.de | DLV-Frauen in den Vorrunden \u2013 EM-Tag 4<\/a><br \/>\n<a href=\"https:\/\/www.leichtathletik.de\/news\/news\/detail\/vier-weitere-em-medaillengewinner-setzen-deutsche-erfolgswelle-fort\/\" target=\"_blank\" rel=\"noopener noreferrer\">Leichtathletik.de | Vier weitere EM-Medaillengewinner setzen deutsche Erfolgswelle fort<\/a><br \/>\n<a href=\"https:\/\/www.leichtathletik.de\/news\/news\/detail\/timo-benitz-bei-ingebrigtsen-sieg-auf-platz-sieben\/\" target=\"_blank\" rel=\"noopener noreferrer\">Leichtathletik.de | Timo Benitz bei Ingebrigtsen-Sieg auf Platz sieben<\/a><br \/>\n<a href=\"https:\/\/www.leichtathletik.de\/news\/news\/detail\/deutsche-langsprinterinnen-erhalten-am-breitscheidplatz-em-gold-von-2010\/\" target=\"_blank\" rel=\"noopener noreferrer\">Leichtathletik.de | Deutsche Langsprinterinnen erhalten am Breitscheidplatz EM-Gold von 2010<\/a><br \/>\n<a href=\"https:\/\/www.leichtathletik.de\/news\/news\/detail\/gregor-traber-beim-huerden-krimi-guter-fuenfter\/\" target=\"_blank\" rel=\"noopener noreferrer\">Leichtathletik.de | Gregor Traber beim H\u00fcrden-Krimi guter F\u00fcnfter<\/a><br \/>\n<a href=\"https:\/\/www.leichtathletik.de\/news\/news\/detail\/louisa-grauvogel-und-mareike-arndt-muessen-siebenkampf-bei-em-beenden\/\" target=\"_blank\" rel=\"noopener noreferrer\">Leichtathletik.de | Louisa Grauvogel und Mareike Arndt m\u00fcssen Siebenkampf bei EM beenden<\/a><br \/>\n<a href=\"https:\/\/www.leichtathletik.de\/news\/news\/detail\/carolin-schaefer-feiert-erste-em-medaille-im-siebenkampf\/\" target=\"_blank\" rel=\"noopener noreferrer\">Leichtathletik.de | Carolin Sch\u00e4fer feiert erste EM-Medaille im Siebenkampf<\/a><br \/>\n<a href=\"https:\/\/www.leichtathletik.de\/news\/news\/detail\/marie-laurence-jungfleisch-fliegt-zu-em-bronze\/\" target=\"_blank\" rel=\"noopener noreferrer\">Leichtathletik.de | Marie-Laurence Jungfleisch fliegt zu EM-Bronze<\/a><br \/>\n<a href=\"https:\/\/www.leichtathletik.de\/news\/news\/detail\/silber-kristin-gierisch-erste-dlv-dreispringerin-auf-em-podest\/\" target=\"_blank\" rel=\"noopener noreferrer\">Leichtathletik.de | Silber \u2013 Kristin Gierisch erste DLV-Dreispringerin auf EM-Podest<\/a><br \/>\n<a href=\"https:\/\/www.leichtathletik.de\/news\/news\/detail\/gold-im-speerwurf-christin-hussong-liess-es-krachen\/\" target=\"_blank\" rel=\"noopener noreferrer\">Leichtathletik.de | Gold im Speerwurf: Christin Hussong lie\u00df es krachen<\/a><br \/>\n<a href=\"https:\/\/www.leichtathletik.de\/news\/news\/detail\/em-tag-4-deutsches-medaillen-festival-vor-48500-zuschauern\/\" target=\"_blank\" rel=\"noopener noreferrer\">Leichtathletik.de | EM-Tag 4: Deutsches Medaillen-Festival vor 48.500 Zuschauern<\/a><\/p>\n<p><a href=\"https:\/\/www.iaaf.org\/news\/report\/european-championships-berlin-2018-ingebrigts\" target=\"_blank\" rel=\"noopener noreferrer\">IAAF | Teenage Ingebrigtsen kicks to 1500m gold at European Championships<\/a><\/p>\n<h4>Tag 5 &#8211; Samstag<\/h4>\n<p><a href=\"https:\/\/www.oelv.at\/de\/newsshow-em-berlin-tag-6-andreas-vojta-auf-rang-19-im-5.000m-finale\" target=\"_blank\" rel=\"noopener noreferrer\">\u00d6LV | EM Berlin Tag 6: Andreas Vojta auf Rang 19 im 5.000m Finale<\/a><\/p>\n<p><a href=\"https:\/\/www.swiss-athletics.ch\/de\/blog\/2018\/08\/11\/europameisterin-lea-sprunger-die-grosse-freude-am-tag-danach\/\" target=\"_blank\" rel=\"noopener noreferrer\">Swiss Athletics | Europameisterin Lea Sprunger: Die grosse Freude am Tag danach<\/a><br \/>\n<a href=\"https:\/\/www.swiss-athletics.ch\/de\/blog\/2018\/08\/11\/mujinga-kambundji-sprintet-auf-rang-vier\/\" target=\"_blank\" rel=\"noopener noreferrer\">Swiss Athletics | Mujinga Kambundji sprintet auf Rang vier<\/a><\/p>\n<p><a href=\"https:\/\/www.leichtathletik.de\/news\/news\/detail\/em-tag-5-dlv-athleten-in-aktion\/\" target=\"_blank\" rel=\"noopener noreferrer\">Leichtathletik.de | EM-Tag 5 \u2013 DLV-Athleten in Aktion<\/a><br \/>\n<a href=\"https:\/\/www.leichtathletik.de\/news\/news\/detail\/geher-doppelsieg-fuer-spanien-an-der-gedaechtniskirche\/\" target=\"_blank\" rel=\"noopener noreferrer\">Leichtathletik.de | Geher-Doppelsieg f\u00fcr Spanien an der Ged\u00e4chtniskirche<\/a><br \/>\n<a href=\"https:\/\/www.leichtathletik.de\/news\/news\/detail\/ladies-night-im-olympiastadion-mit-vier-dlv-medaillen\/\" target=\"_blank\" rel=\"noopener noreferrer\">Leichtathletik.de | \u201eLadies Night\u201c im Olympiastadion mit vier DLV-Medaillen<\/a><br \/>\n<a href=\"https:\/\/www.leichtathletik.de\/news\/news\/detail\/dina-asher-smith-sprintkoenigin-laura-mueller-achte\/\" target=\"_blank\" rel=\"noopener noreferrer\">Leichtathletik.de | Dina Asher-Smith Sprintk\u00f6nigin, Laura M\u00fcller Achte<\/a><br \/>\n<a href=\"https:\/\/www.leichtathletik.de\/news\/news\/detail\/dlv-langsprinter-bei-belgiens-sieg-auf-rang-acht\/\" target=\"_blank\" rel=\"noopener noreferrer\">Leichtathletik.de | DLV-Langsprinter bei Belgiens Sieg auf Rang acht<\/a><br \/>\n<a href=\"https:\/\/www.leichtathletik.de\/news\/news\/detail\/dlv-duo-bei-ingebrigtsen-doppelsieg-im-mittelfeld\/\" target=\"_blank\" rel=\"noopener noreferrer\">Leichtathletik.de | DLV-Duo bei Ingebrigtsen-Doppelsieg im Mittelfeld<\/a><br \/>\n<a href=\"https:\/\/www.leichtathletik.de\/news\/news\/detail\/dlv-quartett-sprintet-auf-platz-sechs\/\" target=\"_blank\" rel=\"noopener noreferrer\">Leichtathletik.de | DLV-Quartett sprintet auf Platz sechs<\/a><br \/>\n<a href=\"https:\/\/www.leichtathletik.de\/news\/news\/detail\/top-teamleistung-nadine-mueller-und-shanice-craft-erkaempfen-silber-und-bronze\/\" target=\"_blank\" rel=\"noopener noreferrer\">Leichtathletik.de | Top-Teamleistung: Nadine M\u00fcller und Shanice Craft erk\u00e4mpfen Silber und Bronze<\/a><br \/>\n<a href=\"https:\/\/www.leichtathletik.de\/news\/news\/detail\/nerven-wie-drahtseile-malaika-mihambo-erobert-weitsprung-thron\/\" target=\"_blank\" rel=\"noopener noreferrer\">Leichtathletik.de | Nerven wie Drahtseile \u2013 Malaika Mihambo erobert Weitsprung-Thron<\/a><br \/>\n<a href=\"https:\/\/www.leichtathletik.de\/news\/news\/detail\/goldene-flugshow-mateusz-przybylko-europameister-mit-235-metern\/\" target=\"_blank\" rel=\"noopener noreferrer\">Leichtathletik.de | Goldene Flugshow: Mateusz Przybylko Europameister \u2013 mit 2,35 Metern<\/a><br \/>\n<a href=\"https:\/\/www.leichtathletik.de\/news\/news\/detail\/em-tag-5-malaika-mihambo-und-mateusz-przybylko-vergolden-denkwuerdigen-abend\/\" target=\"_blank\" rel=\"noopener noreferrer\">Leichtathletik.de | EM-Tag 5: Malaika Mihambo und Mateusz Przybylko vergolden denkw\u00fcrdigen Abend<\/a><\/p>\n<p><a href=\"https:\/\/www.iaaf.org\/news\/report\/european-championships-berlin-2018-ingebrigts1\" target=\"_blank\" rel=\"noopener noreferrer\">IAAF | Ingebrigtsen, 17, completes distance double at European Championships<\/a><\/p>\n<h4>Tag 6 &#8211; Sonntag<\/h4>\n<p><a href=\"https:\/\/www.oelv.at\/de\/newsshow-em-berlin-tag-7-vormittag-marathonteam-mit-sensationeller-bronzemedaille-und-zwei-top-10-platzierungen\" target=\"_blank\" rel=\"noopener noreferrer\">\u00d6LV | EM Berlin Tag 7 Vormittag: Marathonteam mit sensationeller Bronzemedaille und zwei Top-10 Platzierungen<\/a><br \/>\n<a href=\"https:\/\/www.oelv.at\/de\/newsshow-em-berlin-tag-7-abend-erfolgreiche-europameisterschaften-gehen-in-berlin-zu-ende\" target=\"_blank\" rel=\"noopener noreferrer\">\u00d6LV | EM Berlin Tag 7 Abend: Erfolgreiche Europameisterschaften gehen in Berlin zu Ende<\/a><br \/>\n<a href=\"https:\/\/www.oelv.at\/de\/newsshow-em-berlin-fotos-und-interviews\" target=\"_blank\" rel=\"noopener noreferrer\">\u00d6LV | EM Berlin: Fotos und Interviews<\/a><\/p>\n<p><a href=\"https:\/\/www.swiss-athletics.ch\/de\/blog\/2018\/08\/12\/tadesse-abraham-gewinnt-marathon-silber\/\" target=\"_blank\" rel=\"noopener noreferrer\">Swiss Athletics | Tadesse Abraham gewinnt Marathon-SILBER!<\/a><br \/>\n<a href=\"https:\/\/www.swiss-athletics.ch\/de\/blog\/2018\/08\/12\/fabienne-schlumpf-schnappt-sich-em-silber\/\" target=\"_blank\" rel=\"noopener noreferrer\">Swiss Athletics | Fabienne Schlumpf schnappt sich EM-SILBER! <\/a><br \/>\n<a href=\"https:\/\/www.swiss-athletics.ch\/de\/blog\/2018\/08\/14\/em-bilanz-die-schweizer-leichtathletik-ist-breit-abgestuetzt\/\" target=\"_blank\" rel=\"noopener noreferrer\">Swiss Athletics | EM-Bilanz: Die Schweizer Leichtathletik ist breit abgest\u00fctzt<\/a><\/p>\n<p><a href=\"https:\/\/www.leichtathletik.de\/news\/news\/detail\/em-tag-6-dlv-athleten-in-aktion\/\" target=\"_blank\" rel=\"noopener noreferrer\">Leichtathletik.de | EM-Tag 6 \u2013 DLV-Athleten in Aktion<\/a><br \/>\n<a href=\"https:\/\/www.leichtathletik.de\/news\/news\/detail\/top-leistungen-und-60500-zuschauer-unterstreichen-stellenwert-der-leichtathletik\/\" target=\"_blank\" rel=\"noopener noreferrer\">Leichtathletik.de | Top-Leistungen und 60.500 Zuschauer unterstreichen Stellenwert der Leichtathletik<\/a><br \/>\n<a href=\"https:\/\/www.leichtathletik.de\/news\/news\/detail\/tom-groeschel-bei-belgischem-ueberraschungssieg-im-em-marathon-auf-platz-elf\/\" target=\"_blank\" rel=\"noopener noreferrer\">Leichtathletik.de | Tom Gr\u00f6schel bei belgischem \u00dcberraschungssieg im EM-Marathon auf Platz elf<\/a><br \/>\n<a href=\"https:\/\/www.leichtathletik.de\/news\/news\/detail\/em-marathon-fabienne-amrhein-schrammt-an-top-ten-vorbei\/\" target=\"_blank\" rel=\"noopener noreferrer\">Leichtathletik.de | EM-Marathon: Fabienne Amrhein schrammt an Top Ten vorbei<\/a><br \/>\n<a href=\"https:\/\/www.leichtathletik.de\/news\/news\/detail\/die-dlv-staffeln-in-der-vorrunde-em-tag-6\/\" target=\"_blank\" rel=\"noopener noreferrer\">Leichtathletik.de | Die DLV-Staffeln in der Vorrunde \u2013 EM-Tag 6<\/a><br \/>\n<a href=\"https:\/\/www.leichtathletik.de\/news\/news\/detail\/kathrin-klaas-verabschiedet-sich-versoehnlich-anita-wlodarczyk-dominiert\/\" target=\"_blank\" rel=\"noopener noreferrer\">Leichtathletik.de | Kathrin Klaas verabschiedet sich vers\u00f6hnlich, Anita Wlodarczyk dominiert<\/a><br \/>\n<a href=\"https:\/\/www.leichtathletik.de\/news\/news\/detail\/konstanze-klosterhalfen-erkaempft-im-berliner-hexenkessel-platz-vier\/\" target=\"_blank\" rel=\"noopener noreferrer\">Leichtathletik.de | Konstanze Klosterhalfen erk\u00e4mpft im Berliner Hexenkessel Platz vier<\/a><br \/>\n<a href=\"https:\/\/www.leichtathletik.de\/news\/news\/detail\/voll-im-soll-frauen-staffel-gewinnt-bronze\/\" target=\"_blank\" rel=\"noopener noreferrer\">Leichtathletik.de | Voll im Soll: Frauen-Staffel gewinnt Bronze<\/a><br \/>\n<a href=\"https:\/\/www.leichtathletik.de\/news\/news\/detail\/gold-und-u20-weltrekord-armand-duplantis-fliegt-ueber-605-meter\/\" target=\"_blank\" rel=\"noopener noreferrer\">Leichtathletik.de | Gold und U20-Weltrekord: Armand Duplantis fliegt \u00fcber 6,05 Meter<\/a><br \/>\n<a href=\"https:\/\/www.leichtathletik.de\/news\/news\/detail\/gesa-felicitas-krause-auf-den-punkt-fit-titel-erfolgreich-verteidigt\/\" target=\"_blank\" rel=\"noopener noreferrer\">Leichtathletik.de | Gesa Felicitas Krause auf den Punkt fit: Titel erfolgreich verteidigt<\/a><br \/>\n<a href=\"https:\/\/www.leichtathletik.de\/news\/news\/detail\/em-tag-6-gesa-krause-dlv-sprinterinnen-und-armand-duplantis-wie-befluegelt\/\" target=\"_blank\" rel=\"noopener noreferrer\">Leichtathletik.de | EM-Tag 6: Gesa Krause, DLV-Sprinterinnen und Armand Duplantis wie befl\u00fcgelt<\/a><br \/>\n<a href=\"https:\/\/www.leichtathletik.de\/news\/news\/detail\/dlv-team-kroent-heim-em-mit-bestem-medaillen-ergebnis-seit-1998\/\" target=\"_blank\" rel=\"noopener noreferrer\">Leichtathletik.de | DLV-Team kr\u00f6nt Heim-EM mit bestem Medaillen-Ergebnis seit 1998<\/a><br \/>\n<a href=\"https:\/\/www.leichtathletik.de\/news\/news\/detail\/european-championships-top-quoten-fuer-die-leichtathletik-voller-erfolg-fuer-ard-und-zdf\/\" target=\"_blank\" rel=\"noopener noreferrer\">Leichtathletik.de | European Championships: Top-Quoten f\u00fcr die Leichtathletik, voller Erfolg f\u00fcr ARD und ZDF<\/a><br \/>\n<a href=\"https:\/\/www.leichtathletik.de\/news\/news\/detail\/das-emotionale-karriereende-der-kathrin-klaas\/\" target=\"_blank\" rel=\"noopener noreferrer\">Leichtathletik.de | Das emotionale Karriereende der Kathrin Klaas<\/a><br \/>\n<a href=\"https:\/\/www.leichtathletik.de\/news\/news\/detail\/olympiastadion-berlin-innensenator-gegen-umbau-in-eine-fussball-arena\/\" target=\"_blank\" rel=\"noopener noreferrer\">Leichtathletik.de | Olympiastadion Berlin: Innensenator gegen Umbau in eine Fu\u00dfball-Arena<\/a><br \/>\n<a href=\"https:\/\/www.leichtathletik.de\/news\/news\/detail\/athleten-stimmen-zum-erhalt-der-blauen-bahn-im-berliner-olympiastadion\/\" target=\"_blank\" rel=\"noopener noreferrer\">Leichtathletik.de | Athleten-Stimmen zum Erhalt der blauen Bahn im Berliner Olympiastadion<\/a><br \/>\n<a href=\"https:\/\/www.leichtathletik.de\/news\/news\/detail\/alle-sechs-deutschen-europameister-beim-istaf-am-start\/\" target=\"_blank\" rel=\"noopener noreferrer\">Leichtathletik.de | Alle sechs deutschen Europameister beim ISTAF am Start<\/a><br \/>\n<a href=\"https:\/\/www.leichtathletik.de\/news\/news\/detail\/stille-em-helden-bemerkenswertes-abseits-des-podiums\/\" target=\"_blank\" rel=\"noopener noreferrer\">Leichtathletik.de | Stille EM-Helden \u2013 Bemerkenswertes abseits des Podiums<\/a><\/p>\n<p><a href=\"https:\/\/www.iaaf.org\/news\/report\/european-championships-berlin-2018-duplantis\" target=\"_blank\" rel=\"noopener noreferrer\">IAAF | Duplantis vaults 6.05m while Asher-Smith completes sprint triple as European Championships conclude<\/a><br \/>\n<a href=\"https:\/\/www.iaaf.org\/news\/news\/european-championships-berlin-2018-top-moment\" target=\"_blank\" rel=\"noopener noreferrer\">IAAF | Ten memorable moments from the European Championships<\/a><\/p>\n","protected":false},"excerpt":{"rendered":"<p>Leichtathletik Europameisterschaften \/ EM\/EC Berlin 2018 Vorschau Am Montag startet die Leichtathletik Europameisterschaften in Berlin. Mit dabei ist ein 16-k\u00f6pfiges \u00d6LV Team, welches auch Medaillenchancen hat. Das Schweizer Team umfasst \u00fcber 50 Athleten, w\u00e4hrend die Deutschen bei der Heim-EM gleich <a class=\"more-link\" href=\"https:\/\/trackandfield.bplaced.net\/blog\/2018\/08\/leichtathletik-europameisterschaften-emec-berlin-2018-tv-livestream-startlisten-zeitplan-ergebnisse\/\"><span class=\"screen-reader-text\">  Leichtathletik Europameisterschaften \/ EM\/EC Berlin 2018 &#8211; TV + Livestream \/ Startlisten \/ Zeitplan \/ Ergebnisse<\/span> weiterlesen<span class=\"meta-nav\">&rarr;<\/span><\/a><\/p>\n","protected":false},"author":1,"featured_media":0,"comment_status":"closed","ping_status":"closed","sticky":false,"template":"","format":"standard","meta":{"footnotes":""},"categories":[7],"tags":[754,141,106,22,103,122,95,1732,311,1400,140,779,119,750,159,2571,1442,1589,102,543],"class_list":["post-17342","post","type-post","status-publish","format-standard","hentry","category-international","tag-alexandra-toth","tag-andreas-vojta","tag-beate-schrott","tag-berlin","tag-christian-steinhammer","tag-dominik-distelberger","tag-em","tag-european-athletics","tag-ivona-dadic","tag-lemawork-ketema","tag-livestream","tag-luca-sinn","tag-lukas-weishaidinger","tag-markus-fuchs","tag-nada-pauer","tag-peter-herzog","tag-sarah-lagger","tag-stephanie-bendrat","tag-valentin-pfeil","tag-verena-mayr"],"_links":{"self":[{"href":"https:\/\/trackandfield.bplaced.net\/blog\/wp-json\/wp\/v2\/posts\/17342","targetHints":{"allow":["GET"]}}],"collection":[{"href":"https:\/\/trackandfield.bplaced.net\/blog\/wp-json\/wp\/v2\/posts"}],"about":[{"href":"https:\/\/trackandfield.bplaced.net\/blog\/wp-json\/wp\/v2\/types\/post"}],"author":[{"embeddable":true,"href":"https:\/\/trackandfield.bplaced.net\/blog\/wp-json\/wp\/v2\/users\/1"}],"replies":[{"embeddable":true,"href":"https:\/\/trackandfield.bplaced.net\/blog\/wp-json\/wp\/v2\/comments?post=17342"}],"version-history":[{"count":2,"href":"https:\/\/trackandfield.bplaced.net\/blog\/wp-json\/wp\/v2\/posts\/17342\/revisions"}],"predecessor-version":[{"id":40497,"href":"https:\/\/trackandfield.bplaced.net\/blog\/wp-json\/wp\/v2\/posts\/17342\/revisions\/40497"}],"wp:attachment":[{"href":"https:\/\/trackandfield.bplaced.net\/blog\/wp-json\/wp\/v2\/media?parent=17342"}],"wp:term":[{"taxonomy":"category","embeddable":true,"href":"https:\/\/trackandfield.bplaced.net\/blog\/wp-json\/wp\/v2\/categories?post=17342"},{"taxonomy":"post_tag","embeddable":true,"href":"https:\/\/trackandfield.bplaced.net\/blog\/wp-json\/wp\/v2\/tags?post=17342"}],"curies":[{"name":"wp","href":"https:\/\/api.w.org\/{rel}","templated":true}]}}