{"id":18359,"date":"2018-12-30T14:55:01","date_gmt":"2018-12-30T13:55:01","guid":{"rendered":"http:\/\/trackandfield.bplaced.net\/?p=18359"},"modified":"2020-05-31T09:28:57","modified_gmt":"2020-05-31T07:28:57","slug":"silvesterlauf-bozen-boclassic-2018-livestream-live-ergebnisse-elitefeld","status":"publish","type":"post","link":"https:\/\/trackandfield.bplaced.net\/blog\/2018\/12\/silvesterlauf-bozen-boclassic-2018-livestream-live-ergebnisse-elitefeld\/","title":{"rendered":"Silvesterlauf Bozen (BOclassic) 2018 &#8211; Livestream \/ Live-Ergebnisse \/ Elitefeld mit Valentin Pfeil"},"content":{"rendered":"<h1><a href=\"https:\/\/www.boclassic.it\/\" title=\"BOClassic\" target=\"_blank\" rel=\"noopener noreferrer\">BOclassic<\/a><\/h1>\n<h2>Vorschau<\/h2>\n<p>Bei der 44. Auflage des BOclassic Silvesterlaufs in Bozen trifft dreifach Sieger Muktar Edris wieder auf Yemane Crippa (ITA) der, der erste Italiener seit 30 Jahren auf dem Podium sein k\u00f6nnte. Yassine Rachik und Yohanes Chiappinelli (ITA) sind ebenso gemeldet, wie Valentin Pfeil (LAC Amateure Steyr) oder Zane Robertson und Jairus Birech. Amanal Petros, Philipp Reinhardt und Tim Hellwig sind f\u00fcr Deutschland am Start.<br \/>\nU20-Cross EM Siegerin Nadia Battocletti, Margherita Magnani und Sara Dossena vertreten Italien im Frauenfeld. Marathoneuroapmeisterin Olga Mazunorak (BLR) trifft auf Halbmarathonweltmeisterin Netsanet Gudeta (ETH). Vier bzw. 8 Runden \u00fcber 1250m stehen am Programm.<\/p>\n<p>Im Jahr 1978 als bisher einziger \u00d6sterreicher gewann Dietmar Millonig den nun traditionsreichen BOclassic.<\/p>\n<p><a href=\"https:\/\/www.leichtathletik.de\/news\/news\/detail\/alina-reh-mit-siegchancen-in-peuerbach-weltmeister-in-bozen-und-madrid\/\" rel=\"noopener noreferrer\" target=\"_blank\">Leichtathletik.de | Alina Reh mit Siegchancen in Peuerbach, Weltmeister in Bozen und Madrid<\/a><\/p>\n<p><a href=\"https:\/\/twitter.com\/boclassic\" target=\"_blank\" rel=\"noopener noreferrer\">BOclassic | Twitter News<\/a><br \/>\n<a href=\"https:\/\/www.facebook.com\/boclassic3112\/\" target=\"_blank\" rel=\"noopener noreferrer\">BOclassic | Facebook News<\/a><br \/>\n<a href=\"https:\/\/www.instagram.com\/boclassicbz\/\" target=\"_blank\" rel=\"noopener noreferrer\">BOclassic | Instagram News<\/a><\/p>\n<p><iframe loading=\"lazy\" src=\"https:\/\/www.youtube.com\/embed\/_rGLbpJUxPs\" allow=\"accelerometer; autoplay; encrypted-media; gyroscope; picture-in-picture\" allowfullscreen=\"\" width=\"560\" height=\"315\" frameborder=\"0\"><\/iframe><\/p>\n<h2>Livestream &#8211; 31.12.2018 ab 14:45 Uhr<\/h2>\n<p>Das Frauenrennen \u00fcber 5km startet um 15 Uhr. Der M\u00e4nnerlauf \u00fcber 10km folgt um 15:30. <a href=\"http:\/\/www.raibz.rai.it\/view_event.php?id=328142\" target=\"_blank\" rel=\"noopener noreferrer\">Rai S\u00fcdtirol<\/a> ist wieder live mit dabei. Die Amateurl\u00e4ufe gibt es auf Youtube.<\/p>\n<h4>Elitel\u00e4ufe auf Rai<\/h4>\n<p><a href=\"http:\/\/www.raibz.rai.it\/de\/index.php?media=Ltvlive\" title=\"44. BOclassic 2018 | Livestream (RAISuedtirol 14:45-16:30 MEZ)\" target=\"_blank\" rel=\"noopener noreferrer\">44. BOclassic 2018 | Livestream (RAISuedtirol 14:45-16:30 MEZ)<\/a><\/p>\n<p><!--\n\n\n<h4>Amateurl\u00e4ufe auf Youtube\n<a href=\"https:\/\/www.youtube.com\/watch?v=lMKBO1pew1I\" target=\"_blank\" rel=\"noopener noreferrer\">42. BOclassic 2017 | Livestream (Amateure)<\/a>\n<iframe loading=\"lazy\" width=\"560\" height=\"315\" src=\"https:\/\/www.youtube.com\/embed\/lMKBO1pew1I\" frameborder=\"0\" gesture=\"media\" allow=\"encrypted-media\" allowfullscreen><\/iframe> --><\/p>\n<h2>Live-Ergebnisse \/ Zeitplan \/ Startlisten \/ Elitefeld<\/h2>\n<p><a href=\"https:\/\/www.tds-live.com\/ns\/index.jsp?login=&amp;password=&amp;is_domenica=0&amp;nextRaceId=&amp;dpbib=&amp;dpcat=&amp;dpsex=&amp;serviziol=&amp;pageType=1&amp;id=9870&amp;servizio=000&amp;locale=2057\" title=\"BOclassic 2018 | Live-Ergebnisse\" target=\"_blank\" rel=\"noopener noreferrer\">BOclassic 2018 | Live-Ergebnisse<\/a><br \/>\n<a href=\"https:\/\/www.boclassic.it\/de\/cmspre\/das-programm\/4.html\" title=\"BOclassic 2018 | Zeitplan\" target=\"_blank\" rel=\"noopener noreferrer\">BOclassic 2018 | Zeitplan<\/a><br \/>\n<a href=\"https:\/\/l.facebook.com\/l.php?u=https%3A%2F%2Fcdn.fbsbx.com%2Fv%2Ft59.2708-21%2F49728239_2949025571834950_2042217083361558528_n.ods%2FElite-2.ods%3F_nc_cat%3D103%26_nc_ht%3Dcdn.fbsbx.com%26oh%3Dd2083bba3006847b11e1edad46e366e2%26oe%3D5C28CA6C%26dl%3D1%26fbclid%3DIwAR0G5wFgrRQqLUf4-GDtlEoaLGSe93IIxmnVakZmS7SvS_2LthtGZmBFAg8&amp;h=AT0llpeYnzkBSt1X5f5AvcCU7cIIBOcQPIbFWM7AHb6oGdxTNb1eIJO6_r4SvxY0PlnW-YpQ6GPUbtJKr2-LTQxRrQ3PqiqxrBdbeCZvRWTBWYdUpViaty-K8H0mhp39-0G5-w\" title=\"BOclassic 2018 | Zeitplan\" target=\"_blank\" rel=\"noopener noreferrer\">BOclassic 2018 | Elitefeld<\/a><\/p>\n<p><a href=\"https:\/\/www.boclassic.it\/de\/cmspre\/ergebnisse-boclassic\/14.html\" title=\"BOclassic | Ergebnisse der Vorjahre\" target=\"_blank\" rel=\"noopener noreferrer\">BOclassic | Ergebnisse der Vorjahre<\/a><br \/>\n<a href=\"https:\/\/www.boclassic.it\/de\/cmspre\/ehrentafel-boclassic\/15.html\" title=\"BOclassic | Ergebnisse der Vorjahre\" target=\"_blank\" rel=\"noopener noreferrer\">BOclassic | Sieger der Vorjahre<\/a><\/p>\n<h2>Fotos<\/h2>\n<p><a href=\"https:\/\/www.facebook.com\/450917154934317\/photos\/?tab=album&amp;album_id=2960679303958077\" target=\"_blank\" rel=\"noopener noreferrer\">BOclassic (Facebook) | Elite Races 2018<\/a><\/p>\n<p><a href=\"https:\/\/www.facebook.com\/143010243008976\/photos\/?tab=album&amp;album_id=304797450163587\" rel=\"noopener noreferrer\" target=\"_blank\">Jader&#8217;s images (Facebook) | BoClassic Men Elite 1<\/a><br \/>\n<a href=\"https:\/\/www.facebook.com\/143010243008976\/photos\/?tab=album&amp;album_id=304788850164447\" rel=\"noopener noreferrer\" target=\"_blank\">Jader&#8217;s images (Facebook) | BoClassic Men Elite 2<\/a><br \/>\n<a href=\"https:\/\/www.facebook.com\/143010243008976\/photos\/?tab=album&amp;album_id=304776316832367\" rel=\"noopener noreferrer\" target=\"_blank\">Jader&#8217;s images (Facebook) | BoClassic Men Elite 3<\/a><br \/>\n<a href=\"https:\/\/www.facebook.com\/143010243008976\/photos\/?tab=album&amp;album_id=304766043500061\" rel=\"noopener noreferrer\" target=\"_blank\">Jader&#8217;s images (Facebook) | BoClassic Women Elite 1<\/a><br \/>\n<a href=\"https:\/\/www.facebook.com\/143010243008976\/photos\/?tab=album&amp;album_id=304760596833939\" rel=\"noopener noreferrer\" target=\"_blank\">Jader&#8217;s images (Facebook) | BoClassic Women Elite 2<\/a><br \/>\n<a href=\"https:\/\/www.facebook.com\/143010243008976\/photos\/?tab=album&amp;album_id=305102726799726\" rel=\"noopener noreferrer\" target=\"_blank\">Jader&#8217;s images (Facebook) | BoClassic I cicloni<\/a><\/p>\n<h2>Videos<\/h2>\n<p><a href=\"https:\/\/www.boclassic.it\/de\/cmspre\/boclassic-videos\/24.html\" title=\"BOclassic | Videos der vergangenen Jahre\" target=\"_blank\" rel=\"noopener noreferrer\">BOclassic | Videos der vergangenen Jahre<\/a><br \/>\n<a href=\"https:\/\/www.facebook.com\/pg\/boclassic3112\/videos\" title=\"BOclassic | Videos (Facebook)\" target=\"_blank\" rel=\"noopener noreferrer\">BOclassic | Videos (Facebook)<\/a><\/p>\n<p><iframe loading=\"lazy\" src=\"https:\/\/www.youtube.com\/embed\/5yHnzzyDKE4\" allow=\"accelerometer; autoplay; encrypted-media; gyroscope; picture-in-picture\" allowfullscreen=\"\" width=\"560\" height=\"315\" frameborder=\"0\"><\/iframe><br \/>\n<iframe loading=\"lazy\" src=\"https:\/\/www.youtube.com\/embed\/zMSlXUGDqBk\" allow=\"accelerometer; autoplay; encrypted-media; gyroscope; picture-in-picture\" allowfullscreen=\"\" width=\"560\" height=\"315\" frameborder=\"0\"><\/iframe><\/p>\n<h2>Bericht<\/h2>\n<p><a href=\"https:\/\/www.oelv.at\/de\/newsshow-silvesterlaeufe-national-und-international\" rel=\"noopener noreferrer\" target=\"_blank\">\u00d6LV | Silvesterl\u00e4ufe National und International<\/a><\/p>\n<p><a href=\"https:\/\/www.leichtathletik.de\/news\/news\/detail\/silvesterlaeufe-international-vier-dlv-athleten-auf-dem-podium-europarekord-durch-wanders\/\" rel=\"noopener noreferrer\" target=\"_blank\">Leichtathletik.de | Silvesterl\u00e4ufe international: Vier DLV-Athleten auf dem Podium, Europarekord durch Wanders<\/a><\/p>\n<p><a href=\"https:\/\/www.iaaf.org\/news\/report\/tola-gudeta-win-bolzano-boclassic-2018\" rel=\"noopener noreferrer\" target=\"_blank\">IAAF | Tola and Gudeta victorious again in Bolzano<\/a><\/h4>\n","protected":false},"excerpt":{"rendered":"<p>BOclassic Vorschau Bei der 44. Auflage des BOclassic Silvesterlaufs in Bozen trifft dreifach Sieger Muktar Edris wieder auf Yemane Crippa (ITA) der, der erste Italiener seit 30 Jahren auf dem Podium sein k\u00f6nnte. Yassine Rachik und Yohanes Chiappinelli (ITA) sind <a class=\"more-link\" href=\"https:\/\/trackandfield.bplaced.net\/blog\/2018\/12\/silvesterlauf-bozen-boclassic-2018-livestream-live-ergebnisse-elitefeld\/\"><span class=\"screen-reader-text\">  Silvesterlauf Bozen (BOclassic) 2018 &#8211; Livestream \/ Live-Ergebnisse \/ Elitefeld mit Valentin Pfeil<\/span> weiterlesen<span class=\"meta-nav\">&rarr;<\/span><\/a><\/p>\n","protected":false},"author":1,"featured_media":0,"comment_status":"closed","ping_status":"closed","sticky":false,"template":"","format":"standard","meta":{"footnotes":""},"categories":[7],"tags":[472,970,140,1448,3124,1511,3103,1499,2409],"class_list":["post-18359","post","type-post","status-publish","format-standard","hentry","category-international","tag-boclassic","tag-bozen","tag-livestream","tag-muktar-edris","tag-nadia-battocletti","tag-netsanet-gudeta","tag-sara-dossena","tag-yemane-crippa","tag-yohanes-chiappinelli"],"_links":{"self":[{"href":"https:\/\/trackandfield.bplaced.net\/blog\/wp-json\/wp\/v2\/posts\/18359","targetHints":{"allow":["GET"]}}],"collection":[{"href":"https:\/\/trackandfield.bplaced.net\/blog\/wp-json\/wp\/v2\/posts"}],"about":[{"href":"https:\/\/trackandfield.bplaced.net\/blog\/wp-json\/wp\/v2\/types\/post"}],"author":[{"embeddable":true,"href":"https:\/\/trackandfield.bplaced.net\/blog\/wp-json\/wp\/v2\/users\/1"}],"replies":[{"embeddable":true,"href":"https:\/\/trackandfield.bplaced.net\/blog\/wp-json\/wp\/v2\/comments?post=18359"}],"version-history":[{"count":1,"href":"https:\/\/trackandfield.bplaced.net\/blog\/wp-json\/wp\/v2\/posts\/18359\/revisions"}],"predecessor-version":[{"id":22600,"href":"https:\/\/trackandfield.bplaced.net\/blog\/wp-json\/wp\/v2\/posts\/18359\/revisions\/22600"}],"wp:attachment":[{"href":"https:\/\/trackandfield.bplaced.net\/blog\/wp-json\/wp\/v2\/media?parent=18359"}],"wp:term":[{"taxonomy":"category","embeddable":true,"href":"https:\/\/trackandfield.bplaced.net\/blog\/wp-json\/wp\/v2\/categories?post=18359"},{"taxonomy":"post_tag","embeddable":true,"href":"https:\/\/trackandfield.bplaced.net\/blog\/wp-json\/wp\/v2\/tags?post=18359"}],"curies":[{"name":"wp","href":"https:\/\/api.w.org\/{rel}","templated":true}]}}