{"id":18485,"date":"2019-01-31T20:20:55","date_gmt":"2019-01-31T19:20:55","guid":{"rendered":"http:\/\/trackandfield.bplaced.net\/?p=18485"},"modified":"2019-02-03T21:47:39","modified_gmt":"2019-02-03T20:47:39","slug":"indoor-meeting-karlsruhe-2019-tv-livestream-startlisten-zeitplan-live-ergebnisse","status":"publish","type":"post","link":"https:\/\/trackandfield.bplaced.net\/blog\/2019\/01\/indoor-meeting-karlsruhe-2019-tv-livestream-startlisten-zeitplan-live-ergebnisse\/","title":{"rendered":"Indoor Meeting Karlsruhe 2019 \u2013 TV + Livestream \/ Startlisten \/ Zeitplan \/ Live-Ergebnisse"},"content":{"rendered":"<h1><a href=\"http:\/\/www.meeting-karlsruhe.de\/\" title=\"Indoor Meeting Karlsruhe\" target=\"_blank\">Indoor Meeting Karlsruhe<\/a><\/h1>\n<h2>Vorschau<\/h2>\n<p>Die zweite Station (von 6) der IAAF World Indoor Tour 2019 ist mit dem Indoor Meeting Karlsruhe, eines der \u00fcblicherweise besten Hallenmeetings im Jahr. Mit Mateusz Przyblyko, Gesa Krause, Fabian Heinle, Kristin Gierisch, Cindy Roleder&#8230; kommen gleich mehrere Stars der EM in Berlin nach Karlsruhe und messen sich mit der internationalen Konkurrenz.<\/p>\n<p><a href=\"https:\/\/www.swiss-athletics.ch\/de\/blog\/2019\/01\/30\/drei-swiss-starters-am-samstag-in-karlsruhe\/\" rel=\"noopener\" target=\"_blank\">Swiss Athletics | Drei Swiss Starters am Samstag in Karlsruhe<\/a><\/p>\n<p><a href=\"https:\/\/www.leichtathletik.de\/news\/news\/detail\/show-der-ueberflieger-in-karlsruhe\/\" rel=\"noopener\" target=\"_blank\">Leichtathletik.de | Show der \u00dcberflieger in Karlsruhe<\/a><br \/>\n<a href=\"https:\/\/www.leichtathletik.de\/news\/news\/detail\/dafne-schippers-kommt-nach-karlsruhe\/\" rel=\"noopener\" target=\"_blank\">Leichtathletik.de | Dafne Schippers kommt nach Karlsruhe<\/a><br \/>\n<a href=\"https:\/\/www.leichtathletik.de\/news\/news\/detail\/weitsprung-superstar-juan-miguel-echevarria-ergaenzt-top-feld-in-karlsruhe\/\" rel=\"noopener\" target=\"_blank\">Leichtathletik.de | Weitsprung-Superstar Juan Miguel Echevarria erg\u00e4nzt Top-Feld in Karlsruhe<\/a><br \/>\n<a href=\"https:\/\/www.leichtathletik.de\/news\/news\/detail\/silberglanz-in-karlsruhe\/\" rel=\"noopener\" target=\"_blank\">Leichtathletik.de | Silberglanz in Karlsruhe<\/a><\/p>\n<p><a href=\"https:\/\/www.iaaf.org\/news\/preview\/karlsruhe-world-indoor-tour-2019-preview\" rel=\"noopener\" target=\"_blank\">IAAF | Spotlight on Echevarria as World Indoor Tour resumes in Karlsruhe<\/a><br \/>\n<a href=\"https:\/\/www.iaaf.org\/competitions\/iaaf-world-indoor-tour\/news\/maslak-joins-karlsruhe-field\" rel=\"noopener\" target=\"_blank\">IAAF | Maslak joins Karlsruhe field<\/a><br \/>\n<a href=\"https:\/\/www.iaaf.org\/competitions\/iaaf-world-indoor-tour\/news\/karlsruhe-world-indoor-tour-schippers-60m\" rel=\"noopener\" target=\"_blank\">IAAF | Schippers headlines Karlsruhe\u2019s 60m line-up<\/a><br \/>\n<a href=\"https:\/\/www.iaaf.org\/competitions\/iaaf-world-indoor-tour\/news\/echevarria-set-for-karlsruhe-return\" rel=\"noopener\" target=\"_blank\">IAAF | Echevarria set for Karlsruhe return<\/a><br \/>\n<a href=\"https:\/\/www.iaaf.org\/competitions\/iaaf-world-indoor-tour\/news\/karlsruhe-world-indoor-tour-stefanidi-pole-va\" rel=\"noopener\" target=\"_blank\">IAAF | Stefanidi set for Karlsruhe and Birmingham appearances<\/a><br \/>\n<a href=\"https:\/\/www.iaaf.org\/competitions\/iaaf-world-indoor-tour\/news\/przybylko-world-indoor-tour-karlsruhe\" rel=\"noopener\" target=\"_blank\">IAAF | Przybylko&#8217;s hunt for World Indoor Tour crown to begin in Karlsruhe<\/a><\/p>\n<p>Aftermovie 2018:<br \/>\n<iframe loading=\"lazy\" width=\"560\" height=\"315\" src=\"https:\/\/www.youtube.com\/embed\/1L4TRZlGig8\" frameborder=\"0\" allow=\"accelerometer; autoplay; encrypted-media; gyroscope; picture-in-picture\" allowfullscreen><\/iframe><\/p>\n<h2>TV + Livestream &#8211; 02.02.2019<\/h2>\n<p>Erstmalig \u00fcbertr\u00e4gt SWR das Indoor Meeting Karlsruhe am Samstag live von ca. 18 Uhr MEZ im Livestream. Die komplette \u00dcbertragung soll danach auch in der Mediathek verf\u00fcgbar sein. Die IAAF \u00fcbertr\u00e4gt ab 19:15 Uhr auf Youtube und Facebook.<\/p>\n<h4><a href=\"https:\/\/www.iaaf.org\/competitions\/iaaf-world-indoor-tour\/indoor-meeting-karlsruhe-6520\/news\/live\" rel=\"noopener\" target=\"_blank\">Geoblock DK\/GER\/NOR ab 19:15 Uhr<\/a><\/h4>\n<p><a href=\"https:\/\/www.youtube.com\/watch?v=5Qiv05miHqw\" rel=\"noopener\" target=\"_blank\">Indoor Meeting Karlsruhe 2019 | Livestream (IAAF Youtube)<\/a><br \/>\n<a href=\"https:\/\/www.facebook.com\/WorldAthleticsClub\/\" rel=\"noopener\" target=\"_blank\">Indoor Meeting Karlsruhe 2019 | Livestream (IAAF Facebook)<\/a><br \/>\n<iframe loading=\"lazy\" width=\"560\" height=\"315\" src=\"https:\/\/www.youtube.com\/embed\/5Qiv05miHqw\" frameborder=\"0\" allow=\"accelerometer; autoplay; encrypted-media; gyroscope; picture-in-picture\" allowfullscreen><\/iframe><\/p>\n<h4>Geoblock GER ab 18 Uhr<\/h4>\n<p><a href=\"https:\/\/www.swr.de\/sport\/media\/Leichtathletik-Hallenmeeting-Livestream-Intern,video-livestream-leichtathletik-hallen-indoor-meeting-karlsruhe-100.html\" rel=\"noopener\" target=\"_blank\">Indoor Meeting Karlsruhe 2019 | Livestream (SWR)<\/a><br \/>\n<iframe loading=\"lazy\" src=\"https:\/\/www.swr.de\/~embed\/sport\/media\/Leichtathletik-Hallenmeeting-Livestream-Intern,video-livestream-leichtathletik-hallen-indoor-meeting-karlsruhe-100.html\" width=\"560\" height=\"315\" frameborder=\"0\" webkitallowfullscreen mozallowfullscreen allowfullscreen><\/iframe><\/p>\n<h2>Live-Ergebnisse, Live-Ticker \/ Startlisten \/ Zeitplan<\/h2>\n<p><strong><a href=\"https:\/\/static.sportresult.com\/federations\/iaaf\/liveResults\/index.html?event=Karlsruhe2019&#038;lng=de#baseFrame#__athSchedule#ScheduleInit#Karlsruhe2019_CURRENTEVENT_JSON\" target=\"_blank\">Indoor Meeting Karlsruhe 2019 | Live-Ergebnisse \/ Zeitplan \/ Startlisten<\/a><\/strong><\/p>\n<p><a href=\"https:\/\/www.iaaf.org\/competitions\/iaaf-world-indoor-tour\/indoor-meeting-karlsruhe-6520\/news\/live\" target=\"_blank\">Indoor Meeting Karlsruhe 2019 | IAAF Live Updates<\/a><br \/>\n<a href=\"https:\/\/www.leichtathletik.de\/termine\/top-events\/indoor-meeting-2019-karlsruhe\/karlsruhe-2019-live\/\" target=\"_blank\">Indoor Meeting Karlsruhe 2019 | Live-Ticker und Live-Ergebnisse<\/a><br \/>\n<a href=\"https:\/\/twitter.com\/dlv_live\" target=\"_blank\">Indoor Meeting Karlsruhe 2019 | Live-Ticker<\/a><\/p>\n<p><a href=\"https:\/\/www.meeting-karlsruhe.de\/files\/startlist_2019_1.pdf\" target=\"_blank\">Indoor Meeting Karlsruhe 2019 | Startliste (PDF)<\/a><br \/>\n<a href=\"https:\/\/www.leichtathletik.de\/fileadmin\/user_upload\/03_Termine\/Top-Events\/Indoor-Meeting_Karlsruhe\/2019_Karlsruhe_Zeitplan.pdf\" target=\"_blank\">Indoor Meeting Karlsruhe 2019 | Zeitplan (PDF)<\/a><br \/>\n<a href=\"https:\/\/www.meeting-karlsruhe.de\/index.php?article_id=1\" target=\"_blank\">Indoor Meeting Karlsruhe 2019 | Elitestarter<\/a><\/p>\n<h2>Fotos<\/h2>\n<h2>Videos \/ Interviews<\/h2>\n<h4>Englisch<\/h4>\n<p>Komplette \u00dcbertragung 2019 &#8211; Englisch IAAF:<br \/>\n<a href=\"https:\/\/www.youtube.com\/watch?v=5Qiv05miHqw\" rel=\"noopener\" target=\"_blank\">Indoor Meeting Karlsruhe 2019 | Komplette \u00dcbertragung (IAAF)<\/a><br \/>\n<iframe loading=\"lazy\" width=\"560\" height=\"315\" src=\"https:\/\/www.youtube.com\/embed\/5Qiv05miHqw\" frameborder=\"0\" allow=\"accelerometer; autoplay; encrypted-media; gyroscope; picture-in-picture\" allowfullscreen><\/iframe><\/p>\n<h4>Deutsch<\/h4>\n<p><a href=\"https:\/\/baden-tv.com\/indoor-meeting-2019\/\" target=\"_blank\">Indoor Meeting Karlsruhe 2019 | Spezial (Baden-TV)<\/a><\/p>\n<h2>Bericht<\/h2>\n<p><a href=\"https:\/\/www.swiss-athletics.ch\/de\/blog\/2019\/02\/02\/noemi-zbaeren-steigert-sich-in-karlsruhe\/\" rel=\"noopener\" target=\"_blank\">Swiss Athletics | Noemi Zb\u00e4ren steigert sich in Karlsruhe<\/a><\/p>\n<p><a href=\"https:\/\/www.leichtathletik.de\/news\/news\/detail\/alina-reh-und-hanna-klein-bringen-karlsruhe-zum-toben\/\" rel=\"noopener\" target=\"_blank\">Leichtathletik.de | Alina Reh und Hanna Klein bringen Karlsruhe zum Toben<\/a><br \/>\n<a href=\"https:\/\/www.leichtathletik.de\/news\/news\/detail\/stimmen-vom-indoor-meeting-2019-in-karlsruhe\/\" rel=\"noopener\" target=\"_blank\">Leichtathletik.de | Stimmen vom Indoor Meeting 2019 in Karlsruhe<\/a><\/p>\n<p><a href=\"https:\/\/www.iaaf.org\/news\/report\/naoto-tobe-235-japanese-record-karlsruhe-worl\" rel=\"noopener\" target=\"_blank\">IAAF | Tobe tops 2.35m Japanese record in Karlsruhe<\/a><\/p>\n","protected":false},"excerpt":{"rendered":"<p>Indoor Meeting Karlsruhe Vorschau Die zweite Station (von 6) der IAAF World Indoor Tour 2019 ist mit dem Indoor Meeting Karlsruhe, eines der \u00fcblicherweise besten Hallenmeetings im Jahr. Mit Mateusz Przyblyko, Gesa Krause, Fabian Heinle, Kristin Gierisch, Cindy Roleder&#8230; kommen <a class=\"more-link\" href=\"https:\/\/trackandfield.bplaced.net\/blog\/2019\/01\/indoor-meeting-karlsruhe-2019-tv-livestream-startlisten-zeitplan-live-ergebnisse\/\"><span class=\"screen-reader-text\">  Indoor Meeting Karlsruhe 2019 \u2013 TV + Livestream \/ Startlisten \/ Zeitplan \/ Live-Ergebnisse<\/span> weiterlesen<span class=\"meta-nav\">&rarr;<\/span><\/a><\/p>\n","protected":false},"author":1,"featured_media":0,"comment_status":"closed","ping_status":"closed","sticky":false,"template":"","format":"standard","meta":{"footnotes":""},"categories":[7],"tags":[1226,1540,1474,2225,1772,1143,2662,2076,1891,515,3133,514,1611,1924,140,2677,1742],"class_list":["post-18485","post","type-post","status-publish","format-standard","hentry","category-international","tag-alina-reh","tag-cindy-roleder","tag-dafne-schippers","tag-ekaterini-stefanidi","tag-fabian-heinle","tag-gesa-felicitas-krause","tag-gesa-krause","tag-gianmarco-tamberi","tag-iaaf-world-indoor-tour","tag-indoor","tag-juan-miguel-echevarria","tag-karlsruhe","tag-kristin-gierisch","tag-lisa-ryzih","tag-livestream","tag-mateusz-przybylko","tag-mujinga-kambundji"],"_links":{"self":[{"href":"https:\/\/trackandfield.bplaced.net\/blog\/wp-json\/wp\/v2\/posts\/18485","targetHints":{"allow":["GET"]}}],"collection":[{"href":"https:\/\/trackandfield.bplaced.net\/blog\/wp-json\/wp\/v2\/posts"}],"about":[{"href":"https:\/\/trackandfield.bplaced.net\/blog\/wp-json\/wp\/v2\/types\/post"}],"author":[{"embeddable":true,"href":"https:\/\/trackandfield.bplaced.net\/blog\/wp-json\/wp\/v2\/users\/1"}],"replies":[{"embeddable":true,"href":"https:\/\/trackandfield.bplaced.net\/blog\/wp-json\/wp\/v2\/comments?post=18485"}],"version-history":[{"count":0,"href":"https:\/\/trackandfield.bplaced.net\/blog\/wp-json\/wp\/v2\/posts\/18485\/revisions"}],"wp:attachment":[{"href":"https:\/\/trackandfield.bplaced.net\/blog\/wp-json\/wp\/v2\/media?parent=18485"}],"wp:term":[{"taxonomy":"category","embeddable":true,"href":"https:\/\/trackandfield.bplaced.net\/blog\/wp-json\/wp\/v2\/categories?post=18485"},{"taxonomy":"post_tag","embeddable":true,"href":"https:\/\/trackandfield.bplaced.net\/blog\/wp-json\/wp\/v2\/tags?post=18485"}],"curies":[{"name":"wp","href":"https:\/\/api.w.org\/{rel}","templated":true}]}}