{"id":18541,"date":"2019-01-29T23:35:44","date_gmt":"2019-01-29T22:35:44","guid":{"rendered":"http:\/\/trackandfield.bplaced.net\/?p=18541"},"modified":"2026-01-20T20:11:05","modified_gmt":"2026-01-20T19:11:05","slug":"istaf-indoor-berlin-2019-tv-livestream-startlisten-zeitplan-ergebnisse-videos-live-ticker-mit-lukas-weisshaidinger-und-stephanie-bendrat","status":"publish","type":"post","link":"https:\/\/trackandfield.bplaced.net\/blog\/2019\/01\/istaf-indoor-berlin-2019-tv-livestream-startlisten-zeitplan-ergebnisse-videos-live-ticker-mit-lukas-weisshaidinger-und-stephanie-bendrat\/","title":{"rendered":"ISTAF Indoor Berlin 2019 &#8211; TV + Livestream \/ Startlisten \/ Zeitplan \/ Ergebnisse \/ Videos \/ Live-Ticker mit Lukas Wei\u00dfhaidinger und Stephanie Bendrat"},"content":{"rendered":"<h1><a title=\"ISTAF Indoor\" href=\"http:\/\/www.istaf-indoor.de\/\" target=\"_blank\" rel=\"noopener\">ISTAF Indoor<\/a><\/h1>\n<h2>Vorschau<\/h2>\n<p>Vorjahressieger und EM-Bronzemedaillengewinner Lukas Wei\u00dfhaidinger (\u00d6TB O\u00d6 LA) kehrt am Freitag zur\u00fcck an seine Erfolgsst\u00e4tte Berlin. Beim ISTAF Indoor wirft er erneut im einzigartigen Diskusbewerb unter dem Hallendach. Stephanie Bendrat (Union Salzburg Leichtatheltik) sollte \u00fcber 60m H\u00fcrden das EM-Limit in Angriff nehmen.<\/p>\n<p><a href=\"https:\/\/www.oelv.at\/de\/newsshow-istaf-indoor-vier-duelle-warten-auf-weisshaidinger\" target=\"_blank\" rel=\"noopener\">\u00d6LV | ISTAF Indoor: Vier Duelle warten auf Wei\u00dfhaidinger<\/a><br \/>\n<a href=\"https:\/\/www.oelv.at\/de\/newsshow-vorschau-auf-das-istaf-indoor-mit-lukas-weisshaidinger\" target=\"_blank\" rel=\"noopener\">\u00d6LV | Vorschau auf das ISTAF Indoor mit Lukas Wei\u00dfhaidinger<\/a><\/p>\n<p><a href=\"https:\/\/www.leichtathletik.de\/news\/news\/detail\/das-istaf-indoor-2019-live-auf-sportschaude-und-leichtathletikde\/\" target=\"_blank\" rel=\"noopener\">Leichtathletik.de | Das ISTAF Indoor 2019 live auf sportschau.de und leichtathletik.de<\/a><br \/>\n<a href=\"https:\/\/www.leichtathletik.de\/news\/news\/detail\/willkommens-party-fuer-lueckenkemper-perfekte-buehne-fuer-mihambo\/\" target=\"_blank\" rel=\"noopener\">Leichtathletik.de | Willkommens-Party f\u00fcr L\u00fcckenkemper, perfekte B\u00fchne f\u00fcr Mihambo<\/a><br \/>\n<a href=\"https:\/\/www.leichtathletik.de\/news\/news\/detail\/treffen-der-medaillengewinner-in-berlin\/\" target=\"_blank\" rel=\"noopener\">Leichtathletik.de | Treffen der Medaillengewinner in Berlin<\/a><br \/>\n<a href=\"https:\/\/www.leichtathletik.de\/news\/news\/detail\/vier-sechs-meter-springer-messen-sich-beim-istaf-indoor\/\" target=\"_blank\" rel=\"noopener\">Leichtathletik.de | Vier Sechs-Meter-Springer messen sich beim ISTAF Indoor<\/a><br \/>\n<a href=\"https:\/\/www.leichtathletik.de\/news\/news\/detail\/christoph-harting-an-die-em-bin-ich-zu-hochnaesig-rangegangen\/\" target=\"_blank\" rel=\"noopener\">Leichtathletik.de | Christoph Harting: &#8222;An die EM bin ich zu hochn\u00e4sig rangegangen&#8220;<\/a><br \/>\n<a href=\"https:\/\/www.leichtathletik.de\/news\/news\/detail\/diskuswurf-maenner-gegen-frauen-weltpremiere-beim-istaf-indoor\/\" target=\"_blank\" rel=\"noopener\">Leichtathletik.de | Diskuswurf M\u00e4nner gegen Frauen: Weltpremiere beim ISTAF Indoor<\/a><\/p>\n<p><a href=\"https:\/\/www.leichtathletik.de\/termine\/top-events\/istaf-indoor-2019-berlin\/\" target=\"_blank\" rel=\"noopener\">Leichtathletik.de | ISTAF Indoor Berlin 2019<\/a><\/p>\n<p>Trailer &#8211; 5 Jahre Highlights vom ISTAF Indoor:<br \/>\n<video preload=\"none\" controls=\"controls\" width=\"560\" height=\"315\"><source src=\"https:\/\/www.leichtathletik.de\/fileadmin\/user_upload\/02_TV\/2019\/190201_ISTAF-Indoor\/2019_ISTAF-INDOOR_5-Jahre-Highlights.mp4\" type=\"video\/mp4\" \/><\/video><br \/>\n<iframe loading=\"lazy\" src=\"https:\/\/www.youtube.com\/embed\/cXm4suj7FZw\" width=\"560\" height=\"315\" frameborder=\"0\" allowfullscreen=\"allowfullscreen\"><\/iframe><\/p>\n<h2>Livestream &#8211; 01.02.2019 ab 18 Uhr<\/h2>\n<p>Am Samstag dem 02.02.2019 gibt es in der <a href=\"https:\/\/www.daserste.de\/programm\/index~_pd-20190202.html\" target=\"_blank\" rel=\"noopener\">ARD Sportschau eine Zusammenfassung<\/a> des ISTAF Indoor 2019 von ca. 10:40-11:05 Uhr. Ein freier Livestream der Veranstaltung am Freitag ab 18 Uhr ist angek\u00fcndigt.<\/p>\n<h4>Geoblock GER ab 18 Uhr<\/h4>\n<p><strong><a title=\"ISTAF Indoor Berlin 2019 | Livestream (ARD)\" href=\"https:\/\/www.sportschau.de\/weitere\/leichtathletik\/videostream-livestream---das-istaf-indoor-in-berlin-100.html\" target=\"_blank\" rel=\"noopener\">ISTAF Indoor Berlin 2019 | Livestream (ARD)<\/a><\/strong><\/p>\n<h4>Geoblock POL &#8211; ab 18:30<\/h4>\n<p><a title=\"ISTAF Indoor Berlin 2019 | Livestream (POL)\" href=\"http:\/\/sport.tvp.pl\/transmisje\" target=\"_blank\" rel=\"noopener\">ISTAF Indoor Berlin 2019 | Livestream (POL)<\/a><\/p>\n<h3>Zusammenfassung &#8211; Samstag ab 10:40 Uhr<\/h3>\n<h4>Geoblock Deutschland?:<\/h4>\n<p><a title=\"ISTAF Indoor Berlin 2019 | Livestream (Zusammenfassung)\" href=\"http:\/\/live.daserste.de\/\" target=\"_blank\" rel=\"noopener\">ISTAF Indoor Berlin 2019 | Livestream (Zusammenfassung)<\/a><\/p>\n<h2>Startlisten \/ Zeitplan \/ Ergebnisse \/ Live-Ticker<\/h2>\n<p><a href=\"https:\/\/static.sportresult.com\/federations\/iaaf\/liveResults\/index.html?event=IstafIndoor2019&amp;lng=de#baseFrame#__athSchedule#ScheduleInit#IstafIndoor2019_CURRENTEVENT_JSON\" target=\"_blank\" rel=\"noopener\">ISTAF Indoor Berlin 2019 | Live-Ergebnisse<\/a><br \/>\n<a href=\"https:\/\/twitter.com\/ISTAF_Berlin\" target=\"_blank\" rel=\"noopener\">ISTAF Indoor Berlin 2019 | Live-Ticker ISTAF<\/a><br \/>\n<a href=\"https:\/\/twitter.com\/dlv_live\" target=\"_blank\" rel=\"noopener\">ISTAF Indoor Berlin 2019 | Live-Ticker DLV<\/a><br \/>\n<a href=\"https:\/\/www.istaf-indoor.de\/zeitplan\/\" target=\"_blank\" rel=\"noopener\">ISTAF Indoor Berlin 2019 | Zeitplan<\/a><br \/>\n<a href=\"https:\/\/www.istaf-indoor.de\/startlisten\/\" target=\"_blank\" rel=\"noopener\">ISTAF Indoor Berlin 2019 | Stars<\/a><br \/>\n<a href=\"https:\/\/www.istaf-indoor.de\/wp-content\/uploads\/2019\/01\/Startlisten-ISTAF-INDOOR-2019.pdf\" target=\"_blank\" rel=\"noopener\">ISTAF Indoor Berlin 2019 | Startlisten (PDF)<\/a><\/p>\n<h2>Fotos \/ Videos<\/h2>\n<p><a href=\"https:\/\/www.leichtathletik.de\/tv\/veranstaltungen\/video-uebersicht\/veranstaltung\/4032-istaf-indoor-2019-berlin\/\" target=\"_blank\" rel=\"noopener\">Leichtathletik.de | ISTAF Indoor 2019 Berlin, 01.02.2019<\/a><br \/>\n<a href=\"https:\/\/www.istaf-indoor.de\/videos\/\" target=\"_blank\" rel=\"noopener\">ISTAF Indoor Berlin 2019 | Videos<\/a><br \/>\n<a href=\"https:\/\/www.istaf-indoor.de\/bild-galerie\/\" target=\"_blank\" rel=\"noopener\">ISTAF Indoor Berlin 2019 | Fotos<\/a><\/p>\n<p><a href=\"https:\/\/www.youtube.com\/channel\/UCfo5ng1Z9HjYUGPSpYyvUjA\/videos?view=0&amp;sort=dd&amp;shelf_id=0\" target=\"_blank\" rel=\"noopener\">ISTAF Indoor Berlin | Videos (TOP Sportevents)<\/a><\/p>\n<h4>Komplette \u00dcbertragung 2019<\/h4>\n<p><video preload=\"none\" controls=\"controls\" width=\"560\" height=\"315\"><source src=\"http:\/\/wdrmedien-a.akamaihd.net\/medp\/ondemand\/weltweit\/fsk0\/183\/1830995\/1830995_21480285.mp4\" type=\"video\/mp4\" \/><\/video><\/p>\n<h2>Bericht<\/h2>\n<p><a href=\"https:\/\/www.oelv.at\/de\/newsshow-lukas-weisshaidinger-wirft-6306-meter-beim-istaf-indoor\" target=\"_blank\" rel=\"noopener\">\u00d6LV | Lukas Wei\u00dfhaidinger wirft 63,06 Meter beim ISTAF Indoor<\/a><\/p>\n<p><a href=\"https:\/\/www.leichtathletik.de\/news\/news\/detail\/699-meter-malaika-mihambo-begeistert-mit-super-serie\/\" target=\"_blank\" rel=\"noopener\">Leichtathletik.de | 6,99 Meter \u2013 Malaika Mihambo begeistert mit Super-Serie<\/a><br \/>\n<a href=\"https:\/\/www.leichtathletik.de\/news\/news\/detail\/malaika-mihambo-mich-treibt-an-zu-sehen-wie-weit-ich-springen-kann\/\" target=\"_blank\" rel=\"noopener\">Leichtathletik.de | Malaika Mihambo: &#8222;Mich treibt an zu sehen, wie weit ich springen kann&#8220;<\/a><\/p>\n<p><a href=\"https:\/\/www.iaaf.org\/news\/report\/mihambo-berlin-indoor\" target=\"_blank\" rel=\"noopener\">IAAF | Indoor round-up: Mihambo leaps 6.99m in Berlin <\/a><\/p>\n","protected":false},"excerpt":{"rendered":"<p>ISTAF Indoor Vorschau Vorjahressieger und EM-Bronzemedaillengewinner Lukas Wei\u00dfhaidinger (\u00d6TB O\u00d6 LA) kehrt am Freitag zur\u00fcck an seine Erfolgsst\u00e4tte Berlin. Beim ISTAF Indoor wirft er erneut im einzigartigen Diskusbewerb unter dem Hallendach. Stephanie Bendrat (Union Salzburg Leichtatheltik) sollte \u00fcber 60m H\u00fcrden <a class=\"more-link\" href=\"https:\/\/trackandfield.bplaced.net\/blog\/2019\/01\/istaf-indoor-berlin-2019-tv-livestream-startlisten-zeitplan-ergebnisse-videos-live-ticker-mit-lukas-weisshaidinger-und-stephanie-bendrat\/\"><span class=\"screen-reader-text\">  ISTAF Indoor Berlin 2019 &#8211; TV + Livestream \/ Startlisten \/ Zeitplan \/ Ergebnisse \/ Videos \/ Live-Ticker mit Lukas Wei\u00dfhaidinger und Stephanie Bendrat<\/span> weiterlesen<span class=\"meta-nav\">&rarr;<\/span><\/a><\/p>\n","protected":false},"author":1,"featured_media":0,"comment_status":"closed","ping_status":"closed","sticky":false,"template":"","format":"standard","meta":{"footnotes":""},"categories":[7],"tags":[2062,22,1923,2197,1540,1348,515,376,140,119,2466,2224,1589],"class_list":["post-18541","post","type-post","status-publish","format-standard","hentry","category-international","tag-arthur-abele","tag-berlin","tag-bo-kanda-lita-baehre","tag-christoph-harting","tag-cindy-roleder","tag-gina-lueckenkemper","tag-indoor","tag-istaf","tag-livestream","tag-lukas-weishaidinger","tag-pamela-dutkiewicz","tag-shanice-craft","tag-stephanie-bendrat"],"_links":{"self":[{"href":"https:\/\/trackandfield.bplaced.net\/blog\/wp-json\/wp\/v2\/posts\/18541","targetHints":{"allow":["GET"]}}],"collection":[{"href":"https:\/\/trackandfield.bplaced.net\/blog\/wp-json\/wp\/v2\/posts"}],"about":[{"href":"https:\/\/trackandfield.bplaced.net\/blog\/wp-json\/wp\/v2\/types\/post"}],"author":[{"embeddable":true,"href":"https:\/\/trackandfield.bplaced.net\/blog\/wp-json\/wp\/v2\/users\/1"}],"replies":[{"embeddable":true,"href":"https:\/\/trackandfield.bplaced.net\/blog\/wp-json\/wp\/v2\/comments?post=18541"}],"version-history":[{"count":2,"href":"https:\/\/trackandfield.bplaced.net\/blog\/wp-json\/wp\/v2\/posts\/18541\/revisions"}],"predecessor-version":[{"id":40386,"href":"https:\/\/trackandfield.bplaced.net\/blog\/wp-json\/wp\/v2\/posts\/18541\/revisions\/40386"}],"wp:attachment":[{"href":"https:\/\/trackandfield.bplaced.net\/blog\/wp-json\/wp\/v2\/media?parent=18541"}],"wp:term":[{"taxonomy":"category","embeddable":true,"href":"https:\/\/trackandfield.bplaced.net\/blog\/wp-json\/wp\/v2\/categories?post=18541"},{"taxonomy":"post_tag","embeddable":true,"href":"https:\/\/trackandfield.bplaced.net\/blog\/wp-json\/wp\/v2\/tags?post=18541"}],"curies":[{"name":"wp","href":"https:\/\/api.w.org\/{rel}","templated":true}]}}