{"id":18603,"date":"2019-01-31T19:18:26","date_gmt":"2019-01-31T18:18:26","guid":{"rendered":"http:\/\/trackandfield.bplaced.net\/?p=18603"},"modified":"2019-02-02T23:42:17","modified_gmt":"2019-02-02T22:42:17","slug":"asvoe-vienna-indoor-gala-2019-startlisten-zeitplan-ergebnisse-videos","status":"publish","type":"post","link":"https:\/\/trackandfield.bplaced.net\/blog\/2019\/01\/asvoe-vienna-indoor-gala-2019-startlisten-zeitplan-ergebnisse-videos\/","title":{"rendered":"ASV\u00d6 Vienna Indoor Gala 2019 &#8211; Startlisten \/ Zeitplan \/ Ergebnisse \/ Videos"},"content":{"rendered":"<h1><a href=\"http:\/\/www.viennaindoor.at\/\" title=\"ASV\u00d6 Vienna Indoor Gala\" target=\"_blank\">ASV\u00d6 Vienna Indoor Gala<\/a><\/h1>\n<h2>Vorschau<\/h2>\n<p>Gleichzeitig mit den \u00f6sterreichischen Mehrkampfmeisterschaften es am Samstag in Wien die <a href=\"http:\/\/www.viennaindoorgala.at\/\" rel=\"noopener\" target=\"_blank\">ASV\u00d6 Vienna Indoor Gala<\/a>, die das letzte offene Hallenmeeting im Wiener Ferry-Dusika Stadion der Hallensaison ist. Die beiden EM-Qualifikanten \u00fcber 60m, Markus Fuchs (ULC Riverside M\u00f6dling) und Alexandra Toth (ATG) starten \u00fcber ihre Haupthallenstrecke. \u00dcber 400 Nennungen sind eingegangen.<\/p>\n<h2>Startliste \/ Zeitplan \/ Live-Ergebnisse<\/h2>\n<p><a href=\"https:\/\/laportal.net\/Competitions\/Details\/1258\" title=\"ASV\u00d6 Vienna Indoor Gala 2019 | Live-Ergebnisse \/ Zeitplan \/ Meldeliste\" target=\"_blank\">ASV\u00d6 Vienna Indoor Gala 2019 | Live-Ergebnisse \/ Zeitplan \/ Meldeliste<\/a><br \/>\n<a href=\"https:\/\/viennaindoor.at\/wp-content\/uploads\/2019\/02\/zeitplan2_2019.pdf\" title=\"ASV\u00d6 Vienna Indoor Gala 2019 | Zeitplan\" target=\"_blank\">ASV\u00d6 Vienna Indoor Gala 2019 | Zeitplan (PDF)<\/a><\/p>\n<h2>Fotos<\/h2>\n<p><a href=\"https:\/\/www.flickr.com\/photos\/143236130@N06\/sets\/72157704892212531\" rel=\"noopener\" target=\"_blank\">Austrian Athletics (Flickr) | 2019 ASV\u00d6 Vienna Indoor Gala<\/a><\/p>\n<h2>Videos<\/h2>\n<p><a href=\"https:\/\/www.youtube.com\/playlist?list=PL4sZG_Dy_EydZ0kqdGD2TB5aXeGVmuK9s\" target=\"_blank\">ASV\u00d6 Vienna Indoor Gala 2019 | Videos (Youtube hoslsblog)<\/a><br \/>\n<iframe loading=\"lazy\" width=\"560\" height=\"315\" src=\"https:\/\/www.youtube.com\/embed\/videoseries?list=PL4sZG_Dy_EydZ0kqdGD2TB5aXeGVmuK9s\" frameborder=\"0\" allow=\"accelerometer; autoplay; encrypted-media; gyroscope; picture-in-picture\" allowfullscreen><\/iframe><\/p>\n<h2>Bericht<\/h2>\n<p><a href=\"https:\/\/www.oelv.at\/de\/newsshow-tag-1-mehrkampfmeisterschaften-asvoe-gala-in-wien-nada-pauer-in-luxemburg\" rel=\"noopener\" target=\"_blank\">\u00d6LV | Tag 1 Mehrkampfmeisterschaften, ASV\u00d6 Gala in Wien, Nada Pauer in Luxemburg<\/a><\/p>\n","protected":false},"excerpt":{"rendered":"<p>ASV\u00d6 Vienna Indoor Gala Vorschau Gleichzeitig mit den \u00f6sterreichischen Mehrkampfmeisterschaften es am Samstag in Wien die ASV\u00d6 Vienna Indoor Gala, die das letzte offene Hallenmeeting im Wiener Ferry-Dusika Stadion der Hallensaison ist. Die beiden EM-Qualifikanten \u00fcber 60m, Markus Fuchs (ULC <a class=\"more-link\" href=\"https:\/\/trackandfield.bplaced.net\/blog\/2019\/01\/asvoe-vienna-indoor-gala-2019-startlisten-zeitplan-ergebnisse-videos\/\"><span class=\"screen-reader-text\">  ASV\u00d6 Vienna Indoor Gala 2019 &#8211; Startlisten \/ Zeitplan \/ Ergebnisse \/ Videos<\/span> weiterlesen<span class=\"meta-nav\">&rarr;<\/span><\/a><\/p>\n","protected":false},"author":1,"featured_media":0,"comment_status":"closed","ping_status":"closed","sticky":false,"template":"","format":"standard","meta":{"footnotes":""},"categories":[7,8],"tags":[754,1058,750,1059],"class_list":["post-18603","post","type-post","status-publish","format-standard","hentry","category-international","category-national","tag-alexandra-toth","tag-asvoe","tag-markus-fuchs","tag-vienna-indoor-gala"],"_links":{"self":[{"href":"https:\/\/trackandfield.bplaced.net\/blog\/wp-json\/wp\/v2\/posts\/18603","targetHints":{"allow":["GET"]}}],"collection":[{"href":"https:\/\/trackandfield.bplaced.net\/blog\/wp-json\/wp\/v2\/posts"}],"about":[{"href":"https:\/\/trackandfield.bplaced.net\/blog\/wp-json\/wp\/v2\/types\/post"}],"author":[{"embeddable":true,"href":"https:\/\/trackandfield.bplaced.net\/blog\/wp-json\/wp\/v2\/users\/1"}],"replies":[{"embeddable":true,"href":"https:\/\/trackandfield.bplaced.net\/blog\/wp-json\/wp\/v2\/comments?post=18603"}],"version-history":[{"count":0,"href":"https:\/\/trackandfield.bplaced.net\/blog\/wp-json\/wp\/v2\/posts\/18603\/revisions"}],"wp:attachment":[{"href":"https:\/\/trackandfield.bplaced.net\/blog\/wp-json\/wp\/v2\/media?parent=18603"}],"wp:term":[{"taxonomy":"category","embeddable":true,"href":"https:\/\/trackandfield.bplaced.net\/blog\/wp-json\/wp\/v2\/categories?post=18603"},{"taxonomy":"post_tag","embeddable":true,"href":"https:\/\/trackandfield.bplaced.net\/blog\/wp-json\/wp\/v2\/tags?post=18603"}],"curies":[{"name":"wp","href":"https:\/\/api.w.org\/{rel}","templated":true}]}}