{"id":19665,"date":"2019-06-21T20:19:52","date_gmt":"2019-06-21T18:19:52","guid":{"rendered":"http:\/\/trackandfield.bplaced.net\/?p=19665"},"modified":"2026-01-20T20:35:15","modified_gmt":"2026-01-20T19:35:15","slug":"berlin-fliegt-2019-tv-livestream-teilnehmerliste-ergebnisse","status":"publish","type":"post","link":"https:\/\/trackandfield.bplaced.net\/blog\/2019\/06\/berlin-fliegt-2019-tv-livestream-teilnehmerliste-ergebnisse\/","title":{"rendered":"Berlin fliegt! 2019 &#8211; TV + Livestream \/ Teilnehmerliste \/ Ergebnisse"},"content":{"rendered":"<h1><a href=\"https:\/\/www.leichtathletik.de\/termine\/top-events\/berlin-fliegt-2019\/\" target=\"_blank\" rel=\"noopener noreferrer\">Berlin fliegt! 2019<\/a><\/h1>\n<h2>Vorschau<\/h2>\n<p>Am Samstag gibt es ab 13 Uhr in Berlin die neunte Auflage von Berlin fliegt!. Dieses mal gibt es vier Disziplinen (Sprint M\u00e4nner, Sprint Frauen, Weitsprung Frauen, Stabhochsprung M\u00e4nner) mit Teams aus 4 Nationen (Deutschland, USA, Gro\u00dfbritannien, China). Dieses Jahr findet der Wettkampf direkt bei der Abflughalle am Tempelhofer Feld statt. Der Eintritt ist frei!<\/p>\n<p><a href=\"https:\/\/www.leichtathletik.de\/news\/news\/detail\/deutsches-team-fuer-berlin-fliegt-steht-fest\/\" target=\"_blank\" rel=\"noopener noreferrer\">Leichtathletik.de | Deutsches Team f\u00fcr \u201eBerlin fliegt!\u201c steht fest<\/a><br \/>\n<a href=\"https:\/\/www.leichtathletik.de\/news\/news\/detail\/europameisterin-malaika-mihambo-fuehrt-dlv-team-bei-berlin-fliegt-an\/\" target=\"_blank\" rel=\"noopener noreferrer\">Leichtathletik.de | Europameisterin Malaika Mihambo f\u00fchrt DLV-Team bei \u201eBerlin fliegt!\u201c an<\/a><br \/>\n<a href=\"https:\/\/www.leichtathletik.de\/news\/news\/detail\/torben-blech-ersetzt-bo-kanda-lita-baehre\/\" target=\"_blank\" rel=\"noopener noreferrer\">Leichtathletik.de | Torben Blech ersetzt Bo Kanda Lita Baehre<\/a><br \/>\n<a href=\"https:\/\/www.leichtathletik.de\/news\/news\/detail\/top-duell-zwischen-malaika-mihambo-und-brittney-reese\/\" target=\"_blank\" rel=\"noopener noreferrer\">Leichtathletik.de | Top-Duell zwischen Malaika Mihambo und Brittney Reese<\/a><br \/>\n<a href=\"https:\/\/www.leichtathletik.de\/news\/news\/detail\/malaika-mihambo-es-geht-noch-besser\/\" target=\"_blank\" rel=\"noopener noreferrer\">Leichtathletik.de | Malaika Mihambo: \u201eEs geht noch besser!\u201c<\/a><br \/>\n<a href=\"https:\/\/www.leichtathletik.de\/news\/news\/detail\/berlin-fliegt-2019-die-teams-stehen-der-countdown-laeuft\/\" target=\"_blank\" rel=\"noopener noreferrer\">Leichtathletik.de | Berlin fliegt! 2019: Die Teams stehen, der Countdown l\u00e4uft<\/a><br \/>\n<a href=\"https:\/\/www.leichtathletik.de\/news\/news\/detail\/berlin-fliegt-bereit-zum-abheben\/\" target=\"_blank\" rel=\"noopener noreferrer\">Leichtathletik.de | Berlin fliegt! bereit zum Abheben<\/a><\/p>\n<p>Trailer 2018:<br \/>\n<iframe loading=\"lazy\" src=\"https:\/\/www.youtube.com\/embed\/emFIhqbiOBY\" width=\"560\" height=\"315\" frameborder=\"0\" allowfullscreen=\"allowfullscreen\"><\/iframe><\/p>\n<h2>TV + &#8222;Livestream&#8220; &#8211; 22.06.2019 ab ca. 14:50 Uhr<\/h2>\n<p>ZDF laut derzeitigem Stand eine ca. 70 min\u00fctige Zusammenfassung ab 14:50 Uhr.<\/p>\n<h4>Geoblock?:<\/h4>\n<p><a href=\"https:\/\/www.zdf.de\/live-tv\" target=\"_blank\" rel=\"noopener noreferrer\">Berlin fliegt! 2019 | Livestream (ZDF)<\/a><\/p>\n<h2>Ergebnisse \/ Teilnehmer \/ Modus<\/h2>\n<p><a href=\"https:\/\/www.leichtathletik.de\/termine\/top-events\/berlin-fliegt-2019\/ergebnisse\/\" target=\"_blank\" rel=\"noopener noreferrer\">&#8222;Berlin fliegt!&#8220; 2019 | Ergebnisse<\/a><\/p>\n<p><a href=\"https:\/\/www.leichtathletik.de\/termine\/top-events\/berlin-fliegt-2019\/modus\/\" target=\"_blank\" rel=\"noopener noreferrer\">&#8222;Berlin fliegt!&#8220; 2019 | Modus<\/a><br \/>\n<a href=\"https:\/\/www.leichtathletik.de\/termine\/top-events\/berlin-fliegt-2019\/teilnehmer\/\" target=\"_blank\" rel=\"noopener noreferrer\">&#8222;Berlin fliegt!&#8220; 2019 | Teilnehmer<\/a><\/p>\n<h2>Videos \/ Interviews<\/h2>\n<p><a href=\"https:\/\/www.leichtathletik.de\/tv\/veranstaltungen\/video-uebersicht\/veranstaltung\/4091-berlin-fliegt-2019\/\" target=\"_blank\" rel=\"noopener noreferrer\">Berlin fliegt! 2019 | Leichtathletik.tv<\/a><\/p>\n<p><a href=\"https:\/\/www.youtube.com\/playlist?list=PLV7HCrp49-jy7BdWU4mH_DycCVV2ZgbGa\" target=\"_blank\" rel=\"noopener noreferrer\">Berlin fliegt! | Youtube Playliste<\/a><br \/>\n<iframe loading=\"lazy\" src=\"https:\/\/www.youtube.com\/embed\/hOWv6mYnSTQ?list=PLV7HCrp49-jy7BdWU4mH_DycCVV2ZgbGa\" width=\"560\" height=\"315\" frameborder=\"0\" allowfullscreen=\"allowfullscreen\"><\/iframe><\/p>\n<h2>Bericht<\/h2>\n<p><a href=\"https:\/\/www.leichtathletik.de\/news\/news\/detail\/dlv-team-fliegt-zur-titelverteidigung\/\" target=\"_blank\" rel=\"noopener noreferrer\">Leichtathletik.de | DLV-Team fliegt zur Titelverteidigung<\/a><\/p>\n","protected":false},"excerpt":{"rendered":"<p>Berlin fliegt! 2019 Vorschau Am Samstag gibt es ab 13 Uhr in Berlin die neunte Auflage von Berlin fliegt!. Dieses mal gibt es vier Disziplinen (Sprint M\u00e4nner, Sprint Frauen, Weitsprung Frauen, Stabhochsprung M\u00e4nner) mit Teams aus 4 Nationen (Deutschland, USA, <a class=\"more-link\" href=\"https:\/\/trackandfield.bplaced.net\/blog\/2019\/06\/berlin-fliegt-2019-tv-livestream-teilnehmerliste-ergebnisse\/\"><span class=\"screen-reader-text\">  Berlin fliegt! 2019 &#8211; TV + Livestream \/ Teilnehmerliste \/ Ergebnisse<\/span> weiterlesen<span class=\"meta-nav\">&rarr;<\/span><\/a><\/p>\n","protected":false},"author":1,"featured_media":0,"comment_status":"closed","ping_status":"closed","sticky":false,"template":"","format":"standard","meta":{"footnotes":""},"categories":[7],"tags":[1376,3065,3005,140,1379,3230],"class_list":["post-19665","post","type-post","status-publish","format-standard","hentry","category-international","tag-berlin-fliegt","tag-kevin-kranz","tag-lisa-marie-kwayie","tag-livestream","tag-malaika-mihambo","tag-torben-blech"],"_links":{"self":[{"href":"https:\/\/trackandfield.bplaced.net\/blog\/wp-json\/wp\/v2\/posts\/19665","targetHints":{"allow":["GET"]}}],"collection":[{"href":"https:\/\/trackandfield.bplaced.net\/blog\/wp-json\/wp\/v2\/posts"}],"about":[{"href":"https:\/\/trackandfield.bplaced.net\/blog\/wp-json\/wp\/v2\/types\/post"}],"author":[{"embeddable":true,"href":"https:\/\/trackandfield.bplaced.net\/blog\/wp-json\/wp\/v2\/users\/1"}],"replies":[{"embeddable":true,"href":"https:\/\/trackandfield.bplaced.net\/blog\/wp-json\/wp\/v2\/comments?post=19665"}],"version-history":[{"count":3,"href":"https:\/\/trackandfield.bplaced.net\/blog\/wp-json\/wp\/v2\/posts\/19665\/revisions"}],"predecessor-version":[{"id":40456,"href":"https:\/\/trackandfield.bplaced.net\/blog\/wp-json\/wp\/v2\/posts\/19665\/revisions\/40456"}],"wp:attachment":[{"href":"https:\/\/trackandfield.bplaced.net\/blog\/wp-json\/wp\/v2\/media?parent=19665"}],"wp:term":[{"taxonomy":"category","embeddable":true,"href":"https:\/\/trackandfield.bplaced.net\/blog\/wp-json\/wp\/v2\/categories?post=19665"},{"taxonomy":"post_tag","embeddable":true,"href":"https:\/\/trackandfield.bplaced.net\/blog\/wp-json\/wp\/v2\/tags?post=19665"}],"curies":[{"name":"wp","href":"https:\/\/api.w.org\/{rel}","templated":true}]}}