{"id":2022,"date":"2012-01-03T17:46:29","date_gmt":"2012-01-03T16:46:29","guid":{"rendered":"http:\/\/trackandfield.bplaced.net\/?p=2022"},"modified":"2016-09-30T02:41:57","modified_gmt":"2016-09-30T00:41:57","slug":"carsten-eich-hat-fur-peuerbach-schon-gehorig-eingekauft","status":"publish","type":"post","link":"https:\/\/trackandfield.bplaced.net\/blog\/2012\/01\/carsten-eich-hat-fur-peuerbach-schon-gehorig-eingekauft\/","title":{"rendered":"Carsten Eich hat f\u00fcr Peuerbach schon geh\u00f6rig eingekauft&#8230;"},"content":{"rendered":"<h2>Video<\/h2>\n<p><iframe loading=\"lazy\" width=\"560\" height=\"315\" src=\"https:\/\/www.youtube.com\/embed\/UPwNePTYtzg?list=PLaRqCr7PCPyaMGa7PcU8-jpZlBP1XYZv7\" frameborder=\"0\" allowfullscreen><\/iframe><\/p>\n<p>[UPDATE2]<\/p>\n<p>Die Startlisten der Elitel\u00e4ufe sind nun online.<\/p>\n<p><a title=\"Silvesterlauf Peuerbach 2011 | Startliste Elitelauf - Keine Sorgen Lauf der Asse M\u00e4nner\" href=\"http:\/\/www.silvesterlauf.at\/files\/doc\/Silvesterlauf-2011\/Startliste2011_Asse_Maenner.pdf\" target=\"_blank\">Silvesterlauf Peuerbach 2011 | Startliste Elitelauf &#8211; Keine Sorgen Lauf der Asse M\u00e4nner<\/a><br \/>\n<a title=\"Silvesterlauf Peuerbach 2011 | Startliste Elitelauf - Keine Sorgen Lauf der Asse Frauen\" href=\"http:\/\/www.silvesterlauf.at\/files\/doc\/Silvesterlauf-2011\/Startliste2011_Asse_Frauen.pdf\" target=\"_blank\">Silvesterlauf Peuerbach 2011 | Startliste Elitelauf &#8211; Keine Sorgen Lauf der Asse Frauen<\/a><\/p>\n<p>[\/UDPATE2]<\/p>\n<p>[UPDATE]<br \/>\n10 und 15km Weltrekordler Leonard Patrick Komon wurde auch verpflichtet, auch wenn seine Form im Vorjahr noch besser war, sollte der Streckenrekord ins Wanken geraden. Auch mit dabei ist Josephat Bett der im Fr\u00fchjahr in Eugene 26:48 \u00fcber 10000m hingelegt hat.<\/p>\n<p><a title=\"Silvesterlauf.at | Weltrekordler startet in Peuerbach\" href=\"http:\/\/www.silvesterlauf.at\/de\/menu_main\/newsshow-weltrekordler-startet-in-peuerbach\" target=\"_blank\">Silvesterlauf.at | Weltrekordler startet in Peuerbach<\/a><br \/>\n[\/UPDATE]<\/p>\n<p>Neben den \u00fcblichen Verd\u00e4chtigen (\u00d6sterreichern) wie Mehrfachsieger G\u00fcnther Weidlinger, Andreas Vojta, Christian Pfl\u00fcgl, Martin Pr\u00f6ll und Michael Schmid bzw. Andrea Mayr, Jennifer Wenth, Tanja Eberhart, Katharina Kreundl und Lisa Maria Leutner ist heuer (aufgrund des neuen Athletenmanagers) Deutschland ganz stark vertreten. So geben Jan Fitschen, Steffen Uliczka, Wolfram M\u00fcller und Irina Mikitenko ihr Deb\u00fct beim <a title=\"Silvesterlauf Peuerbach\" href=\"http:\/\/www.silvesterlauf.at\" target=\"_blank\">Silvesterlauf in Peuerbach<\/a> ab. Mit Julia Viellehner kommt noch eine Deutsche die die Strecke in Peuerbach (Siegerin 2007) bereits bestens kennt.<\/p>\n<p>Aus internationaler Sicht sind die Vorjahressieger Najim El Qadi (Marokko) und Asmera Work Bekele Workeba (\u00c4thiopien), der Vorjahreszweite Zelalem-Bacha Regasa (\u00c4thiopien), sowie der zweifache Linz Marathonsieger (08\/09) Elias Kiptum Maindi bereits verpflichtet. Bei den Frauen kommen noch Aniko Kalovics (Ungarn) und Sonja Stolic (Serbien &#8211; Streckenrekordhalterin) hinzu.<\/p>\n<p><a title=\"ichlaufe.org | Klassel\u00e4ufer treffen sich in Peuerbach\" href=\"http:\/\/www.ichlaufe.org\/de\/news\/101115091\/klasselaeufer_treffen_sich_in_peuerbach\" target=\"_blank\">ichlaufe.org | Klassel\u00e4ufer treffen sich in Peuerbach<\/a><\/p>\n","protected":false},"excerpt":{"rendered":"<p>Video [UPDATE2] Die Startlisten der Elitel\u00e4ufe sind nun online. Silvesterlauf Peuerbach 2011 | Startliste Elitelauf &#8211; Keine Sorgen Lauf der Asse M\u00e4nner Silvesterlauf Peuerbach 2011 | Startliste Elitelauf &#8211; Keine Sorgen Lauf der Asse Frauen [\/UDPATE2] [UPDATE] 10 und 15km <a class=\"more-link\" href=\"https:\/\/trackandfield.bplaced.net\/blog\/2012\/01\/carsten-eich-hat-fur-peuerbach-schon-gehorig-eingekauft\/\"><span class=\"screen-reader-text\">  Carsten Eich hat f\u00fcr Peuerbach schon geh\u00f6rig eingekauft&#8230;<\/span> weiterlesen<span class=\"meta-nav\">&rarr;<\/span><\/a><\/p>\n","protected":false},"author":1,"featured_media":0,"comment_status":"closed","ping_status":"closed","sticky":false,"template":"","format":"standard","meta":{"footnotes":""},"categories":[7,8],"tags":[91,141,462,460,465,163,178,15,146,266,129,466,193,348,313,130,77,79,459,464,200,463,192,105,458,461],"class_list":["post-2022","post","type-post","status-publish","format-standard","hentry","category-international","category-national","tag-andrea-mayr","tag-andreas-vojta","tag-aniko-kalovics","tag-asmera-work-bekele-workeba","tag-carsten-eich","tag-christian-pflugl","tag-elias-kiptum-maindi","tag-weidlinger","tag-irina-mikitenko","tag-jan-fitschen","tag-jennifer-wenth","tag-josephat-bett","tag-julia-viellehner","tag-katharina-kreundl","tag-leonard-patrick-komon","tag-lisa-maria-leutner","tag-martin-proll","tag-michael-schmid","tag-najim-el-qadi","tag-peuerbach","tag-silvesterlauf","tag-sonja-stolic","tag-steffen-uliczka","tag-tanja-eberhart","tag-wolfram-muller","tag-zelalem-bacha-regasa"],"_links":{"self":[{"href":"https:\/\/trackandfield.bplaced.net\/blog\/wp-json\/wp\/v2\/posts\/2022","targetHints":{"allow":["GET"]}}],"collection":[{"href":"https:\/\/trackandfield.bplaced.net\/blog\/wp-json\/wp\/v2\/posts"}],"about":[{"href":"https:\/\/trackandfield.bplaced.net\/blog\/wp-json\/wp\/v2\/types\/post"}],"author":[{"embeddable":true,"href":"https:\/\/trackandfield.bplaced.net\/blog\/wp-json\/wp\/v2\/users\/1"}],"replies":[{"embeddable":true,"href":"https:\/\/trackandfield.bplaced.net\/blog\/wp-json\/wp\/v2\/comments?post=2022"}],"version-history":[{"count":0,"href":"https:\/\/trackandfield.bplaced.net\/blog\/wp-json\/wp\/v2\/posts\/2022\/revisions"}],"wp:attachment":[{"href":"https:\/\/trackandfield.bplaced.net\/blog\/wp-json\/wp\/v2\/media?parent=2022"}],"wp:term":[{"taxonomy":"category","embeddable":true,"href":"https:\/\/trackandfield.bplaced.net\/blog\/wp-json\/wp\/v2\/categories?post=2022"},{"taxonomy":"post_tag","embeddable":true,"href":"https:\/\/trackandfield.bplaced.net\/blog\/wp-json\/wp\/v2\/tags?post=2022"}],"curies":[{"name":"wp","href":"https:\/\/api.w.org\/{rel}","templated":true}]}}