{"id":2055,"date":"2011-12-30T19:37:15","date_gmt":"2011-12-30T18:37:15","guid":{"rendered":"http:\/\/trackandfield.bplaced.net\/?p=2055"},"modified":"2011-12-30T19:38:21","modified_gmt":"2011-12-30T18:38:21","slug":"silvesterlauf-bozen-boclassic-livestream","status":"publish","type":"post","link":"https:\/\/trackandfield.bplaced.net\/blog\/2011\/12\/silvesterlauf-bozen-boclassic-livestream\/","title":{"rendered":"Silvesterlauf Bozen (Boclassic) &#8211; Livestream"},"content":{"rendered":"<p>Auch heuer gibt es wieder den Silvesterlauf in Bozen als Livestream zu sehen. Ab 14:55 werden die Elitel\u00e4ufe in Rai Sport 1 \u00fcbertragen.<br \/>\nBei den Frauen nimmt Doppelweltmeisterin Vivian Cheruiyot die 5km Strecke in Angriff. Ihre h\u00e4rtesten Gegnerinnen sind Ibtissam Lakhouad (MAR), Ana Dias (POR), Kristzina Papp (HUN) und Silvia Weissteiner (ITA).  Bei den Herren tritt Imane Merga \u00fcber 10km gegen Halbmarathonweltmeister Wilson Kiprop, Edwin Soi, Arturo Casado und Sergey Lebid an.<\/p>\n<p><a href=\"http:\/\/www.raisport.rai.it\/dl\/raisport\/multimedia\/2011\/diretta.html\" title=\"Bozen Silvesterlauf 2011 Boclassic | Livestream\" target=\"_blank\">Bozen Silvesterlauf 2011 Boclassic | Livestream<\/a><br \/>\n<a href=\"http:\/\/www.boclassic.it\/de\/cms\/124.htm\" title=\"Silvesterlauf Bozen - Boclassic\" target=\"_blank\">Bozen Silvesterlauf 2011 Boclassic | Vorschau<\/a><\/p>\n","protected":false},"excerpt":{"rendered":"<p>Auch heuer gibt es wieder den Silvesterlauf in Bozen als Livestream zu sehen. Ab 14:55 werden die Elitel\u00e4ufe in Rai Sport 1 \u00fcbertragen. Bei den Frauen nimmt Doppelweltmeisterin Vivian Cheruiyot die 5km Strecke in Angriff. Ihre h\u00e4rtesten Gegnerinnen sind Ibtissam <a class=\"more-link\" href=\"https:\/\/trackandfield.bplaced.net\/blog\/2011\/12\/silvesterlauf-bozen-boclassic-livestream\/\"><span class=\"screen-reader-text\">  Silvesterlauf Bozen (Boclassic) &#8211; Livestream<\/span> weiterlesen<span class=\"meta-nav\">&rarr;<\/span><\/a><\/p>\n","protected":false},"author":1,"featured_media":0,"comment_status":"closed","ping_status":"closed","sticky":false,"template":"","format":"standard","meta":{"footnotes":""},"categories":[7],"tags":[471,472,473,312,474,234,200,475,54,470],"class_list":["post-2055","post","type-post","status-publish","format-standard","hentry","category-international","tag-arturo-casado","tag-boclassic","tag-ibtissam-lakhouad","tag-imane-merga","tag-kristzina-papp","tag-sergey-lebid","tag-silvesterlauf","tag-silvia-weissteiner","tag-vivian-cheruiyot","tag-wilson-kiprop"],"_links":{"self":[{"href":"https:\/\/trackandfield.bplaced.net\/blog\/wp-json\/wp\/v2\/posts\/2055","targetHints":{"allow":["GET"]}}],"collection":[{"href":"https:\/\/trackandfield.bplaced.net\/blog\/wp-json\/wp\/v2\/posts"}],"about":[{"href":"https:\/\/trackandfield.bplaced.net\/blog\/wp-json\/wp\/v2\/types\/post"}],"author":[{"embeddable":true,"href":"https:\/\/trackandfield.bplaced.net\/blog\/wp-json\/wp\/v2\/users\/1"}],"replies":[{"embeddable":true,"href":"https:\/\/trackandfield.bplaced.net\/blog\/wp-json\/wp\/v2\/comments?post=2055"}],"version-history":[{"count":0,"href":"https:\/\/trackandfield.bplaced.net\/blog\/wp-json\/wp\/v2\/posts\/2055\/revisions"}],"wp:attachment":[{"href":"https:\/\/trackandfield.bplaced.net\/blog\/wp-json\/wp\/v2\/media?parent=2055"}],"wp:term":[{"taxonomy":"category","embeddable":true,"href":"https:\/\/trackandfield.bplaced.net\/blog\/wp-json\/wp\/v2\/categories?post=2055"},{"taxonomy":"post_tag","embeddable":true,"href":"https:\/\/trackandfield.bplaced.net\/blog\/wp-json\/wp\/v2\/tags?post=2055"}],"curies":[{"name":"wp","href":"https:\/\/api.w.org\/{rel}","templated":true}]}}