{"id":21797,"date":"2019-12-15T10:03:55","date_gmt":"2019-12-15T09:03:55","guid":{"rendered":"http:\/\/trackandfield.bplaced.net\/?p=21797"},"modified":"2019-12-15T23:07:10","modified_gmt":"2019-12-15T22:07:10","slug":"cross-venta-de-banos-2019-livestream-elitefeld","status":"publish","type":"post","link":"https:\/\/trackandfield.bplaced.net\/blog\/2019\/12\/cross-venta-de-banos-2019-livestream-elitefeld\/","title":{"rendered":"Cross Venta de Ba\u00f1os 2019 &#8211; Livestream \/ Elitefeld"},"content":{"rendered":"\n<h1 class=\"wp-block-heading\"><a href=\"https:\/\/ventadebanos.es\/municipio\/deporte\/cross-internacional\/\" target=\"_blank\" rel=\"noreferrer noopener\" aria-label=\"Cross Venta de Ba\u00f1os (\u00f6ffnet in neuem Tab)\">Cross Venta de Ba\u00f1os<\/a><\/h1>\n\n\n\n<h2 class=\"wp-block-heading\">Vorschau<\/h2>\n\n\n\n<p><a href=\"https:\/\/ventadebanos.es\/wp-content\/uploads\/2019\/12\/Venta-de-Ban%CC%83os-revista-2019.pdf\" target=\"_blank\" rel=\"noreferrer noopener\" aria-label=\"Cross Venta de Ba\u00f1os | Media Guide (\u00f6ffnet in neuem Tab)\">Cross Venta de Ba\u00f1os | Media Guide<\/a><\/p>\n\n\n\n<p>2018;<\/p>\n\n\n\n<figure><iframe loading=\"lazy\" src=\"https:\/\/www.youtube.com\/embed\/LqcZdeLmMJQ\" allow=\"accelerometer; autoplay; encrypted-media; gyroscope; picture-in-picture\" allowfullscreen=\"\" width=\"560\" height=\"315\" frameborder=\"0\"><\/iframe><\/figure>\n\n\n\n<h2 class=\"wp-block-heading\">Livestream 15.12.2019 ab 12:30 Uhr<\/h2>\n\n\n\n<p><a href=\"https:\/\/www.youtube.com\/watch?v=VXsCc5oZfc8\" target=\"_blank\" rel=\"noreferrer noopener\" aria-label=\"Cross Venta de Ba\u00f1os 2019 | Livestream (Youtube) (\u00f6ffnet in neuem Tab)\">Cross Venta de Ba\u00f1os 2019 | Livestream (Youtube)<\/a><\/p>\n\n\n\n<figure><iframe loading=\"lazy\" src=\"https:\/\/www.youtube.com\/embed\/VXsCc5oZfc8\" allow=\"accelerometer; autoplay; encrypted-media; gyroscope; picture-in-picture\" allowfullscreen=\"\" width=\"560\" height=\"315\" frameborder=\"0\"><\/iframe><\/figure>\n\n\n\n<h3 class=\"wp-block-heading\">Geoblock Spanien:<\/h3>\n\n\n\n<p><a href=\"http:\/\/www.rtve.es\/deportes\/directo\/teledeporte\/\" target=\"_blank\" rel=\"noreferrer noopener\" aria-label=\"Cross Venta de Ba\u00f1os 2019 | Livestream (TDP) (\u00f6ffnet in neuem Tab)\">Cross Venta de Ba\u00f1os 2019 | Livestream (TDP)<\/a><\/p>\n\n\n\n<h2 class=\"wp-block-heading\">Meldeliste \/ Zeitplan \/ Ergebnisse<\/h2>\n\n\n\n<p><a href=\"https:\/\/ventadebanos.es\/municipio\/deporte\/cross-internacional\/\" target=\"_blank\" rel=\"noreferrer noopener\" aria-label=\"Cross Venta de Ba\u00f1os 2019 | Ergebnisse (\u00f6ffnet in neuem Tab)\">Cross Venta de Ba\u00f1os 2019 | Ergebnisse<\/a><br \/><a rel=\"noreferrer noopener\" aria-label=\"Cross Venta de Ba\u00f1os 2019 | Zeitplan (\u00f6ffnet in neuem Tab)\" href=\"https:\/\/ventadebanos.es\/wp-content\/uploads\/2019\/11\/categorias-recorridohorarios-2019.pdf\" target=\"_blank\">Cross Venta de Ba\u00f1os 2019 | Zeitplan<\/a><br \/><a rel=\"noreferrer noopener\" aria-label=\"Cross Venta de Ba\u00f1os 2019 | Meldeliste (\u00f6ffnet in neuem Tab)\" href=\"https:\/\/ventadebanos.es\/wp-content\/uploads\/2019\/12\/inscripcionesprovisionales.pdf\" target=\"_blank\">Cross Venta de Ba\u00f1os 2019 | Meldeliste<\/a><\/p>\n\n\n\n<h2 class=\"wp-block-heading\">Video<\/h2>\n\n\n\n<h2 class=\"wp-block-heading\">Bericht<\/h2>\n","protected":false},"excerpt":{"rendered":"<p>Cross Venta de Ba\u00f1os Vorschau Cross Venta de Ba\u00f1os | Media Guide 2018; Livestream 15.12.2019 ab 12:30 Uhr Cross Venta de Ba\u00f1os 2019 | Livestream (Youtube) Geoblock Spanien: Cross Venta de Ba\u00f1os 2019 | Livestream (TDP) Meldeliste \/ Zeitplan \/ <a class=\"more-link\" href=\"https:\/\/trackandfield.bplaced.net\/blog\/2019\/12\/cross-venta-de-banos-2019-livestream-elitefeld\/\"><span class=\"screen-reader-text\">  Cross Venta de Ba\u00f1os 2019 &#8211; Livestream \/ Elitefeld<\/span> weiterlesen<span class=\"meta-nav\">&rarr;<\/span><\/a><\/p>\n","protected":false},"author":1,"featured_media":0,"comment_status":"closed","ping_status":"closed","sticky":false,"template":"","format":"standard","meta":{"footnotes":""},"categories":[7],"tags":[199,140],"class_list":["post-21797","post","type-post","status-publish","format-standard","hentry","category-international","tag-cross","tag-livestream"],"_links":{"self":[{"href":"https:\/\/trackandfield.bplaced.net\/blog\/wp-json\/wp\/v2\/posts\/21797","targetHints":{"allow":["GET"]}}],"collection":[{"href":"https:\/\/trackandfield.bplaced.net\/blog\/wp-json\/wp\/v2\/posts"}],"about":[{"href":"https:\/\/trackandfield.bplaced.net\/blog\/wp-json\/wp\/v2\/types\/post"}],"author":[{"embeddable":true,"href":"https:\/\/trackandfield.bplaced.net\/blog\/wp-json\/wp\/v2\/users\/1"}],"replies":[{"embeddable":true,"href":"https:\/\/trackandfield.bplaced.net\/blog\/wp-json\/wp\/v2\/comments?post=21797"}],"version-history":[{"count":0,"href":"https:\/\/trackandfield.bplaced.net\/blog\/wp-json\/wp\/v2\/posts\/21797\/revisions"}],"wp:attachment":[{"href":"https:\/\/trackandfield.bplaced.net\/blog\/wp-json\/wp\/v2\/media?parent=21797"}],"wp:term":[{"taxonomy":"category","embeddable":true,"href":"https:\/\/trackandfield.bplaced.net\/blog\/wp-json\/wp\/v2\/categories?post=21797"},{"taxonomy":"post_tag","embeddable":true,"href":"https:\/\/trackandfield.bplaced.net\/blog\/wp-json\/wp\/v2\/tags?post=21797"}],"curies":[{"name":"wp","href":"https:\/\/api.w.org\/{rel}","templated":true}]}}