{"id":21799,"date":"2019-12-15T09:06:54","date_gmt":"2019-12-15T08:06:54","guid":{"rendered":"http:\/\/trackandfield.bplaced.net\/?p=21799"},"modified":"2019-12-15T10:16:16","modified_gmt":"2019-12-15T09:16:16","slug":"zurich-maraton-malaga-2019-livestream-ergebnisse","status":"publish","type":"post","link":"https:\/\/trackandfield.bplaced.net\/blog\/2019\/12\/zurich-maraton-malaga-2019-livestream-ergebnisse\/","title":{"rendered":"Zurich Marat\u00f3n M\u00e1laga 2019 &#8211; Livestream \/ Ergebnisse"},"content":{"rendered":"\n<h1 class=\"wp-block-heading\"><a href=\"http:\/\/zurichmaratonmalaga.es\/\" target=\"_blank\" rel=\"noreferrer noopener\" aria-label=\"Zurich Marat\u00f3n M\u00e1laga (\u00f6ffnet in neuem Tab)\">Zurich Marat\u00f3n M\u00e1laga<\/a><\/h1>\n\n\n\n<h2 class=\"wp-block-heading\">Vorschau<\/h2>\n\n\n\n<p>Trailer:<\/p>\n\n\n\n<video preload=\"none\" controls=\"controls\" width=\"560\" height=\"315\"><source src=\"http:\/\/zurichmaratonmalaga.es\/new\/wp-content\/uploads\/2019\/07\/ZMM19_RECORRIDO-1.mp4\" type=\"video\/mp4\"\/><\/video>\n\n\n\n<h2 class=\"wp-block-heading\">Livestream 15.12.2019<\/h2>\n\n\n\n<p><a rel=\"noreferrer noopener\" href=\"http:\/\/zurichmaratonmalaga.es\/\" target=\"_blank\">Zurich Marat\u00f3n M\u00e1laga 2019 | Livestream<\/a><br \/><a href=\"https:\/\/mixer.com\/embed\/player\/Airtek?disableLowLatency=1\" target=\"_blank\" rel=\"noreferrer noopener\" aria-label=\"Zurich Marat\u00f3n M\u00e1laga 2019 | Livestream  (\u00f6ffnet in neuem Tab)\">Zurich Marat\u00f3n M\u00e1laga 2019 | Livestream <\/a><\/p>\n\n\n\n<figure><iframe loading=\"lazy\" src=\"https:\/\/www.airtek.es\/embed\/stream.html?id=38\" width=\"100%\" height=\"360px\" frameborder=\"0\" allowfullscreen=\"allowfullscreen\"><\/iframe><\/figure>\n\n\n\n<h2 class=\"wp-block-heading\">Runners Guide \/ Ergebnisse<\/h2>\n\n\n\n<p><a rel=\"noreferrer noopener\" aria-label=\"Zurich Marat\u00f3n M\u00e1laga 2019 | Ergebnisse (\u00f6ffnet in neuem Tab)\" href=\"http:\/\/zurichmaratonmalaga.es\/\" target=\"_blank\">Zurich Marat\u00f3n M\u00e1laga 2019 | Ergebnisse<\/a><br \/><a rel=\"noreferrer noopener\" aria-label=\"Zurich Marat\u00f3n M\u00e1laga 2019 | Ausschreibung (\u00f6ffnet in neuem Tab)\" href=\"http:\/\/zurichmaratonmalaga.es\/new\/wp-content\/uploads\/2019\/12\/RUNNER_GUIDE_ENGLISH.pdf\" target=\"_blank\">Zurich Marat\u00f3n M\u00e1laga 2019 | Runners Guide<\/a><br \/><a rel=\"noreferrer noopener\" aria-label=\" (\u00f6ffnet in neuem Tab)\" href=\"http:\/\/zurichmaratonmalaga.es\/en\/reglamento-maraton\/\" target=\"_blank\">Zurich Marat\u00f3n M\u00e1laga 2019 | Regeln<\/a><\/p>\n\n\n\n<h2 class=\"wp-block-heading\">Video<\/h2>\n\n\n\n<h2 class=\"wp-block-heading\">Bericht<\/h2>\n","protected":false},"excerpt":{"rendered":"<p>Zurich Marat\u00f3n M\u00e1laga Vorschau Trailer: Livestream 15.12.2019 Zurich Marat\u00f3n M\u00e1laga 2019 | LivestreamZurich Marat\u00f3n M\u00e1laga 2019 | Livestream Runners Guide \/ Ergebnisse Zurich Marat\u00f3n M\u00e1laga 2019 | ErgebnisseZurich Marat\u00f3n M\u00e1laga 2019 | Runners GuideZurich Marat\u00f3n M\u00e1laga 2019 | Regeln Video <a class=\"more-link\" href=\"https:\/\/trackandfield.bplaced.net\/blog\/2019\/12\/zurich-maraton-malaga-2019-livestream-ergebnisse\/\"><span class=\"screen-reader-text\">  Zurich Marat\u00f3n M\u00e1laga 2019 &#8211; Livestream \/ Ergebnisse<\/span> weiterlesen<span class=\"meta-nav\">&rarr;<\/span><\/a><\/p>\n","protected":false},"author":1,"featured_media":0,"comment_status":"closed","ping_status":"closed","sticky":false,"template":"","format":"standard","meta":{"footnotes":""},"categories":[7],"tags":[140,3352,16],"class_list":["post-21799","post","type-post","status-publish","format-standard","hentry","category-international","tag-livestream","tag-malaga","tag-marathon"],"_links":{"self":[{"href":"https:\/\/trackandfield.bplaced.net\/blog\/wp-json\/wp\/v2\/posts\/21799","targetHints":{"allow":["GET"]}}],"collection":[{"href":"https:\/\/trackandfield.bplaced.net\/blog\/wp-json\/wp\/v2\/posts"}],"about":[{"href":"https:\/\/trackandfield.bplaced.net\/blog\/wp-json\/wp\/v2\/types\/post"}],"author":[{"embeddable":true,"href":"https:\/\/trackandfield.bplaced.net\/blog\/wp-json\/wp\/v2\/users\/1"}],"replies":[{"embeddable":true,"href":"https:\/\/trackandfield.bplaced.net\/blog\/wp-json\/wp\/v2\/comments?post=21799"}],"version-history":[{"count":0,"href":"https:\/\/trackandfield.bplaced.net\/blog\/wp-json\/wp\/v2\/posts\/21799\/revisions"}],"wp:attachment":[{"href":"https:\/\/trackandfield.bplaced.net\/blog\/wp-json\/wp\/v2\/media?parent=21799"}],"wp:term":[{"taxonomy":"category","embeddable":true,"href":"https:\/\/trackandfield.bplaced.net\/blog\/wp-json\/wp\/v2\/categories?post=21799"},{"taxonomy":"post_tag","embeddable":true,"href":"https:\/\/trackandfield.bplaced.net\/blog\/wp-json\/wp\/v2\/tags?post=21799"}],"curies":[{"name":"wp","href":"https:\/\/api.w.org\/{rel}","templated":true}]}}