{"id":21803,"date":"2019-12-17T20:11:00","date_gmt":"2019-12-17T19:11:00","guid":{"rendered":"http:\/\/trackandfield.bplaced.net\/?p=21803"},"modified":"2019-12-29T17:31:45","modified_gmt":"2019-12-29T16:31:45","slug":"vienna-city-marathon-team-austria-2020-livestream-mediengespraech-auf-orf-sport","status":"publish","type":"post","link":"https:\/\/trackandfield.bplaced.net\/blog\/2019\/12\/vienna-city-marathon-team-austria-2020-livestream-mediengespraech-auf-orf-sport\/","title":{"rendered":"Vienna City Marathon Team Austria 2020 &#8211; Livestream \/ Mediengespr\u00e4ch auf ORF Sport+"},"content":{"rendered":"\n<h2 class=\"wp-block-heading\">Vorschau<\/h2>\n\n\n\n<p>Am Mittwoch gibt es um 10 Uhr ein Jahr nach der Vorstellung des Vienna City Marathon Teams Austria wieder eine Pressekonferenz. Dazwischen gab es zwei Olympialimits (2:11:30). Den \u00f6sterreichischen Rekord (2:10:44) durch Lemawork Ketema (SVS-Leichtathletik) beim <a rel=\"noreferrer noopener\" aria-label=\"VCM (\u00f6ffnet in neuem Tab)\" href=\"http:\/\/trackandfield.bplaced.net\/2019\/04\/vienna-city-marathon-wien-marathon-2019-tv-livestream-ergebnisse-startliste-mit-lemawork-ketema-valentin-pfeil-peter-herzog-christian-steinhammer-und-eva-wutti\/\" target=\"_blank\">VCM<\/a> und das Olympialimit (2:10:57) durch Peter Herzog (Union Salzburg) beim <a rel=\"noreferrer noopener\" aria-label=\"Berlin Marathon (\u00f6ffnet in neuem Tab)\" href=\"http:\/\/trackandfield.bplaced.net\/2019\/09\/46-bmw-berlin-marathon-2019-tv-livestream-startlisten-live-ergebnisse-mit-valentin-pfeil-und-peter-herzog\/\" target=\"_blank\">Berlin Marathon<\/a>.<\/p>\n\n\n\n<blockquote class=\"wp-block-quote is-layout-flow wp-block-quote-is-layout-flow\"><p>\u00d6sterreichische Top-Marathonl\u00e4ufer\/innen sowie das Team des Vienna City Marathons und des \u00d6sterreichischen Leichtathletik-Verbandes nehmen in einem Mediengespr\u00e4ch am 18. Dezember in Wien zu den Zielen f\u00fcr das Marathonjahr 2020 Stellung. Unter anderem mit dabei sind Lemawork Ketema, Peter Herzog, Christian Steinhammer, Stephan Listabarth, Eva Wutti, Gregor H\u00f6gler (\u00d6LV-Sportdirektor), Kathrin Widu (Gesch\u00e4ftsf\u00fchrerin Vienna City Marathon), Gerhard Wehr (Gesch\u00e4ftsf\u00fchrer Vienna City Marathon) und Wolfgang Konrad (Veranstalter Vienna City Marathon). <\/p><cite><a href=\"https:\/\/www.ots.at\/presseaussendung\/OTS_20191217_OTS0087\/orf-sport-mit-dem-fifa-klub-wm-semifinalspiel-cf-monterrey-fc-liverpool\" target=\"_blank\" rel=\"noreferrer noopener\" aria-label=\"https:\/\/www.ots.at\/presseaussendung\/OTS_20191217_OTS0087\/orf-sport-mit-dem-fifa-klub-wm-semifinalspiel-cf-monterrey-fc-liverpool (\u00f6ffnet in neuem Tab)\">https:\/\/www.ots.at\/presseaussendung\/OTS_20191217_OTS0087\/orf-sport-mit-dem-fifa-klub-wm-semifinalspiel-cf-monterrey-fc-liverpool<\/a><\/cite><\/blockquote>\n\n\n\n<h2 class=\"wp-block-heading\">TV + Livestream 18.12.2019 ab 10 Uhr<\/h2>\n\n\n\n<h4 class=\"wp-block-heading\">Geoblock AUT?<\/h4>\n\n\n\n<p><a href=\"https:\/\/tvthek.orf.at\/live\/Mediengespraech-mit-dem-Vienna-City-Marathon-Team-Austria-2020-aus-Wien\/14044405\" target=\"_blank\" rel=\"noreferrer noopener\" aria-label=\"ORF Sport+ Livestream (\u00f6ffnet in neuem Tab)\">ORF Sport+ Livestream<\/a><br \/><a rel=\"noreferrer noopener\" href=\"https:\/\/tvthek.orf.at\/live\" target=\"_blank\">ORF Sport+ Livestream<\/a><\/p>\n\n\n\n<h2 class=\"wp-block-heading\">Video<\/h2>\n\n\n\n<p><a href=\"https:\/\/tvthek.orf.at\/profile\/Mediengespraech-mit-dem-Vienna-City-Marathon-Team-Austria-2020\/13887314\/Mediengespraech-mit-dem-Vienna-City-Marathon-Team-Austria-2020-aus-Wien\/14035516\" target=\"_blank\" rel=\"noreferrer noopener\" aria-label=\"ORF Sport Plus | Mediengespr\u00e4ch mit dem Vienna City Marathon Team Austria 2020 aus Wien (\u00f6ffnet in neuem Tab)\">ORF Sport Plus | Mediengespr\u00e4ch mit dem Vienna City Marathon Team Austria 2020 aus Wien<\/a><\/p>\n\n\n\n<h2 class=\"wp-block-heading\">Bericht<\/h2>\n\n\n\n<p><a href=\"https:\/\/www.oelv.at\/de\/boxnewsshow0-vcm-team-austria-im-hoehenflug-ein-rueckblick\" target=\"_blank\" rel=\"noreferrer noopener\" aria-label=\"\u00d6LV | VCM Team Austria im H\u00f6henflug - Ein R\u00fcckblick (\u00f6ffnet in neuem Tab)\">\u00d6LV | VCM Team Austria im H\u00f6henflug &#8211; Ein R\u00fcckblick<\/a><\/p>\n","protected":false},"excerpt":{"rendered":"<p>Vorschau Am Mittwoch gibt es um 10 Uhr ein Jahr nach der Vorstellung des Vienna City Marathon Teams Austria wieder eine Pressekonferenz. Dazwischen gab es zwei Olympialimits (2:11:30). Den \u00f6sterreichischen Rekord (2:10:44) durch Lemawork Ketema (SVS-Leichtathletik) beim VCM und das <a class=\"more-link\" href=\"https:\/\/trackandfield.bplaced.net\/blog\/2019\/12\/vienna-city-marathon-team-austria-2020-livestream-mediengespraech-auf-orf-sport\/\"><span class=\"screen-reader-text\">  Vienna City Marathon Team Austria 2020 &#8211; Livestream \/ Mediengespr\u00e4ch auf ORF Sport+<\/span> weiterlesen<span class=\"meta-nav\">&rarr;<\/span><\/a><\/p>\n","protected":false},"author":1,"featured_media":0,"comment_status":"closed","ping_status":"closed","sticky":false,"template":"","format":"standard","meta":{"footnotes":""},"categories":[8],"tags":[1948,2589,103,2955,1400,16,2571,660,102,287,3353],"class_list":["post-21803","post","type-post","status-publish","format-standard","hentry","category-national","tag-austrian-athletics","tag-christian-robin","tag-christian-steinhammer","tag-eva-wutti","tag-lemawork-ketema","tag-marathon","tag-peter-herzog","tag-stephan-listabarth","tag-valentin-pfeil","tag-vcm","tag-victoria-schenk"],"_links":{"self":[{"href":"https:\/\/trackandfield.bplaced.net\/blog\/wp-json\/wp\/v2\/posts\/21803","targetHints":{"allow":["GET"]}}],"collection":[{"href":"https:\/\/trackandfield.bplaced.net\/blog\/wp-json\/wp\/v2\/posts"}],"about":[{"href":"https:\/\/trackandfield.bplaced.net\/blog\/wp-json\/wp\/v2\/types\/post"}],"author":[{"embeddable":true,"href":"https:\/\/trackandfield.bplaced.net\/blog\/wp-json\/wp\/v2\/users\/1"}],"replies":[{"embeddable":true,"href":"https:\/\/trackandfield.bplaced.net\/blog\/wp-json\/wp\/v2\/comments?post=21803"}],"version-history":[{"count":0,"href":"https:\/\/trackandfield.bplaced.net\/blog\/wp-json\/wp\/v2\/posts\/21803\/revisions"}],"wp:attachment":[{"href":"https:\/\/trackandfield.bplaced.net\/blog\/wp-json\/wp\/v2\/media?parent=21803"}],"wp:term":[{"taxonomy":"category","embeddable":true,"href":"https:\/\/trackandfield.bplaced.net\/blog\/wp-json\/wp\/v2\/categories?post=21803"},{"taxonomy":"post_tag","embeddable":true,"href":"https:\/\/trackandfield.bplaced.net\/blog\/wp-json\/wp\/v2\/tags?post=21803"}],"curies":[{"name":"wp","href":"https:\/\/api.w.org\/{rel}","templated":true}]}}