{"id":21813,"date":"2019-12-28T18:25:00","date_gmt":"2019-12-28T17:25:00","guid":{"rendered":"http:\/\/trackandfield.bplaced.net\/?p=21813"},"modified":"2019-12-30T14:55:56","modified_gmt":"2019-12-30T13:55:56","slug":"corrida-de-houilles-2019-livestream-live-ergebnisse","status":"publish","type":"post","link":"https:\/\/trackandfield.bplaced.net\/blog\/2019\/12\/corrida-de-houilles-2019-livestream-live-ergebnisse\/","title":{"rendered":"Corrida de Houilles 2019 &#8211; Livestream \/ Live-Ergebnisse"},"content":{"rendered":"\n<h1 class=\"wp-block-heading\"><a rel=\"noreferrer noopener\" href=\"http:\/\/www.corrida-houilles.fr\/\" target=\"_blank\">Corrida de Houilles<\/a><\/h1>\n\n\n\n<h2 class=\"wp-block-heading\">Vorschau<\/h2>\n\n\n\n<p>Im Vorjahr unterbot der Schweizer Julien Wanders in Houilles mit 27:25 den Europarekord \u00fcber 10km und feierte seinen zweiten Sieg bei der 47. Auflage. Dieses Jahr k\u00f6nnte der Sieg wieder zur\u00fcck nach Afrika gehen, auch wenn allen voran Jimmy Gressier etwas dagegen haben wird.<\/p>\n\n\n\n<p><a href=\"https:\/\/www.worldathletics.org\/competitions\/world-athletics-label-road-races\/news\/houilles-10km-2019\" target=\"_blank\" rel=\"noreferrer noopener\" aria-label=\"World Athletics | Course records under threat in Houilles (\u00f6ffnet in neuem Tab)\">World Athletics | Course records under threat in Houilles<\/a><\/p>\n\n\n\n<p>Highlights 2018:<\/p>\n\n\n\n<figure><iframe loading=\"lazy\" src=\"https:\/\/www.youtube.com\/embed\/VvHw_lVtN5k\" allow=\"accelerometer; autoplay; encrypted-media; gyroscope; picture-in-picture\" allowfullscreen=\"\" width=\"560\" height=\"315\" frameborder=\"0\"><\/iframe><\/figure>\n\n\n\n<h2 class=\"wp-block-heading\">Livestream 29.12.2019 ab 14:40 Uhr<\/h2>\n\n\n\n<p>Laut Facebookseite der Veranstaltung soll es einen Facebook-Livestream geben. Der Elitelauf startet um 16:30 Uhr.<\/p>\n\n\n\n<p><a href=\"https:\/\/www.facebook.com\/pg\/corridadehouilles\/videos\/\" target=\"_blank\" rel=\"noreferrer noopener\" aria-label=\" (\u00f6ffnet in neuem Tab)\">Corrida de Houilles 2019 | Livestream<\/a><\/p>\n\n\n\n<figure><iframe loading=\"lazy\" src=\"https:\/\/www.facebook.com\/plugins\/video.php?href=https%3A%2F%2Fwww.facebook.com%2Fcorridadehouilles%2Fvideos%2F2459098324306576%2F&#038;show_text=0&#038;width=560\" width=\"560\" height=\"315\" style=\"border:none;overflow:hidden\" scrolling=\"no\" frameborder=\"0\" allowTransparency=\"true\" allowFullScreen=\"true\"><\/iframe><\/figure>\n\n\n\n<h2 class=\"wp-block-heading\">Live-Ergebnisse \/ Elitefelder \/ Zeitplan<\/h2>\n\n\n\n<p><a href=\"https:\/\/protiming.fr\/Results\/runningR\/5190\/3559\" target=\"_blank\" rel=\"noreferrer noopener\" aria-label=\" (\u00f6ffnet in neuem Tab)\">Corrida de Houilles 2019 | Live-Ergebnisse (Elite)<\/a><br \/><a rel=\"noreferrer noopener\" aria-label=\" (\u00f6ffnet in neuem Tab)\" href=\"https:\/\/protiming.fr\/Results\/runningR\/5190\/666\" target=\"_blank\">Corrida de Houilles 2019 | Live-Ergebnisse<\/a><br \/><a rel=\"noreferrer noopener\" aria-label=\" (\u00f6ffnet in neuem Tab)\" href=\"https:\/\/protiming.fr\/Runnings\/registers\/5190\/distance:9618\" target=\"_blank\">Corrida de Houilles 2019 | Elitefeld M\u00e4nner (Seite 1) &amp; Frauen (Seite 2)<\/a><br \/><a rel=\"noreferrer noopener\" aria-label=\" (\u00f6ffnet in neuem Tab)\" href=\"https:\/\/www.corrida-houilles.fr\/fr\/programme-du-29-decembre-2019\" target=\"_blank\">Corrida de Houilles 2019 | Zeitplan<\/a><\/p>\n\n\n\n<h2 class=\"wp-block-heading\">Fotos \/ Video<\/h2>\n\n\n\n<figure><iframe loading=\"lazy\" src=\"https:\/\/www.facebook.com\/plugins\/video.php?href=https%3A%2F%2Fwww.facebook.com%2Fcorridadehouilles%2Fvideos%2F697120217481434%2F&#038;show_text=0&#038;width=560\" width=\"560\" height=\"315\" style=\"border:none;overflow:hidden\" scrolling=\"no\" frameborder=\"0\" allowTransparency=\"true\" allowFullScreen=\"true\"><\/iframe><\/figure>\n\n\n\n<figure><iframe loading=\"lazy\" src=\"https:\/\/www.facebook.com\/plugins\/video.php?href=https%3A%2F%2Fwww.facebook.com%2Fcorridadehouilles%2Fvideos%2F608212806613921%2F&#038;show_text=0&#038;width=560\" width=\"560\" height=\"315\" style=\"border:none;overflow:hidden\" scrolling=\"no\" frameborder=\"0\" allowTransparency=\"true\" allowFullScreen=\"true\"><\/iframe><\/figure>\n\n\n\n<p><a rel=\"noreferrer noopener\" href=\"https:\/\/www.youtube.com\/channel\/UCsvESBQaCPNGyCCRxu6xgWQ\" target=\"_blank\">Corrida de Houilles | Youtube Kanal<\/a><br \/><a rel=\"noreferrer noopener\" href=\"https:\/\/www.facebook.com\/pg\/corridadehouilles\/videos\/\" target=\"_blank\">Corrida de Houilles | Facebook Videos<\/a><\/p>\n\n\n\n<figure><iframe loading=\"lazy\" src=\"https:\/\/www.youtube.com\/embed\/YbjlAkw0PP0\" allow=\"accelerometer; autoplay; encrypted-media; gyroscope; picture-in-picture\" allowfullscreen=\"\" width=\"560\" height=\"315\" frameborder=\"0\"><\/iframe><\/figure>\n\n\n\n<h2 class=\"wp-block-heading\">Bericht<\/h2>\n\n\n\n<p><a rel=\"noreferrer noopener\" href=\"https:\/\/www.leichtathletik.de\/news\/news\/detail\/72828-wer-startet-wo-die-grosse-vorschau-auf-die-silvesterlaeufe-2019\" target=\"_blank\">Leichtathletik.de | Wer startet wo? Die gro\u00dfe Vorschau auf die Silvesterl\u00e4ufe 2019<\/a><\/p>\n\n\n\n<p><a href=\"https:\/\/www.worldathletics.org\/news\/report\/ebenyo-jeruto-course-records-houilles-10km\" target=\"_blank\" rel=\"noreferrer noopener\" aria-label=\"World Athletics | Course records tumble at Houilles 10k (\u00f6ffnet in neuem Tab)\">World Athletics | Course records tumble at Houilles 10k<\/a><\/p>\n","protected":false},"excerpt":{"rendered":"<p>Corrida de Houilles Vorschau Im Vorjahr unterbot der Schweizer Julien Wanders in Houilles mit 27:25 den Europarekord \u00fcber 10km und feierte seinen zweiten Sieg bei der 47. Auflage. Dieses Jahr k\u00f6nnte der Sieg wieder zur\u00fcck nach Afrika gehen, auch wenn <a class=\"more-link\" href=\"https:\/\/trackandfield.bplaced.net\/blog\/2019\/12\/corrida-de-houilles-2019-livestream-live-ergebnisse\/\"><span class=\"screen-reader-text\">  Corrida de Houilles 2019 &#8211; Livestream \/ Live-Ergebnisse<\/span> weiterlesen<span class=\"meta-nav\">&rarr;<\/span><\/a><\/p>\n","protected":false},"author":1,"featured_media":0,"comment_status":"closed","ping_status":"closed","sticky":false,"template":"","format":"standard","meta":{"footnotes":""},"categories":[7],"tags":[2447,3125,2899,2785,140,200],"class_list":["post-21813","post","type-post","status-publish","format-standard","hentry","category-international","tag-ben-connor","tag-corrida-de-houilles","tag-jimmy-gressier","tag-josh-griffiths","tag-livestream","tag-silvesterlauf"],"_links":{"self":[{"href":"https:\/\/trackandfield.bplaced.net\/blog\/wp-json\/wp\/v2\/posts\/21813","targetHints":{"allow":["GET"]}}],"collection":[{"href":"https:\/\/trackandfield.bplaced.net\/blog\/wp-json\/wp\/v2\/posts"}],"about":[{"href":"https:\/\/trackandfield.bplaced.net\/blog\/wp-json\/wp\/v2\/types\/post"}],"author":[{"embeddable":true,"href":"https:\/\/trackandfield.bplaced.net\/blog\/wp-json\/wp\/v2\/users\/1"}],"replies":[{"embeddable":true,"href":"https:\/\/trackandfield.bplaced.net\/blog\/wp-json\/wp\/v2\/comments?post=21813"}],"version-history":[{"count":1,"href":"https:\/\/trackandfield.bplaced.net\/blog\/wp-json\/wp\/v2\/posts\/21813\/revisions"}],"predecessor-version":[{"id":21869,"href":"https:\/\/trackandfield.bplaced.net\/blog\/wp-json\/wp\/v2\/posts\/21813\/revisions\/21869"}],"wp:attachment":[{"href":"https:\/\/trackandfield.bplaced.net\/blog\/wp-json\/wp\/v2\/media?parent=21813"}],"wp:term":[{"taxonomy":"category","embeddable":true,"href":"https:\/\/trackandfield.bplaced.net\/blog\/wp-json\/wp\/v2\/categories?post=21813"},{"taxonomy":"post_tag","embeddable":true,"href":"https:\/\/trackandfield.bplaced.net\/blog\/wp-json\/wp\/v2\/tags?post=21813"}],"curies":[{"name":"wp","href":"https:\/\/api.w.org\/{rel}","templated":true}]}}