{"id":21815,"date":"2019-12-29T05:36:00","date_gmt":"2019-12-29T04:36:00","guid":{"rendered":"http:\/\/trackandfield.bplaced.net\/?p=21815"},"modified":"2020-01-12T00:14:56","modified_gmt":"2020-01-11T23:14:56","slug":"bitburger-silvesterlauf-trier-2019-live-ergebnisse-zeitplan-elitefelder","status":"publish","type":"post","link":"https:\/\/trackandfield.bplaced.net\/blog\/2019\/12\/bitburger-silvesterlauf-trier-2019-live-ergebnisse-zeitplan-elitefelder\/","title":{"rendered":"Bitburger Silvesterlauf Trier 2019 &#8211; Live-Ergebnisse \/ Zeitplan \/ Elitefelder"},"content":{"rendered":"\n<h1 class=\"wp-block-heading\"><a href=\"https:\/\/www.silvesterlauf.de\/\" target=\"_blank\" rel=\"noreferrer noopener\">Silvesterlauf Trier<\/a><\/h1>\n\n\n\n<h2 class=\"wp-block-heading\">Vorschau<\/h2>\n\n\n\n<p>Am Silvestertag treffen sich wieder einige deutsche Elitel\u00e4ufer in der &#8222;\u00e4ltesten Stadt&#8220; Deutschlands beim Bitburger Silvesterlauf in Trier. Gesa Felicitas Krause trifft im 5km Sparkassen-Elitelauf der Damen auf ihre Landsfrauen Elena Burkard und Katharina Steinruck. Bei den M\u00e4nnern \u00fcber 8km trifft Vorjahressieger Isaac Kimeli auf den <a rel=\"noreferrer noopener\" aria-label=\"5-fach Sieger Moses Kipsiro (UGA) (\u00f6ffnet in neuem Tab)\" href=\"https:\/\/www.volksfreund.de\/sport\/region\/silvesterlauf-warum-rekordsieger-moses-kipsiro-so-eng-mit-trier-verbunden-ist_aid-47318469\" target=\"_blank\">5-fach Sieger Moses Kipsiro (UGA)<\/a>. Die Rundenl\u00e4nge mit 1km ist sehr zuschauerfreundlich.<\/p>\n\n\n\n<p><a href=\"https:\/\/www.laufen.de\/d\/gesa-krause-und-amanal-petros-die-stars-beim-klassiker-in-trier\" target=\"_blank\" rel=\"noreferrer noopener\" aria-label=\"Laufen.de | Gesa Krause und Amanal Petros die Stars beim Klassiker in Trier (\u00f6ffnet in neuem Tab)\">Laufen.de | Gesa Krause und Amanal Petros die Stars beim Klassiker in Trier<\/a><br \/><a rel=\"noreferrer noopener\" aria-label=\"Leichtathletik.de | Wer startet wo? Die gro\u00dfe Vorschau auf die Silvesterl\u00e4ufe 2019 (\u00f6ffnet in neuem Tab)\" href=\"https:\/\/www.leichtathletik.de\/news\/news\/detail\/72828-wer-startet-wo-die-grosse-vorschau-auf-die-silvesterlaeufe-2019\" target=\"_blank\">Leichtathletik.de | Wer startet wo? Die gro\u00dfe Vorschau auf die Silvesterl\u00e4ufe 2019<\/a><\/p>\n\n\n\n<p><a href=\"https:\/\/www.volksfreund.de\/sport\/laufen\/laeufe-der-region\/30-jahre-silvesterlauf-in-trier-viele-spenden_aid-47962757\" target=\"_blank\" rel=\"noreferrer noopener\" aria-label=\"Volksfreund.de | Diese Promis laufen beim Trierer Silvesterlauf f\u00fcr einen guten Zweck (\u00f6ffnet in neuem Tab)\">Volksfreund.de | Diese Promis laufen beim Trierer Silvesterlauf f\u00fcr einen guten Zweck<\/a><br \/><a rel=\"noreferrer noopener\" aria-label=\"Volksfreund.de | Deutsche Marathon-Olympia-Starter beim Silvesterlauf (\u00f6ffnet in neuem Tab)\" href=\"https:\/\/www.volksfreund.de\/sport\/laufen\/laeufe-der-region\/marathon-olympia-starter-steinruck-und-petros-bei-trierer-silvesterlauf_aid-47898785\" target=\"_blank\">Volksfreund.de | Deutsche Marathon-Olympia-Starter beim Silvesterlauf<\/a><br \/><a rel=\"noreferrer noopener\" aria-label=\"Laufreport.de | Das deutsche S\u00e3o Paulo (\u00f6ffnet in neuem Tab)\" href=\"http:\/\/www.laufreport.de\/anzeigen\/media_anschlag\/1231trier\/trier.htm\" target=\"_blank\">Laufreport.de | Das deutsche S\u00e3o Paulo<\/a><\/p>\n\n\n\n<p>Trailer:<\/p>\n\n\n\n<figure><iframe loading=\"lazy\" src=\"https:\/\/www.youtube.com\/embed\/vgtwaQubGfY\" allowfullscreen=\"allowfullscreen\" width=\"560\" height=\"315\"><\/iframe><\/figure>\n\n\n\n<h2 class=\"wp-block-heading\">Live-Ergebnisse \/ Zeitplan \/ Elitefeld<\/h2>\n\n\n\n<p><a rel=\"noreferrer noopener\" aria-label=\" (\u00f6ffnet in neuem Tab)\" href=\"https:\/\/www.chiplauf.de\/de\/events\/30-bitburger-0-0-silvesterlauf-2019\/results\" target=\"_blank\">Bitburger Silvesterlauf Trier 2019 | Live-Ergebnisse<\/a><br \/><a rel=\"noreferrer noopener\" href=\"https:\/\/www.silvesterlauf.de\/index.php\/silvesterlauf\/zeitplanwettbewerbe\/\" target=\"_blank\">Bitburger Silvesterlauf Trier 2019 | Zeitplan<\/a><br \/><a href=\"https:\/\/www.chiplauf.de\/de\/events\/30-bitburger-0-0-silvesterlauf-2019\/registration_list?d=3362\" target=\"_blank\" rel=\"noreferrer noopener\" aria-label=\" (\u00f6ffnet in neuem Tab)\">Bitburger Silvesterlauf Trier 2019 | Elitefeld M\u00e4nner<\/a><br \/><a rel=\"noreferrer noopener\" aria-label=\" (\u00f6ffnet in neuem Tab)\" href=\"https:\/\/www.chiplauf.de\/de\/events\/30-bitburger-0-0-silvesterlauf-2019\/registration_list?d=3361\" target=\"_blank\">Bitburger Silvesterlauf Trier 2019 | Elitefeld Frauen<\/a><br \/><a rel=\"noreferrer noopener\" aria-label=\" (\u00f6ffnet in neuem Tab)\" href=\"https:\/\/www.chiplauf.de\/de\/events\/30-bitburger-0-0-silvesterlauf-2019\/registration_list\" target=\"_blank\">Bitburger Silvesterlauf Trier 2019 | Teilnehmerlisten<\/a><\/p>\n\n\n\n<h2 class=\"wp-block-heading\">Fotos<\/h2>\n\n\n\n<p><a href=\"https:\/\/www.volksfreund.de\/fotos\/regionale-fotostrecken\/30-trierer-silvesterlauf_bid-48081297\" target=\"_blank\" rel=\"noreferrer noopener\" aria-label=\" (\u00f6ffnet in neuem Tab)\">Volksfreund | Silvesterlauf 2019 in Trier<\/a><\/p>\n\n\n\n<h2 class=\"wp-block-heading\">Video<\/h2>\n\n\n\n<figure><iframe loading=\"lazy\" src=\"https:\/\/www.youtube.com\/embed\/JO6F1XCavNw\" allow=\"accelerometer; autoplay; encrypted-media; gyroscope; picture-in-picture\" allowfullscreen=\"\" width=\"560\" height=\"315\" frameborder=\"0\"><\/iframe><\/figure>\n\n\n\n<figure><iframe loading=\"lazy\" src=\"https:\/\/www.youtube.com\/embed\/CDCBr-7kCNY\" allow=\"accelerometer; autoplay; encrypted-media; gyroscope; picture-in-picture\" allowfullscreen=\"\" width=\"560\" height=\"315\" frameborder=\"0\"><\/iframe><\/figure>\n\n\n\n<h2 class=\"wp-block-heading\">Bericht<\/h2>\n\n\n\n<p><a href=\"https:\/\/www.leichtathletik.de\/news\/news\/detail\/72829-silvesterlaeufe-2019-national-katharina-steinruck-und-hanna-klein-ueberraschen\" target=\"_blank\" rel=\"noreferrer noopener\" aria-label=\"Leichtathletik.de | Silvesterl\u00e4ufe 2019 national: Katharina Steinruck und Hanna Klein \u00fcberraschen (\u00f6ffnet in neuem Tab)\">Leichtathletik.de | Silvesterl\u00e4ufe 2019 national: Katharina Steinruck und Hanna Klein \u00fcberraschen<\/a><\/p>\n\n\n\n<p><a rel=\"noreferrer noopener\" aria-label=\"Laufen.de | Katharina Steinruck triumphiert vor der Porta Nigra (\u00f6ffnet in neuem Tab)\" href=\"https:\/\/www.laufen.de\/d\/katharina-steinruck-triumphiert-vor-der-porta-nigra\" target=\"_blank\">Laufen.de | Katharina Steinruck triumphiert vor der Porta Nigra<\/a><\/p>\n","protected":false},"excerpt":{"rendered":"<p>Silvesterlauf Trier Vorschau Am Silvestertag treffen sich wieder einige deutsche Elitel\u00e4ufer in der &#8222;\u00e4ltesten Stadt&#8220; Deutschlands beim Bitburger Silvesterlauf in Trier. Gesa Felicitas Krause trifft im 5km Sparkassen-Elitelauf der Damen auf ihre Landsfrauen Elena Burkard und Katharina Steinruck. Bei den <a class=\"more-link\" href=\"https:\/\/trackandfield.bplaced.net\/blog\/2019\/12\/bitburger-silvesterlauf-trier-2019-live-ergebnisse-zeitplan-elitefelder\/\"><span class=\"screen-reader-text\">  Bitburger Silvesterlauf Trier 2019 &#8211; Live-Ergebnisse \/ Zeitplan \/ Elitefelder<\/span> weiterlesen<span class=\"meta-nav\">&rarr;<\/span><\/a><\/p>\n","protected":false},"author":1,"featured_media":0,"comment_status":"closed","ping_status":"closed","sticky":false,"template":"","format":"standard","meta":{"footnotes":""},"categories":[7],"tags":[2395,2891,1143,3355,3354,599,200,1524,2284,2430],"class_list":["post-21815","post","type-post","status-publish","format-standard","hentry","category-international","tag-amanal-petros","tag-elena-burkard","tag-gesa-felicitas-krause","tag-isaac-kimeli","tag-katharina-steinruck","tag-moses-kipsiro","tag-silvesterlauf","tag-simon-stuetzel","tag-tobias-blum","tag-trier"],"_links":{"self":[{"href":"https:\/\/trackandfield.bplaced.net\/blog\/wp-json\/wp\/v2\/posts\/21815","targetHints":{"allow":["GET"]}}],"collection":[{"href":"https:\/\/trackandfield.bplaced.net\/blog\/wp-json\/wp\/v2\/posts"}],"about":[{"href":"https:\/\/trackandfield.bplaced.net\/blog\/wp-json\/wp\/v2\/types\/post"}],"author":[{"embeddable":true,"href":"https:\/\/trackandfield.bplaced.net\/blog\/wp-json\/wp\/v2\/users\/1"}],"replies":[{"embeddable":true,"href":"https:\/\/trackandfield.bplaced.net\/blog\/wp-json\/wp\/v2\/comments?post=21815"}],"version-history":[{"count":5,"href":"https:\/\/trackandfield.bplaced.net\/blog\/wp-json\/wp\/v2\/posts\/21815\/revisions"}],"predecessor-version":[{"id":21938,"href":"https:\/\/trackandfield.bplaced.net\/blog\/wp-json\/wp\/v2\/posts\/21815\/revisions\/21938"}],"wp:attachment":[{"href":"https:\/\/trackandfield.bplaced.net\/blog\/wp-json\/wp\/v2\/media?parent=21815"}],"wp:term":[{"taxonomy":"category","embeddable":true,"href":"https:\/\/trackandfield.bplaced.net\/blog\/wp-json\/wp\/v2\/categories?post=21815"},{"taxonomy":"post_tag","embeddable":true,"href":"https:\/\/trackandfield.bplaced.net\/blog\/wp-json\/wp\/v2\/tags?post=21815"}],"curies":[{"name":"wp","href":"https:\/\/api.w.org\/{rel}","templated":true}]}}