{"id":22163,"date":"2020-02-16T10:35:00","date_gmt":"2020-02-16T09:35:00","guid":{"rendered":"http:\/\/trackandfield.bplaced.net\/?p=22163"},"modified":"2026-01-20T20:23:34","modified_gmt":"2026-01-20T19:23:34","slug":"edreams-mijta-marato-de-barcelona-2020-live-ergebnisse-video","status":"publish","type":"post","link":"https:\/\/trackandfield.bplaced.net\/blog\/2020\/02\/edreams-mijta-marato-de-barcelona-2020-live-ergebnisse-video\/","title":{"rendered":"eDreams Mitja Marat\u00f3 de Barcelona 2020 &#8211; Live-Ergebnisse \/ Video"},"content":{"rendered":"\n<h2 class=\"wp-block-heading\"><a rel=\"noreferrer noopener\" aria-label=\"eDreams Mijta Marat\u00f3 de Barcelona (\u00f6ffnet in neuem Tab)\" href=\"https:\/\/edreamsmitjabarcelona.com\/\" target=\"_blank\">eDreams Mitja Marat\u00f3 de Barcelona<\/a><\/h2>\n\n\n\n<h2 class=\"wp-block-heading\">Vorschau<\/h2>\n\n\n\n<p>Christian Steinhammer (ULC Riverside M\u00f6dling), Timon Theuer (DSG Wien) und Cornelia St\u00f6ckl-Moser (SC Leogang) stehen wie Alina Reh, Melat Kejeta, Philipp Pflieger, Tobias Blum und Samuel Fitwi stehen laut Leichtathletik.de auf der Meldeliste zum Mitja Marat\u00f3 de Barcelona 2020. In den Elitefelder PDFs sind noch viele mehr zu finden.<\/p>\n\n\n\n<p><a href=\"https:\/\/www.leichtathletik.de\/news\/news\/detail\/73046-flash-news-des-tages\" target=\"_blank\" rel=\"noreferrer noopener\" aria-label=\"Leichtathletik.de | Flash-News des Tages (13.02.2020) (\u00f6ffnet in neuem Tab)\">Leichtathletik.de | Flash-News des Tages (13.02.2020)<\/a><\/p>\n\n\n\n<p><a rel=\"noreferrer noopener\" aria-label=\"World Athletics | Spotlight on Dereje and Kissa at Barcelona Half Marathon (\u00f6ffnet in neuem Tab)\" href=\"https:\/\/www.worldathletics.org\/news\/preview\/dereje-kissa-favourites-barcelona-half-marath\" target=\"_blank\">World Athletics | Spotlight on Dereje and Kissa at Barcelona Half Marathon<\/a><\/p>\n\n\n\n<h2 class=\"wp-block-heading\">Livestream 16.02.2020<\/h2>\n\n\n\n<iframe loading=\"lazy\" src=\"https:\/\/www.youtube.com\/embed\/HlzxSFdxirY\" allow=\"accelerometer; autoplay; encrypted-media; gyroscope; picture-in-picture\" allowfullscreen=\"\" width=\"560\" height=\"315\" frameborder=\"0\"><\/iframe>\n\n\n\n<h2 class=\"wp-block-heading\">TV-Zusammenfassung<\/h2>\n\n\n\n<p>Am Abend gibt es auf TDP eine 20-min\u00fctige Zusammenfassung des Halbmarathons um 20:45 Uhr.<\/p>\n\n\n\n<h3 class=\"wp-block-heading\">Geoblock<\/h3>\n\n\n\n<p><a rel=\"noreferrer noopener\" href=\"http:\/\/www.rtve.es\/directo\/teledeporte\/\" target=\"_blank\">eDreams Mitja Marat\u00f3 de Barcelona 2020 | Stream (TDP)<\/a><\/p>\n\n\n\n<h2 class=\"wp-block-heading\">Ergebnisse \/ Elitefeld<\/h2>\n\n\n\n<p><a rel=\"noreferrer noopener\" aria-label=\" (\u00f6ffnet in neuem Tab)\" href=\"http:\/\/live.sporthive.com\/event\/6413\/Live\" target=\"_blank\">eDreams Mitja Marat\u00f3 de Barcelona 2020 | Live-Tracking<\/a><br \/><a href=\"https:\/\/xipgroc.cat\/ca\/curses\/MitjaBCN2020\/mitja\/resultats\" target=\"_blank\" rel=\"noreferrer noopener\" aria-label=\" (\u00f6ffnet in neuem Tab)\">eDreams Mitja Marat\u00f3 de Barcelona 2020 | Ergebnisse<\/a><br \/><a rel=\"noreferrer noopener\" aria-label=\" (\u00f6ffnet in neuem Tab)\" href=\"https:\/\/resultados.edreamsmitjabarcelona.com\/2020\/en\/results\/?bib_id=&amp;given_name=&amp;family_name=&amp;club=&amp;nationality=&amp;category=&amp;gender=&amp;order=&amp;page=1\" target=\"_blank\">eDreams Mitja Marat\u00f3 de Barcelona 2020 | Ergebnisse<\/a><br \/><a rel=\"noreferrer noopener\" aria-label=\" (\u00f6ffnet in neuem Tab)\" href=\"http:\/\/edreamsmitjabarcelona.com\/resultados\/2020\/\" target=\"_blank\">eDreams Mitja Marat\u00f3 de Barcelona 2020 | Ergebnisse<\/a><\/p>\n\n\n\n<p><a rel=\"noreferrer noopener\" aria-label=\"eDreams Mijta Marat\u00f3 de Barcelona 2020 | Elite M\u00e4nner (\u00f6ffnet in neuem Tab)\" href=\"https:\/\/edreamsmitjabarcelona.com\/pdf\/HOMBRES_ENG.pdf\" target=\"_blank\">eDreams Mitja Marat\u00f3 de Barcelona 2020 | Elite M\u00e4nner<\/a><br \/><a rel=\"noreferrer noopener\" aria-label=\"eDreams Mijta Marat\u00f3 de Barcelona 2020 | Elite Frauen (\u00f6ffnet in neuem Tab)\" href=\"https:\/\/edreamsmitjabarcelona.com\/pdf\/MUJERES_ENG.pdf\" target=\"_blank\">eDreams Mitja Marat\u00f3 de Barcelona 2020 | Elite Frauen<\/a><\/p>\n\n\n\n<h2 class=\"wp-block-heading\">Bericht<\/h2>\n\n\n\n<p>Timon Theuer (DSG Wien) pulverisierte seine Bestzeit auf inoffizielle 1:02:34 und schob sich damit in der ewigen \u00d6LV Rangliste auf Platz 2. Christian Steinhammer (ULC Riverside M\u00f6dling) verbesserte sich auf 1:03:37 und damit auf Platz 5 der ewigen \u00d6LV Rangliste.<\/p>\n\n\n\n<p>Amanal Petros lief 1:02:18, Simon Boch 1:02:31, Samuel Fitwi 1:02:34, Philipp Pflieger 1:02:50, Tobias Blum 1:03:19, Konstantin Wedel 1:03:28, Simon St\u00fctzel 1:03:29, Tom Gr\u00f6schl 1:04:09, Steven Orlowski 1:04:53, Moritz Beinlich 1:05:33, Jens Nerkamp 1:05:59.<br \/>Alina Reh ben\u00f6tigte 1:10:08, Deborah Sch\u00f6neborn 1:11:37, Rabea Sch\u00f6neborn &amp; Miriam Dattke 1:11:40, Laura Hottenrott 1:11:56, Domenika Mayer 1:13:10, Thea Heim 1:13:26.<\/p>\n\n\n\n<p><a href=\"https:\/\/www.oelv.at\/de\/newsshow-em-limits-und-topzeiten-fuer-theuer-und-steinhammer\" target=\"_blank\" rel=\"noreferrer noopener\" aria-label=\"\u00d6LV | EM-Limits und Topzeiten f\u00fcr Theuer und Steinhammer! (\u00f6ffnet in neuem Tab)\">\u00d6LV | EM-Limits und Topzeiten f\u00fcr Theuer und Steinhammer!<\/a><\/p>\n\n\n\n<p><a href=\"https:\/\/www.swiss-athletics.ch\/de\/blog\/2020\/02\/16\/eric-ruettimann-erfuellt-in-barcelona-die-em-limite\/\" target=\"_blank\" rel=\"noreferrer noopener\" aria-label=\"Swiss Athletics | Eric R\u00fcttimann erf\u00fcllt in Barcelona die EM-Limite (\u00f6ffnet in neuem Tab)\">Swiss Athletics | Eric R\u00fcttimann erf\u00fcllt in Barcelona die EM-Limite<\/a><\/p>\n\n\n\n<p><a rel=\"noreferrer noopener\" aria-label=\"Leichtathletik.de | Amanal Petros f\u00fchrt DLV-Phalanx in Barcelona mit Bestzeit an (\u00f6ffnet in neuem Tab)\" href=\"https:\/\/www.leichtathletik.de\/news\/news\/detail\/73065-amanal-petros-fuehrt-dlv-phalanx-in-barcelona-mit-bestzeit-an\" target=\"_blank\">Leichtathletik.de | Amanal Petros f\u00fchrt DLV-Phalanx in Barcelona mit Bestzeit an<\/a><\/p>\n\n\n\n<p><a rel=\"noreferrer noopener\" href=\"https:\/\/worldathletics.org\/news\/report\/barcelona-guadalajara-half-marathons-2020\" target=\"_blank\">World Athletics | Weekend road round-up: Chumo and Bekere take Barcelona half marathon wins<\/a><\/p>\n","protected":false},"excerpt":{"rendered":"<p>eDreams Mitja Marat\u00f3 de Barcelona Vorschau Christian Steinhammer (ULC Riverside M\u00f6dling), Timon Theuer (DSG Wien) und Cornelia St\u00f6ckl-Moser (SC Leogang) stehen wie Alina Reh, Melat Kejeta, Philipp Pflieger, Tobias Blum und Samuel Fitwi stehen laut Leichtathletik.de auf der Meldeliste zum <a class=\"more-link\" href=\"https:\/\/trackandfield.bplaced.net\/blog\/2020\/02\/edreams-mijta-marato-de-barcelona-2020-live-ergebnisse-video\/\"><span class=\"screen-reader-text\">  eDreams Mitja Marat\u00f3 de Barcelona 2020 &#8211; Live-Ergebnisse \/ Video<\/span> weiterlesen<span class=\"meta-nav\">&rarr;<\/span><\/a><\/p>\n","protected":false},"author":1,"featured_media":0,"comment_status":"closed","ping_status":"closed","sticky":false,"template":"","format":"standard","meta":{"footnotes":""},"categories":[7,8],"tags":[1226,226,103,2570,3312,1592,1253,3105,2284],"class_list":["post-22163","post","type-post","status-publish","format-standard","hentry","category-international","category-national","tag-alina-reh","tag-barcelona","tag-christian-steinhammer","tag-cornelia-moser","tag-melat-kejeta","tag-mitja-marato-de-barcelona","tag-philipp-pflieger","tag-samuel-fitwi","tag-tobias-blum"],"_links":{"self":[{"href":"https:\/\/trackandfield.bplaced.net\/blog\/wp-json\/wp\/v2\/posts\/22163","targetHints":{"allow":["GET"]}}],"collection":[{"href":"https:\/\/trackandfield.bplaced.net\/blog\/wp-json\/wp\/v2\/posts"}],"about":[{"href":"https:\/\/trackandfield.bplaced.net\/blog\/wp-json\/wp\/v2\/types\/post"}],"author":[{"embeddable":true,"href":"https:\/\/trackandfield.bplaced.net\/blog\/wp-json\/wp\/v2\/users\/1"}],"replies":[{"embeddable":true,"href":"https:\/\/trackandfield.bplaced.net\/blog\/wp-json\/wp\/v2\/comments?post=22163"}],"version-history":[{"count":5,"href":"https:\/\/trackandfield.bplaced.net\/blog\/wp-json\/wp\/v2\/posts\/22163\/revisions"}],"predecessor-version":[{"id":40417,"href":"https:\/\/trackandfield.bplaced.net\/blog\/wp-json\/wp\/v2\/posts\/22163\/revisions\/40417"}],"wp:attachment":[{"href":"https:\/\/trackandfield.bplaced.net\/blog\/wp-json\/wp\/v2\/media?parent=22163"}],"wp:term":[{"taxonomy":"category","embeddable":true,"href":"https:\/\/trackandfield.bplaced.net\/blog\/wp-json\/wp\/v2\/categories?post=22163"},{"taxonomy":"post_tag","embeddable":true,"href":"https:\/\/trackandfield.bplaced.net\/blog\/wp-json\/wp\/v2\/tags?post=22163"}],"curies":[{"name":"wp","href":"https:\/\/api.w.org\/{rel}","templated":true}]}}