{"id":22227,"date":"2020-02-16T13:20:58","date_gmt":"2020-02-16T12:20:58","guid":{"rendered":"http:\/\/trackandfield.bplaced.net\/?p=22227"},"modified":"2020-02-16T17:30:17","modified_gmt":"2020-02-16T16:30:17","slug":"istanbul-indoor-cup-2020-livestream","status":"publish","type":"post","link":"https:\/\/trackandfield.bplaced.net\/blog\/2020\/02\/istanbul-indoor-cup-2020-livestream\/","title":{"rendered":"Istanbul Indoor Cup 2020 &#8211; Livestream"},"content":{"rendered":"\n<h2 class=\"wp-block-heading\">Vorschau<\/h2>\n\n\n\n<p>Am Sonntag n\u00fctzen die Sprinter vom Team \u00d6sterreich den Istanbul Aufenthalt f\u00fcr einen zweiten Start. Markus Fuchs (ULC Riverside M\u00f6dling), Karin Strametz (SU K\u00e4rcher Leibnitz), Beate Schrott (Union St. P\u00f6lten), Alexandra Toth (ATG) sollen laut Vorschau beim Istanbul Indoor Cup am Start sein.<\/p>\n\n\n\n<p><a href=\"https:\/\/www.oelv.at\/de\/newsshow-vorschau-erstmals-oelv-athleten-bei-balkan-meisterschaften\" target=\"_blank\" rel=\"noreferrer noopener\" aria-label=\"\u00d6LV | Vorschau: Erstmals \u00d6LV-Athleten bei Balkan Meisterschaften (\u00f6ffnet in neuem Tab)\">\u00d6LV | Vorschau: Erstmals \u00d6LV-Athleten bei Balkan Meisterschaften<\/a><\/p>\n\n\n\n<h2 class=\"wp-block-heading\">Livestream &#8211; 16.02.2020<\/h2>\n\n\n\n<p><a href=\"https:\/\/www.youtube.com\/watch?v=D98mlQLYqO8\" target=\"_blank\" rel=\"noreferrer noopener\" aria-label=\" (\u00f6ffnet in neuem Tab)\">Istanbul Indoor Cup 2020 | Livestream<\/a><\/p>\n\n\n\n<iframe loading=\"lazy\" src=\"https:\/\/www.youtube.com\/embed\/D98mlQLYqO8\" allow=\"accelerometer; autoplay; encrypted-media; gyroscope; picture-in-picture\" allowfullscreen=\"\" width=\"560\" height=\"315\" frameborder=\"0\"><\/iframe>\n\n\n\n<h2 class=\"wp-block-heading\">Bericht<\/h2>\n","protected":false},"excerpt":{"rendered":"<p>Vorschau Am Sonntag n\u00fctzen die Sprinter vom Team \u00d6sterreich den Istanbul Aufenthalt f\u00fcr einen zweiten Start. Markus Fuchs (ULC Riverside M\u00f6dling), Karin Strametz (SU K\u00e4rcher Leibnitz), Beate Schrott (Union St. P\u00f6lten), Alexandra Toth (ATG) sollen laut Vorschau beim Istanbul Indoor <a class=\"more-link\" href=\"https:\/\/trackandfield.bplaced.net\/blog\/2020\/02\/istanbul-indoor-cup-2020-livestream\/\"><span class=\"screen-reader-text\">  Istanbul Indoor Cup 2020 &#8211; Livestream<\/span> weiterlesen<span class=\"meta-nav\">&rarr;<\/span><\/a><\/p>\n","protected":false},"author":1,"featured_media":0,"comment_status":"closed","ping_status":"closed","sticky":false,"template":"","format":"standard","meta":{"footnotes":""},"categories":[7,8],"tags":[754,106,1451,786,140,750],"class_list":["post-22227","post","type-post","status-publish","format-standard","hentry","category-international","category-national","tag-alexandra-toth","tag-beate-schrott","tag-istanbul","tag-karin-strametz","tag-livestream","tag-markus-fuchs"],"_links":{"self":[{"href":"https:\/\/trackandfield.bplaced.net\/blog\/wp-json\/wp\/v2\/posts\/22227","targetHints":{"allow":["GET"]}}],"collection":[{"href":"https:\/\/trackandfield.bplaced.net\/blog\/wp-json\/wp\/v2\/posts"}],"about":[{"href":"https:\/\/trackandfield.bplaced.net\/blog\/wp-json\/wp\/v2\/types\/post"}],"author":[{"embeddable":true,"href":"https:\/\/trackandfield.bplaced.net\/blog\/wp-json\/wp\/v2\/users\/1"}],"replies":[{"embeddable":true,"href":"https:\/\/trackandfield.bplaced.net\/blog\/wp-json\/wp\/v2\/comments?post=22227"}],"version-history":[{"count":2,"href":"https:\/\/trackandfield.bplaced.net\/blog\/wp-json\/wp\/v2\/posts\/22227\/revisions"}],"predecessor-version":[{"id":22230,"href":"https:\/\/trackandfield.bplaced.net\/blog\/wp-json\/wp\/v2\/posts\/22227\/revisions\/22230"}],"wp:attachment":[{"href":"https:\/\/trackandfield.bplaced.net\/blog\/wp-json\/wp\/v2\/media?parent=22227"}],"wp:term":[{"taxonomy":"category","embeddable":true,"href":"https:\/\/trackandfield.bplaced.net\/blog\/wp-json\/wp\/v2\/categories?post=22227"},{"taxonomy":"post_tag","embeddable":true,"href":"https:\/\/trackandfield.bplaced.net\/blog\/wp-json\/wp\/v2\/tags?post=22227"}],"curies":[{"name":"wp","href":"https:\/\/api.w.org\/{rel}","templated":true}]}}