{"id":242,"date":"2009-09-20T13:07:05","date_gmt":"2009-09-20T13:07:05","guid":{"rendered":"http:\/\/trackandfield.bplaced.net\/?p=242"},"modified":"2009-09-20T13:07:05","modified_gmt":"2009-09-20T13:07:05","slug":"weidlinger-und-winter-siegen-uber-10km","status":"publish","type":"post","link":"https:\/\/trackandfield.bplaced.net\/blog\/2009\/09\/weidlinger-und-winter-siegen-uber-10km\/","title":{"rendered":"Weidlinger und Winter siegen \u00fcber 10km"},"content":{"rendered":"<p>G\u00fcnther Weidlinger feiert einen ungef\u00e4hrdeten Sieg in 30:01min auf einer schwierigen Strecke. Laut eigener Aussage soll dies auf einer schnellen Strecke sogar 28:30 entsprechen&#8230; Roman Weger zeigt gute Form mit dem 2. Platz in 30:55, sogar vor Martin Steinbauer der nach schnellen Anfangstempo nachlassen muss und in 31:12 als 3.ter das Podium vervollst\u00e4ndigt.<\/p>\n<p>Bei den Frauen gewann die Routinierte Martina Winter-Bruneder in 36:16 vor Ursula Bredlinger (36:41). \u00d6sterreichs Nachwuchshoffnung und (leider) auch Vielstarterin Jennifer Wenth wird mit 36:47 3. Gesamt und damit \u00fcberlegene Meisterin der U20 Klasse.<\/p>\n<p>Die Ergebnisse gibt es bei <a title=\"Ergebnis | 10km \u00d6M Natternbach 2009\" href=\"http:\/\/www.pentek-timing.at\/results\/show_results.php?veranstnr=11087\" target=\"_blank\">Pentek Timing<\/a>.<\/p>\n","protected":false},"excerpt":{"rendered":"<p>G\u00fcnther Weidlinger feiert einen ungef\u00e4hrdeten Sieg in 30:01min auf einer schwierigen Strecke. Laut eigener Aussage soll dies auf einer schnellen Strecke sogar 28:30 entsprechen&#8230; Roman Weger zeigt gute Form mit dem 2. Platz in 30:55, sogar vor Martin Steinbauer der <a class=\"more-link\" href=\"https:\/\/trackandfield.bplaced.net\/blog\/2009\/09\/weidlinger-und-winter-siegen-uber-10km\/\"><span class=\"screen-reader-text\">  Weidlinger und Winter siegen \u00fcber 10km<\/span> weiterlesen<span class=\"meta-nav\">&rarr;<\/span><\/a><\/p>\n","protected":false},"author":1,"featured_media":0,"comment_status":"open","ping_status":"open","sticky":false,"template":"","format":"standard","meta":{"footnotes":""},"categories":[8],"tags":[15,129,108,170],"class_list":["post-242","post","type-post","status-publish","format-standard","hentry","category-national","tag-weidlinger","tag-jennifer-wenth","tag-martin-steinbauer","tag-roman-weger"],"_links":{"self":[{"href":"https:\/\/trackandfield.bplaced.net\/blog\/wp-json\/wp\/v2\/posts\/242","targetHints":{"allow":["GET"]}}],"collection":[{"href":"https:\/\/trackandfield.bplaced.net\/blog\/wp-json\/wp\/v2\/posts"}],"about":[{"href":"https:\/\/trackandfield.bplaced.net\/blog\/wp-json\/wp\/v2\/types\/post"}],"author":[{"embeddable":true,"href":"https:\/\/trackandfield.bplaced.net\/blog\/wp-json\/wp\/v2\/users\/1"}],"replies":[{"embeddable":true,"href":"https:\/\/trackandfield.bplaced.net\/blog\/wp-json\/wp\/v2\/comments?post=242"}],"version-history":[{"count":0,"href":"https:\/\/trackandfield.bplaced.net\/blog\/wp-json\/wp\/v2\/posts\/242\/revisions"}],"wp:attachment":[{"href":"https:\/\/trackandfield.bplaced.net\/blog\/wp-json\/wp\/v2\/media?parent=242"}],"wp:term":[{"taxonomy":"category","embeddable":true,"href":"https:\/\/trackandfield.bplaced.net\/blog\/wp-json\/wp\/v2\/categories?post=242"},{"taxonomy":"post_tag","embeddable":true,"href":"https:\/\/trackandfield.bplaced.net\/blog\/wp-json\/wp\/v2\/tags?post=242"}],"curies":[{"name":"wp","href":"https:\/\/api.w.org\/{rel}","templated":true}]}}