{"id":28460,"date":"2022-08-26T09:36:00","date_gmt":"2022-08-26T07:36:00","guid":{"rendered":"http:\/\/trackandfield.bplaced.net\/?p=28460"},"modified":"2022-08-27T09:09:53","modified_gmt":"2022-08-27T07:09:53","slug":"wanda-diamond-league-lausanne-2022-athletissima-livestream-startlisten-zeitplan-live-ergebnisse","status":"publish","type":"post","link":"https:\/\/trackandfield.bplaced.net\/blog\/2022\/08\/wanda-diamond-league-lausanne-2022-athletissima-livestream-startlisten-zeitplan-live-ergebnisse\/","title":{"rendered":"Wanda Diamond League Lausanne 2022 (Athletissima) \u2013 Livestream \/ Startlisten \/ Zeitplan \/ Live-Ergebnisse"},"content":{"rendered":"\n<h1 class=\"wp-block-heading\"><a href=\"https:\/\/lausanne.diamondleague.com\/home\/\" target=\"_blank\" rel=\"noreferrer noopener\">Wanda Diamond League Lausanne<\/a><\/h1>\n\n\n\n<h2 class=\"wp-block-heading\">Vorschau<\/h2>\n\n\n\n<p>Am Freitag ist die Nationalstaffel mit Viktoria Willhuber, Susanne Walli, Magdalena Lindner, Lena Pressler und Johanna Plank beim Athl\u00e9tissima in Lausanne am Start und beschlie\u00dft das Meeting um 21:53 Uhr. Der \u00d6LV-Rekord von 44,33s von <a rel=\"noreferrer noopener\" href=\"http:\/\/trackandfield.bplaced.net\/2022\/06\/wanda-diamond-league-stockholm-bauhaus-galan-2022-livestream-startlisten-zeitplan-ergebnisse\/\" data-type=\"post\" data-id=\"28467\" target=\"_blank\">Stockholm<\/a> soll wieder angegriffen werden.<br \/>Aus dem deutschsprachigen Raum sind die Schweizer 200m Europameisterin Mujinga Kambundji ist ebenso am Start, wie ihre Bronzene Schwester Ditaji oder die Deutsche 5000m Europameisterin Konstanze Klosterhalfen und nat\u00fcrlich viele mehr.<\/p>\n\n\n\n<p><a href=\"https:\/\/www.oelv.at\/de\/newsshow-kurzmeldungen-25.8.2022\" target=\"_blank\" rel=\"noreferrer noopener\">\u00d6LV | Kurzmeldungen (25.8.2022)<\/a><\/p>\n\n\n\n<p><a href=\"https:\/\/www.swiss-athletics.ch\/de\/blog\/2022\/08\/24\/schweizer-stars-wollen-in-lausanne-ein-feuerwerk-zuenden\/\" target=\"_blank\" rel=\"noreferrer noopener\">Swiss Athletics | Athletissima: Schweizer Stars wollen in Lausanne ein Feuerwerk z\u00fcnden<\/a><\/p>\n\n\n\n<p><a href=\"https:\/\/www.leichtathletik.de\/news\/news\/detail\/77047-stars-der-em-treffen-wieder-auf-den-rest-der-welt\" target=\"_blank\" rel=\"noreferrer noopener\">Leichtathletik.de | Stars der EM treffen wieder auf den Rest der Welt<\/a><\/p>\n\n\n\n<p><a rel=\"noreferrer noopener\" href=\"https:\/\/www.worldathletics.org\/competitions\/diamond-league\/news\/how-follow-watch-diamond-league-2022\" target=\"_blank\">World Athletics | How to follow and watch the Wanda Diamond League meeting in Lausanne<\/a><br \/><a href=\"https:\/\/worldathletics.org\/competitions\/diamond-league\/news\/athletissima-lausanne-fraser-pryce-jackson-duplantis-rojas-crouser-ingebrigtsen\" target=\"_blank\" rel=\"noreferrer noopener\">World Athletics | Clash of champions as global stars resume rivalries in Lausanne<\/a><br \/><a rel=\"noreferrer noopener\" href=\"https:\/\/www.worldathletics.org\/competitions\/diamond-league\/news\/barshim-tamberi-chopra-miller-uibo-lausanne-athletissima\" target=\"_blank\">World Athletics | Barshim, Tamberi, Chopra and Miller-Uibo among champions set for Lausanne<\/a><br \/><a rel=\"noreferrer noopener\" href=\"https:\/\/www.worldathletics.org\/news\/news\/wanda-diamond-league-lausanne-brussels-zurich-2022\" target=\"_blank\">World Athletics | Competition intensifies as Wanda Diamond League nears conclusion<\/a><\/p>\n\n\n\n<p>Trailer:<\/p>\n\n\n\n<iframe loading=\"lazy\" src=\"https:\/\/www.youtube.com\/embed\/4cGu0S2VcCU\" title=\"YouTube video player\" allow=\"accelerometer; autoplay; clipboard-write; encrypted-media; gyroscope; picture-in-picture\" allowfullscreen=\"\" width=\"560\" height=\"315\" frameborder=\"0\"><\/iframe>\n<iframe loading=\"lazy\" src=\"https:\/\/www.youtube.com\/embed\/tQaUhhPOYXk\" title=\"YouTube video player\" allow=\"accelerometer; autoplay; clipboard-write; encrypted-media; gyroscope; picture-in-picture\" allowfullscreen=\"\" width=\"560\" height=\"315\" frameborder=\"0\"><\/iframe>\n\n\n\n<h2 class=\"wp-block-heading\">Livestream &#8211; 25.08. ab 18 Uhr \/ 26.08.2022 ab 20 Uhr<\/h2>\n\n\n\n<h3 class=\"wp-block-heading\">Weltweit 26.08. ab 20 Uhr<\/h3>\n\n\n\n<p><a rel=\"noreferrer noopener\" href=\"http:\/\/lalastreams.me\/streams\/124800752\/1375335\" target=\"_blank\">Wanda Diamond League Lausanne 2022 | Livestream Astrosupersport<\/a><br \/><a rel=\"noreferrer noopener\" href=\"http:\/\/lalastreams.me\/streams\/125531032\/1462155\" target=\"_blank\">Wanda Diamond League Lausanne 2022 | Livestream SK4<\/a><br \/><a rel=\"noreferrer noopener\" href=\"http:\/\/lalastreams.me\/streams\/125531032\/1462233\" target=\"_blank\">Wanda Diamond League Lausanne 2022 | Livestream ESP<\/a><br \/><a href=\"https:\/\/livetvon.click\/mylivetv\/stream-418.php\" target=\"_blank\" rel=\"noreferrer noopener\">Wanda Diamond League Lausanne 2022 | Livestream Variety<\/a><\/p>\n\n\n\n<h4 class=\"wp-block-heading\">Offizieller Youtube Stream (Geoblock siehe <a href=\"https:\/\/www.worldathletics.org\/competitions\/diamond-league\/news\/how-follow-watch-diamond-league-2022\" target=\"_blank\" rel=\"noreferrer noopener\">Link<\/a>)<\/h4>\n\n\n\n<p><a rel=\"noreferrer noopener\" href=\"http:\/\/trackandfield.bplaced.net\/2021\/05\/wanda-diamond-league-bis-2023-in-aut-ger-exklusiv-auf-sky\/\" data-type=\"post\" data-id=\"25217\" target=\"_blank\">Sky Sport hat sich die \u00dcbertragungsrechte f\u00fcr Deutschland und \u00d6sterreich gesichert.<\/a><br \/>Dadurch ist der Youtube Stream auch hierzulande geblockt.<\/p>\n\n\n\n<p><a href=\"https:\/\/www.youtube.com\/watch?v=OlGvQel3Cwk\" target=\"_blank\" rel=\"noreferrer noopener\">Wanda Diamond League Lausanne 2022 | Youtube Livestream<\/a><br \/><a rel=\"noreferrer noopener\" href=\"https:\/\/www.facebook.com\/DiamondLeague\/live_videos\/\" target=\"_blank\">Wanda Diamond League Lausanne 2022 | Facebook Livestream<\/a><\/p>\n\n\n\n<iframe loading=\"lazy\" src=\"https:\/\/www.youtube.com\/embed\/OlGvQel3Cwk\" allow=\"accelerometer; autoplay; encrypted-media; gyroscope; picture-in-picture\" allowfullscreen=\"\" width=\"560\" height=\"315\" frameborder=\"0\"><\/iframe>\n\n\n\n<h4 class=\"wp-block-heading\">mit CH-IP<\/h4>\n\n\n\n<p><a rel=\"noreferrer noopener\" href=\"https:\/\/www.srf.ch\/play\/tv\/live\/srf-info?tvLiveId=c49c1d73-2f70-0001-138a-15e0c4ccd3d0\" target=\"_blank\">Wanda Diamond League Lausanne 2022 | Livestream SRF 2 (Donnerstag ab 18 Uhr)<\/a><br \/><a rel=\"noreferrer noopener\" href=\"https:\/\/www.srf.ch\/play\/tv\/live\/srf-zwei?tvLiveId=c49c1d64-9f60-0001-1c36-43c288c01a10\" target=\"_blank\">Wanda Diamond League Lausanne 2022 | Livestream SRF 2 (Freitag ab 20 Uhr)<\/a><\/p>\n\n\n\n<h4 class=\"wp-block-heading\">mit UK-IP<\/h4>\n\n\n\n<p><a href=\"https:\/\/www.bbc.co.uk\/programmes\/m001bg5s\" target=\"_blank\" rel=\"noreferrer noopener\">Wanda Diamond League Lausanne 2022 | Livestream BBC Three<\/a><\/p>\n\n\n\n<h4 class=\"wp-block-heading\">mit NOR-IP<\/h4>\n\n\n\n<p><a href=\"https:\/\/tv.nrk.no\/serie\/friidrett\/202208\/MSPO34001322\/avspiller\" target=\"_blank\" rel=\"noreferrer noopener\">Wanda Diamond League Lausanne 2022 | Livestream NRK2<\/a><\/p>\n\n\n\n<h4 class=\"wp-block-heading\">mit CAN-IP<\/h4>\n\n\n\n<p><a href=\"https:\/\/www.cbc.ca\/player\/play\/2062886467547\" target=\"_blank\" rel=\"noreferrer noopener\">Wanda Diamond League Lausanne 2022 | Livestream CBC<\/a><\/p>\n\n\n\n<h4 class=\"wp-block-heading\">mit CZE-IP<\/h4>\n\n\n\n<p><a href=\"https:\/\/www.ceskatelevize.cz\/porady\/14934892785-wanda-diamond-league-2022\/222471291013011\/\" target=\"_blank\" rel=\"noreferrer noopener\">Wanda Diamond League Lausanne 2022 | Livestream CT Sport<\/a><\/p>\n\n\n\n<h2 class=\"wp-block-heading\">Startlisten \/ Zeitplan \/ Live-Ergebnisse<\/h2>\n\n\n\n<p><strong><a rel=\"noreferrer noopener\" href=\"https:\/\/lausanne.diamondleague.com\/startlistsresults\/\" target=\"_blank\">Wanda Diamond League Lausanne 2022 | Startlisten \/ Zeitplan \/ Live-Ergebnisse<\/a><\/strong><\/p>\n\n\n\n<h2 class=\"wp-block-heading\">Fotos<\/h2>\n\n\n\n<p><a href=\"https:\/\/athletix.ch\/photos-2022\/athletissima-lausanne-26082022\/\" target=\"_blank\" rel=\"noreferrer noopener\">Athletix.ch | Athl\u00e9tissima, Lausanne (26.08.2022)<\/a><\/p>\n\n\n\n<h2 class=\"wp-block-heading\">Videos<\/h2>\n\n\n\n<p><a rel=\"noreferrer noopener\" href=\"https:\/\/www.youtube.com\/channel\/UC6PZm2HZT3uOL1Z9F203K4g\" target=\"_blank\">Wanda Diamond League | Youtube Channel<\/a><br \/><a rel=\"noreferrer noopener\" href=\"https:\/\/www.youtube.com\/user\/athletissimalausanne\/videos\" target=\"_blank\">Athletissima | Youtube Channel<\/a><\/p>\n\n\n\n<iframe loading=\"lazy\" src=\"https:\/\/www.youtube.com\/embed\/videoseries?list=PLIhANLSvh9wn4fp2qeKUMUBlMUGaEfIz_\" title=\"YouTube video player\" allow=\"accelerometer; autoplay; clipboard-write; encrypted-media; gyroscope; picture-in-picture\" allowfullscreen=\"\" width=\"560\" height=\"315\" frameborder=\"0\"><\/iframe>\n\n\n\n<p><a rel=\"noreferrer noopener\" href=\"https:\/\/www.youtube.com\/playlist?list=PLV7HCrp49-jzyokJgN0TYhJbs1MdRWgr6\" target=\"_blank\"><\/a><a rel=\"noreferrer noopener\" href=\"https:\/\/www.youtube.com\/playlist?list=PLV7HCrp49-jw1Zv0BqlGBASQKYKA83iE0\" target=\"_blank\">Diamond League 2022 | Youtube Playliste<\/a><\/p>\n\n\n\n<iframe loading=\"lazy\" src=\"https:\/\/www.youtube.com\/embed\/T1NV3vpFqU0?list=PLV7HCrp49-jw1Zv0BqlGBASQKYKA83iE0\" title=\"YouTube video player\" allow=\"accelerometer; autoplay; clipboard-write; encrypted-media; gyroscope; picture-in-picture\" allowfullscreen=\"\" width=\"560\" height=\"315\" frameborder=\"0\"><\/iframe>\n\n\n\n<h2 class=\"wp-block-heading\">Bericht<\/h2>\n\n\n\n<p><a href=\"https:\/\/www.swiss-athletics.ch\/de\/blog\/2022\/08\/26\/athletissima-schweizer-stars-bringen-das-stadion-zum-kochen\/\" target=\"_blank\" rel=\"noreferrer noopener\">Swiss Athletics | Athletissima: Schweizer Stars begeistern in Lausanne die Fans<\/a><\/p>\n\n\n\n<p><a href=\"https:\/\/www.leichtathletik.de\/news\/news\/detail\/77061-jakob-ingebrigtsen-holt-sich-spitzen-position-ueber-1500-meter-zurueck\" target=\"_blank\" rel=\"noreferrer noopener\">Leichtathletik.de | Jakob Ingebrigtsen holt sich Spitzen-Position \u00fcber 1.500 Meter zur\u00fcck<\/a><\/p>\n\n\n\n<p><a rel=\"noreferrer noopener\" href=\"https:\/\/worldathletics.org\/news\/report\/athletissima-lausanne-2022\" target=\"_blank\">World Athletics | Duplantis clears 6.10m meeting record in Lausanne<\/a><br \/><a href=\"https:\/\/worldathletics.org\/competitions\/diamond-league\/news\/athletissima-lausanne-2022\" target=\"_blank\" rel=\"noreferrer noopener\">World Athletics | Ingebrigtsen, Rojas and Lyles light up Lausanne<\/a><\/p>\n","protected":false},"excerpt":{"rendered":"<p>Wanda Diamond League Lausanne Vorschau Am Freitag ist die Nationalstaffel mit Viktoria Willhuber, Susanne Walli, Magdalena Lindner, Lena Pressler und Johanna Plank beim Athl\u00e9tissima in Lausanne am Start und beschlie\u00dft das Meeting um 21:53 Uhr. Der \u00d6LV-Rekord von 44,33s von <a class=\"more-link\" href=\"https:\/\/trackandfield.bplaced.net\/blog\/2022\/08\/wanda-diamond-league-lausanne-2022-athletissima-livestream-startlisten-zeitplan-live-ergebnisse\/\"><span class=\"screen-reader-text\">  Wanda Diamond League Lausanne 2022 (Athletissima) \u2013 Livestream \/ Startlisten \/ Zeitplan \/ Live-Ergebnisse<\/span> weiterlesen<span class=\"meta-nav\">&rarr;<\/span><\/a><\/p>\n","protected":false},"author":1,"featured_media":0,"comment_status":"closed","ping_status":"closed","sticky":false,"template":"","format":"standard","meta":{"footnotes":""},"categories":[7],"tags":[1758,758,3506,232,3090,2991,3020,1752,613,2649,140,3059,2116,2677,1742,601,3329,3019],"class_list":["post-28460","post","type-post","status-publish","format-standard","hentry","category-international","tag-angelica-moser","tag-athletissima","tag-audrey-werro","tag-diamondleague","tag-ditaji-kambundji","tag-jason-joseph","tag-johanna-plank","tag-konstanze-klosterhalfen","tag-lausanne","tag-lena-pressler","tag-livestream","tag-lore-hoffmann","tag-magdalena-lindner","tag-mateusz-przybylko","tag-mujinga-kambundji","tag-susanne-gogl-walli","tag-valentina-rosamilia","tag-viktoria-willhuber"],"_links":{"self":[{"href":"https:\/\/trackandfield.bplaced.net\/blog\/wp-json\/wp\/v2\/posts\/28460","targetHints":{"allow":["GET"]}}],"collection":[{"href":"https:\/\/trackandfield.bplaced.net\/blog\/wp-json\/wp\/v2\/posts"}],"about":[{"href":"https:\/\/trackandfield.bplaced.net\/blog\/wp-json\/wp\/v2\/types\/post"}],"author":[{"embeddable":true,"href":"https:\/\/trackandfield.bplaced.net\/blog\/wp-json\/wp\/v2\/users\/1"}],"replies":[{"embeddable":true,"href":"https:\/\/trackandfield.bplaced.net\/blog\/wp-json\/wp\/v2\/comments?post=28460"}],"version-history":[{"count":4,"href":"https:\/\/trackandfield.bplaced.net\/blog\/wp-json\/wp\/v2\/posts\/28460\/revisions"}],"predecessor-version":[{"id":29855,"href":"https:\/\/trackandfield.bplaced.net\/blog\/wp-json\/wp\/v2\/posts\/28460\/revisions\/29855"}],"wp:attachment":[{"href":"https:\/\/trackandfield.bplaced.net\/blog\/wp-json\/wp\/v2\/media?parent=28460"}],"wp:term":[{"taxonomy":"category","embeddable":true,"href":"https:\/\/trackandfield.bplaced.net\/blog\/wp-json\/wp\/v2\/categories?post=28460"},{"taxonomy":"post_tag","embeddable":true,"href":"https:\/\/trackandfield.bplaced.net\/blog\/wp-json\/wp\/v2\/tags?post=28460"}],"curies":[{"name":"wp","href":"https:\/\/api.w.org\/{rel}","templated":true}]}}