{"id":29084,"date":"2022-06-23T19:45:00","date_gmt":"2022-06-23T17:45:00","guid":{"rendered":"http:\/\/trackandfield.bplaced.net\/?p=29084"},"modified":"2022-06-26T03:07:20","modified_gmt":"2022-06-26T01:07:20","slug":"schweizer-meisterschaften-sm-aktive-zuerich-2022-livestream-live-ergebnisse-zeitplan-startlisten","status":"publish","type":"post","link":"https:\/\/trackandfield.bplaced.net\/blog\/2022\/06\/schweizer-meisterschaften-sm-aktive-zuerich-2022-livestream-live-ergebnisse-zeitplan-startlisten\/","title":{"rendered":"Schweizer Meisterschaften (SM Aktive) Z\u00fcrich 2022 &#8211; Livestream \/ Live-Ergebnisse \/ Zeitplan \/ Startlisten"},"content":{"rendered":"\n<h2 class=\"wp-block-heading\"><a rel=\"noreferrer noopener\" href=\"https:\/\/www.swiss-athletics.ch\/de\/schweizer-meisterschaften\/\" target=\"_blank\">SM Aktive Z\u00fcrich 2022<\/a><\/h2>\n\n\n\n<h2 class=\"wp-block-heading\">Vorschau<\/h2>\n\n\n\n<p>Am Freitag und Samstag finden im Z\u00fcricher Letzigrund die Schweizer Meisterschaften mit quasi allen Schweizer Leichtathletikstars statt. Ein 1-Tages-<a href=\"https:\/\/www.swiss-athletics.ch\/de\/schweizer-meisterschaften\/tickets\/\" target=\"_blank\" rel=\"noreferrer noopener\">Ticket<\/a> kostet 15 CHF, beide Tage 25 CHF.<\/p>\n\n\n\n<p><a href=\"https:\/\/www.swiss-athletics.ch\/de\/blog\/2022\/06\/22\/sm-zuerich-von-disziplin-zu-disziplin-maenner-2\/\" target=\"_blank\" rel=\"noreferrer noopener\">Swiss Athletics | SM Z\u00fcrich: Von Disziplin zu Disziplin (M\u00e4nner)<\/a><br \/><a href=\"https:\/\/www.swiss-athletics.ch\/de\/blog\/2022\/06\/23\/sm-zuerich-von-disziplin-zu-disziplin-frauen-2\/\" target=\"_blank\" rel=\"noreferrer noopener\">Swiss Athletics | SM Z\u00fcrich: Von Disziplin zu Disziplin (Frauen)<\/a><br \/><a href=\"https:\/\/www.swiss-athletics.ch\/de\/blog\/2022\/06\/21\/grossaufmarsch-der-stars-auf-der-legendaeren-letzigrund-buehne\/\" target=\"_blank\" rel=\"noreferrer noopener\">Swiss Athletics | Grossaufmarsch der Stars auf der legend\u00e4ren Letzigrund-B\u00fchne<\/a><\/p>\n\n\n\n<h2 class=\"wp-block-heading\">Livestream 24.-25.06.2022<\/h2>\n\n\n\n<p>Am Freitag zeigt das Schweizer Fernsehen SRF von 22:05-22:35 Uhr eine Zusammenfassung. Am Sonntag von 17:10-17:55 Uhr.<\/p>\n\n\n\n<p><a rel=\"noreferrer noopener\" href=\"https:\/\/www.ubs-athletics.fans\/\" target=\"_blank\">Schweizer Meisterschaften (SM Aktive) Z\u00fcrich 2022 | Livestream (UBS Athletics Fans)<\/a><br \/><a rel=\"noreferrer noopener\" href=\"https:\/\/www.youtube.com\/user\/swissathleticsCH\/videos\" target=\"_blank\">Schweizer Meisterschaften (SM Aktive) Z\u00fcrich 2022 | Livestream (Youtube)<\/a><\/p>\n\n\n\n<p><a href=\"https:\/\/www.youtube.com\/watch?v=88wXQ4yXtzU\" target=\"_blank\" rel=\"noreferrer noopener\">Schweizer Meisterschaften (SM Aktive) Z\u00fcrich 2022 | Livestream Samstag (Youtube)<\/a><\/p>\n\n\n\n<iframe loading=\"lazy\" src=\"https:\/\/www.youtube.com\/embed\/88wXQ4yXtzU\" title=\"YouTube video player\" allow=\"accelerometer; autoplay; clipboard-write; encrypted-media; gyroscope; picture-in-picture\" allowfullscreen=\"\" width=\"560\" height=\"315\" frameborder=\"0\"><\/iframe>\n\n\n\n<h2 class=\"wp-block-heading\">Live-Ergebnisse \/ Zeitplan \/ Startliste<\/h2>\n\n\n\n<p><a href=\"https:\/\/slv.laportal.net\/Competitions\/Details\/7457\" target=\"_blank\" rel=\"noreferrer noopener\">SM Aktive Z\u00fcrich 2022 | Live-Ergebnisse \/ Zeitplan \/ Startlisten<\/a><br \/><a href=\"https:\/\/www.swiss-athletics.ch\/wp-content\/uploads\/Definitiver-Zeitplan-3.pdf\" target=\"_blank\" rel=\"noreferrer noopener\">SM Aktive Z\u00fcrich 2022 | Zeitplan (PDF)<\/a><br \/><a href=\"https:\/\/www.swiss-athletics.ch\/wp-content\/uploads\/Limitenbulletin_2022-59.pdf\" target=\"_blank\" rel=\"noreferrer noopener\">Swiss Athletics | Limitbulletin 2022<\/a><\/p>\n\n\n\n<h2 class=\"wp-block-heading\">Fotos<\/h2>\n\n\n\n<p><a href=\"https:\/\/athletix.ch\/photos-2022\/schweizermeisterschaften-zuerich-24-25062022\/\" target=\"_blank\" rel=\"noreferrer noopener\">Athletix.ch | Schweizermeisterschaften, Z\u00fcrich (24. &#8211; 25.06.2022)<\/a><\/p>\n\n\n\n<h2 class=\"wp-block-heading\">Videos<\/h2>\n\n\n\n<p><a href=\"https:\/\/www.youtube.com\/playlist?list=PLU0QXrsJEEemiVSNhyUdvH607r_5b1l0E\" target=\"_blank\" rel=\"noreferrer noopener\">SM Z\u00fcrich 2022 | Youtube Playliste<\/a><\/p>\n\n\n\n<iframe loading=\"lazy\" src=\"https:\/\/www.youtube.com\/embed\/videoseries?list=PLU0QXrsJEEemiVSNhyUdvH607r_5b1l0E\" title=\"YouTube video player\" allow=\"accelerometer; autoplay; clipboard-write; encrypted-media; gyroscope; picture-in-picture\" allowfullscreen=\"\" width=\"560\" height=\"315\" frameborder=\"0\"><\/iframe>\n\n\n\n<h3 class=\"wp-block-heading\">Komplette \u00dcbertragungen<\/h3>\n\n\n\n<p><a href=\"https:\/\/www.youtube.com\/watch?v=F_184a1HBNA\" target=\"_blank\" rel=\"noreferrer noopener\">Schweizer Meisterschaften (SM Aktive) Z\u00fcrich 2022 | Livestream Freitag (Youtube)<\/a><\/p>\n\n\n\n<iframe loading=\"lazy\" src=\"https:\/\/www.youtube.com\/embed\/F_184a1HBNA\" title=\"YouTube video player\" allow=\"accelerometer; autoplay; clipboard-write; encrypted-media; gyroscope; picture-in-picture\" allowfullscreen=\"\" width=\"560\" height=\"315\" frameborder=\"0\"><\/iframe>\n\n\n\n<h2 class=\"wp-block-heading\">Bericht<\/h2>\n\n\n\n<h3 class=\"wp-block-heading\">Tag 1<\/h3>\n\n\n\n<p><a href=\"https:\/\/www.swiss-athletics.ch\/de\/blog\/2022\/06\/24\/sm-zuerich-1-tag-maenner-dominik-alberto-fliegt-im-letzigrund-zur-saisonbestleistung\/\" target=\"_blank\" rel=\"noreferrer noopener\">Swiss Athletics | SM Z\u00fcrich (1. Tag) M\u00e4nner: Dominik Alberto fliegt im Letzigrund zur Saisonbestleistung<\/a><br \/><a href=\"https:\/\/www.swiss-athletics.ch\/de\/blog\/2022\/06\/24\/sm-zuerich-1-tag-frauen-mujinga-kambundji-siegt-mit-rekord\/\" target=\"_blank\" rel=\"noreferrer noopener\">Swiss Athletics | SM Z\u00fcrich (1. Tag) Frauen: Mujinga Kambundji siegt mit Rekord<\/a><\/p>\n\n\n\n<h3 class=\"wp-block-heading\">Tag 2<\/h3>\n\n\n\n<p><a href=\"https:\/\/www.swiss-athletics.ch\/de\/blog\/2022\/06\/25\/sm-zuerich-2-tag-maenner-jason-joseph-stellt-seine-klasse-unter-beweis\/\" target=\"_blank\" rel=\"noreferrer noopener\">Swiss Athletics | SM Z\u00fcrich (2. Tag) M\u00e4nner: Jason Joseph stellt seine Klasse unter Beweis<\/a><br \/><a href=\"https:\/\/www.swiss-athletics.ch\/de\/blog\/2022\/06\/25\/sm-zuerich-2-tag-frauen-viertes-sm-gold-fuer-noemi-zbaeren\/\" target=\"_blank\" rel=\"noreferrer noopener\">Swiss Athletics | SM Z\u00fcrich (2. Tag) Frauen: Viertes SM-Gold f\u00fcr Noemi Zb\u00e4ren<\/a><\/p>\n","protected":false},"excerpt":{"rendered":"<p>SM Aktive Z\u00fcrich 2022 Vorschau Am Freitag und Samstag finden im Z\u00fcricher Letzigrund die Schweizer Meisterschaften mit quasi allen Schweizer Leichtathletikstars statt. Ein 1-Tages-Ticket kostet 15 CHF, beide Tage 25 CHF. Swiss Athletics | SM Z\u00fcrich: Von Disziplin zu Disziplin <a class=\"more-link\" href=\"https:\/\/trackandfield.bplaced.net\/blog\/2022\/06\/schweizer-meisterschaften-sm-aktive-zuerich-2022-livestream-live-ergebnisse-zeitplan-startlisten\/\"><span class=\"screen-reader-text\">  Schweizer Meisterschaften (SM Aktive) Z\u00fcrich 2022 &#8211; Livestream \/ Live-Ergebnisse \/ Zeitplan \/ Startlisten<\/span> weiterlesen<span class=\"meta-nav\">&rarr;<\/span><\/a><\/p>\n","protected":false},"author":1,"featured_media":0,"comment_status":"closed","ping_status":"closed","sticky":false,"template":"","format":"standard","meta":{"footnotes":""},"categories":[7],"tags":[2509,1758,3506,3064,2412,3090,3089,2991,140,3059,1742,2925,3279,888,3329,1244],"class_list":["post-29084","post","type-post","status-publish","format-standard","hentry","category-international","tag-ajla-del-ponte","tag-angelica-moser","tag-audrey-werro","tag-benjamin-gfoehler","tag-delia-sclabas","tag-ditaji-kambundji","tag-emma-piffaretti","tag-jason-joseph","tag-livestream","tag-lore-hoffmann","tag-mujinga-kambundji","tag-ricky-petrucciani","tag-simon-ehammer","tag-swiss-athletics","tag-valentina-rosamilia","tag-zuerich"],"_links":{"self":[{"href":"https:\/\/trackandfield.bplaced.net\/blog\/wp-json\/wp\/v2\/posts\/29084","targetHints":{"allow":["GET"]}}],"collection":[{"href":"https:\/\/trackandfield.bplaced.net\/blog\/wp-json\/wp\/v2\/posts"}],"about":[{"href":"https:\/\/trackandfield.bplaced.net\/blog\/wp-json\/wp\/v2\/types\/post"}],"author":[{"embeddable":true,"href":"https:\/\/trackandfield.bplaced.net\/blog\/wp-json\/wp\/v2\/users\/1"}],"replies":[{"embeddable":true,"href":"https:\/\/trackandfield.bplaced.net\/blog\/wp-json\/wp\/v2\/comments?post=29084"}],"version-history":[{"count":4,"href":"https:\/\/trackandfield.bplaced.net\/blog\/wp-json\/wp\/v2\/posts\/29084\/revisions"}],"predecessor-version":[{"id":29127,"href":"https:\/\/trackandfield.bplaced.net\/blog\/wp-json\/wp\/v2\/posts\/29084\/revisions\/29127"}],"wp:attachment":[{"href":"https:\/\/trackandfield.bplaced.net\/blog\/wp-json\/wp\/v2\/media?parent=29084"}],"wp:term":[{"taxonomy":"category","embeddable":true,"href":"https:\/\/trackandfield.bplaced.net\/blog\/wp-json\/wp\/v2\/categories?post=29084"},{"taxonomy":"post_tag","embeddable":true,"href":"https:\/\/trackandfield.bplaced.net\/blog\/wp-json\/wp\/v2\/tags?post=29084"}],"curies":[{"name":"wp","href":"https:\/\/api.w.org\/{rel}","templated":true}]}}