{"id":30327,"date":"2022-11-03T19:55:18","date_gmt":"2022-11-03T18:55:18","guid":{"rendered":"http:\/\/trackandfield.bplaced.net\/?p=30327"},"modified":"2022-11-06T16:18:19","modified_gmt":"2022-11-06T15:18:19","slug":"world-mountain-and-trail-running-championships-wmtrch-berglauf-und-trail-wm-chiang-mai-2022-livestream-live-ergebnisse-startlisten","status":"publish","type":"post","link":"https:\/\/trackandfield.bplaced.net\/blog\/2022\/11\/world-mountain-and-trail-running-championships-wmtrch-berglauf-und-trail-wm-chiang-mai-2022-livestream-live-ergebnisse-startlisten\/","title":{"rendered":"World Mountain and Trail Running Championships (WMTRCH \/ Berglauf- und Trail-WM) Chiang Mai 2022 &#8211; Livestream \/ Live-Ergebnisse \/ Startlisten"},"content":{"rendered":"\n<h1 class=\"wp-block-heading\"><a href=\"https:\/\/wmtrc2021thailand.com\/\" target=\"_blank\" rel=\"noreferrer noopener\">WMTRCH Chiang Mai 2022<\/a><\/h1>\n\n\n\n<h2 class=\"wp-block-heading\">Vorschau<\/h2>\n\n\n\n<p>Andrea Mayr (SVS-Leichtathletik) f\u00fchrt das dreik\u00f6pfige Team bei den ersten Berglauf und Trailrunning Weltmeisterschaften an. Mit im \u00d6LV-Team sind auch Andreas Rois (LTV K\u00f6flach) und Esther Fellhofer (SC LT Breitenbach). Auch das DLV-Team ist nur 3-k\u00f6pfig, w\u00e4hrend die Schweizer 16 Athlet:innen schicken.<\/p>\n\n\n\n<p><a href=\"https:\/\/www.oelv.at\/de\/newsshow-kurzmeldungen-3.11.2022\" target=\"_blank\" rel=\"noreferrer noopener\">\u00d6LV | Kurzmeldungen (3.11.2022)<\/a><\/p>\n\n\n\n<p><a href=\"https:\/\/www.swiss-athletics.ch\/de\/blog\/2022\/11\/02\/ambitioniertes-schweizer-team-an-der-off-road-wm-in-thailand\/\" target=\"_blank\" rel=\"noreferrer noopener\">Swiss Athletics | Ambitioniertes Schweizer Team an der Off-Road-WM in Thailand<\/a><\/p>\n\n\n\n<p><a rel=\"noreferrer noopener\" href=\"https:\/\/www.leichtathletik.de\/news\/news\/detail\/77311-kleines-dlv-team-vertritt-deutsche-farben-in-thailand\" target=\"_blank\">Leichtathletik.de | Kleines DLV-Team vertritt deutsche Farben in Thailand<\/a><\/p>\n\n\n\n<p><a href=\"https:\/\/worldathletics.org\/news\/preview\/world-mountain-trail-running-championships-chiang-mai\" target=\"_blank\" rel=\"noreferrer noopener\">World Athletics | Leading off-road runners descend on Chiang Mai for inaugural World Mountain and Trail Running Championships<\/a><\/p>\n\n\n\n<p><a href=\"https:\/\/wmra.ch\/news\/latest-news-from-the-wmra\/1048-ten-men-to-watch-at-the-wmtrc\" target=\"_blank\" rel=\"noreferrer noopener\">WMRA | Ten Men to Watch at the WMTRC<\/a><br \/><a href=\"https:\/\/wmra.ch\/news\/latest-news-from-the-wmra\/1047-ten-women-to-watch-at-the-wmtrc\" target=\"_blank\" rel=\"noreferrer noopener\">WMRA | Ten Women to Watch at the WMTRC<\/a><\/p>\n\n\n\n<h2 class=\"wp-block-heading\">Livestream 04.-06.11.2022<\/h2>\n\n\n\n<p><a rel=\"noreferrer noopener\" href=\"https:\/\/www.youtube.com\/watch?v=SbhwqvvPaLU\" target=\"_blank\">WMTRCH Chiang Mai 2022 | Livestream Freitag &#8211; Klassisch Uphill<\/a><br \/><a rel=\"noreferrer noopener\" href=\"https:\/\/www.youtube.com\/watch?v=00rnc8Uk9P4\" target=\"_blank\">WMTRCH Chiang Mai 2022 | Livestream Samstag &#8211; Long &amp; Short Trail Teil 1<\/a><br \/><a rel=\"noreferrer noopener\" href=\"https:\/\/www.youtube.com\/watch?v=D5xWRDi8iJc\" target=\"_blank\">WMTRCH Chiang Mai 2022 | Livestream Samstag &#8211; Long &amp; Short Trail Teil 2<\/a><br \/><a rel=\"noreferrer noopener\" href=\"https:\/\/www.youtube.com\/watch?v=BaZLRFhy7pE\" target=\"_blank\">WMTRCH Chiang Mai 2022 | Livestream Samstag &#8211; Long &amp; Short Trail Teil 3<\/a><br \/><a rel=\"noreferrer noopener\" href=\"https:\/\/www.youtube.com\/watch?v=7AhEFm7AR9s\" target=\"_blank\">WMTRCH Chiang Mai 2022 | Livestream Sonntag &#8211; Klassisch Up&amp;Downhill<\/a><\/p>\n\n\n\n\n\n<h2 class=\"wp-block-heading\">Ergebnisse \/ Zeitplan \/ Startlisten \/ Streckenpl\u00e4ne<\/h2>\n\n\n\n<p><a rel=\"noreferrer noopener\" href=\"https:\/\/my.raceresult.com\/225074\/\" target=\"_blank\">WMTRCH Chiang Mai 2022 | Live-Ergebnisse \/ Meldelisten<\/a><\/p>\n\n\n\n<p><a href=\"https:\/\/wmra.ch\/news\/latest-news-from-the-wmra\/1050-world-mountain-and-trail-running-championships-live-streaming\" target=\"_blank\" rel=\"noreferrer noopener\">WMTRCH Chiang Mai 2022 | Zeitplan<\/a><\/p>\n\n\n\n<h3 class=\"wp-block-heading\">Zeitplan in MEZ<\/h3>\n\n\n\n<ul class=\"wp-block-list\"><li>Freitag 4.11. &#8211; 4:15 Start M\u00e4nner Uphill<\/li><li>Freitag 4.11. &#8211; 5:00 Start Frauen Uphill<\/li><li>Samstag 5.11. &#8211; 0:30 Start M\u00e4nner Long Trail<\/li><li>Samstag 5.11. &#8211; 1:30 Start M\u00e4nner Short Trail<\/li><li>Sonntag 6.11. &#8211; 2:30 Start U20 M\u00e4nner Up&amp;Downhill<\/li><li>Sonntag 6.11. &#8211; 3:00 Start U20 Frauen Up&amp;Downhill<\/li><li>Sonntag 6.11. &#8211; 3:45 Start M\u00e4nner Up&amp;Downhill<\/li><li>Sonntag 6.11. &#8211; 4:00 Start Frauen Up&amp;Downhill<\/li><\/ul>\n\n\n\n<h2 class=\"wp-block-heading\">Videos<\/h2>\n\n\n\n<p><a rel=\"noreferrer noopener\" href=\"https:\/\/www.youtube.com\/watch?v=MJSLHEn0NfU\" target=\"_blank\">WMTRCH Chiang Mai 2022 | Livestream Er\u00f6ffnungsfeier<\/a><br \/><a rel=\"noreferrer noopener\" href=\"https:\/\/www.youtube.com\/watch?v=SbhwqvvPaLU\" target=\"_blank\">WMTRCH Chiang Mai 2022 | Livestream Freitag &#8211; Klassisch Uphill<\/a><br \/><a rel=\"noreferrer noopener\" href=\"https:\/\/www.youtube.com\/watch?v=00rnc8Uk9P4\" target=\"_blank\">WMTRCH Chiang Mai 2022 | Livestream Samstag &#8211; Long &amp; Short Trail Teil 1<\/a><br \/><a rel=\"noreferrer noopener\" href=\"https:\/\/www.youtube.com\/watch?v=D5xWRDi8iJc\" target=\"_blank\">WMTRCH Chiang Mai 2022 | Livestream Samstag &#8211; Long &amp; Short Trail Teil 2<\/a><br \/><a rel=\"noreferrer noopener\" href=\"https:\/\/www.youtube.com\/watch?v=BaZLRFhy7pE\" target=\"_blank\">WMTRCH Chiang Mai 2022 | Livestream Samstag &#8211; Long &amp; Short Trail Teil 3<\/a><br \/><a rel=\"noreferrer noopener\" href=\"https:\/\/www.youtube.com\/watch?v=7AhEFm7AR9s\" target=\"_blank\">WMTRCH Chiang Mai 2022 | Livestream Sonntag &#8211; Klassisch Up&amp;Downhill<\/a><\/p>\n\n\n\n<iframe loading=\"lazy\" src=\"https:\/\/www.youtube.com\/embed\/MJSLHEn0NfU\" title=\"YouTube video player\" allow=\"accelerometer; autoplay; clipboard-write; encrypted-media; gyroscope; picture-in-picture\" allowfullscreen=\"\" width=\"560\" height=\"315\" frameborder=\"0\"><\/iframe>\n<iframe loading=\"lazy\" src=\"https:\/\/www.youtube.com\/embed\/SbhwqvvPaLU\" title=\"YouTube video player\" allow=\"accelerometer; autoplay; clipboard-write; encrypted-media; gyroscope; picture-in-picture\" allowfullscreen=\"\" width=\"560\" height=\"315\" frameborder=\"0\"><\/iframe>\n<iframe loading=\"lazy\" src=\"https:\/\/www.youtube.com\/embed\/00rnc8Uk9P4\" title=\"YouTube video player\" allow=\"accelerometer; autoplay; clipboard-write; encrypted-media; gyroscope; picture-in-picture\" allowfullscreen=\"\" width=\"560\" height=\"315\" frameborder=\"0\"><\/iframe>\n<iframe loading=\"lazy\" src=\"https:\/\/www.youtube.com\/embed\/D5xWRDi8iJc\" title=\"YouTube video player\" allow=\"accelerometer; autoplay; clipboard-write; encrypted-media; gyroscope; picture-in-picture\" allowfullscreen=\"\" width=\"560\" height=\"315\" frameborder=\"0\"><\/iframe>\n<iframe loading=\"lazy\" src=\"https:\/\/www.youtube.com\/embed\/BaZLRFhy7pE\" title=\"YouTube video player\" allow=\"accelerometer; autoplay; clipboard-write; encrypted-media; gyroscope; picture-in-picture\" allowfullscreen=\"\" width=\"560\" height=\"315\" frameborder=\"0\"><\/iframe>\n<iframe loading=\"lazy\" src=\"https:\/\/www.youtube.com\/embed\/7AhEFm7AR9s\" title=\"YouTube video player\" allow=\"accelerometer; autoplay; clipboard-write; encrypted-media; gyroscope; picture-in-picture\" allowfullscreen=\"\" width=\"560\" height=\"315\" frameborder=\"0\"><\/iframe>\n\n\n\n<h2 class=\"wp-block-heading\">Bericht<\/h2>\n\n\n\n<p>Andrea Mayr (SVS Leichtathletik) holte Silber in 55:41 im Uphill hinter Allie Mclaughlin (USA \/ 55:15) und noch vor Maude Mathys (SUI 56:00).<\/p>\n\n\n\n<p><a href=\"https:\/\/www.oelv.at\/de\/newsshow-andrea-mayr-wird-vize-weltmeisterin-im-berglauf\" target=\"_blank\" rel=\"noreferrer noopener\">\u00d6LV | Andrea Mayr wird Vize-Weltmeisterin im Berglauf<\/a><\/p>\n\n\n\n<p><a rel=\"noreferrer noopener\" href=\"https:\/\/www.swiss-athletics.ch\/de\/blog\/2022\/11\/04\/maude-mathys-schmueckt-palmares-mit-wm-bronze-im-uphill\/\" target=\"_blank\">Swiss Athletics | Maude Mathys schm\u00fcckt Palmar\u00e8s mit WM-Bronze im Uphill<\/a><br \/><a rel=\"noreferrer noopener\" href=\"https:\/\/www.swiss-athletics.ch\/de\/blog\/2022\/11\/05\/emma-pooley-und-ramon-manetsch-im-long-trail-nahe-an-den-top-ten\/\" target=\"_blank\">Swiss Athletics | Emma Pooley und Ramon Manetsch im Long Trail nahe an den Top Ten<\/a><br \/><a href=\"https:\/\/www.swiss-athletics.ch\/de\/blog\/2022\/11\/06\/schweizerinnen-brillieren-mit-wm-gold-im-berglauf-up-and-down\/\" target=\"_blank\" rel=\"noreferrer noopener\">Swiss Athletics | Schweizerinnen brillieren mit WM-Gold im Berglauf Up and Down<\/a><\/p>\n\n\n\n<p><a href=\"https:\/\/www.leichtathletik.de\/news\/news\/detail\/77323-drei-top-ten-platzierungen-fuer-deutsche-berg-und-trail-laeufer-in-thailand\" target=\"_blank\" rel=\"noreferrer noopener\">Leichtathletik.de | Drei Top-Ten-Platzierungen f\u00fcr deutsche Berg- und Trail-L\u00e4ufer bei der WM-Premiere<\/a><\/p>\n\n\n\n<p><a rel=\"noreferrer noopener\" href=\"https:\/\/worldathletics.org\/news\/report\/world-mountain-trail-running-championships-chiang-mai-mclaughlin-kipngeno\" target=\"_blank\">World Athletics | McLaughlin and Kipngeno take first titles at inaugural World Mountain and Trail Running Championships<\/a><br \/><a rel=\"noreferrer noopener\" href=\"https:\/\/worldathletics.org\/news\/report\/world-mountain-trail-running-championships-chiang-mai-lhirondel-angermund-peterman-dragomir\" target=\"_blank\">World Athletics | L&#8217;Hirondel and Angermund among world trail champions on day two in Chiang Mai<\/a><br \/><a href=\"https:\/\/worldathletics.org\/news\/report\/world-mountain-trail-championships-chiang-mai-kibet-cheptegei\" target=\"_blank\" rel=\"noreferrer noopener\">World Athletics | Kibet and Cheptegei mark triumphant day for Uganda as World Mountain and Trail Running Championships conclude<\/a><\/p>\n","protected":false},"excerpt":{"rendered":"<p>WMTRCH Chiang Mai 2022 Vorschau Andrea Mayr (SVS-Leichtathletik) f\u00fchrt das dreik\u00f6pfige Team bei den ersten Berglauf und Trailrunning Weltmeisterschaften an. Mit im \u00d6LV-Team sind auch Andreas Rois (LTV K\u00f6flach) und Esther Fellhofer (SC LT Breitenbach). Auch das DLV-Team ist nur <a class=\"more-link\" href=\"https:\/\/trackandfield.bplaced.net\/blog\/2022\/11\/world-mountain-and-trail-running-championships-wmtrch-berglauf-und-trail-wm-chiang-mai-2022-livestream-live-ergebnisse-startlisten\/\"><span class=\"screen-reader-text\">  World Mountain and Trail Running Championships (WMTRCH \/ Berglauf- und Trail-WM) Chiang Mai 2022 &#8211; Livestream \/ Live-Ergebnisse \/ Startlisten<\/span> weiterlesen<span class=\"meta-nav\">&rarr;<\/span><\/a><\/p>\n","protected":false},"author":1,"featured_media":0,"comment_status":"closed","ping_status":"closed","sticky":false,"template":"","format":"standard","meta":{"footnotes":""},"categories":[7],"tags":[91,3667,3671,3677,94,3675,3672,3673,3670,140,2871,3331,3676,3668,3669,3674],"class_list":["post-30327","post","type-post","status-publish","format-standard","hentry","category-international","tag-andrea-mayr","tag-andreas-rois","tag-ariane-wilhelm","tag-benedikt-hoffmann","tag-berglauf","tag-chiang-mai","tag-emma-pooley","tag-hanna-groeber","tag-judith-wyder","tag-livestream","tag-maude-mathys","tag-rea-iseli","tag-rosanna-buchauer","tag-selina-burch","tag-simone-troxler","tag-wmtrc"],"_links":{"self":[{"href":"https:\/\/trackandfield.bplaced.net\/blog\/wp-json\/wp\/v2\/posts\/30327","targetHints":{"allow":["GET"]}}],"collection":[{"href":"https:\/\/trackandfield.bplaced.net\/blog\/wp-json\/wp\/v2\/posts"}],"about":[{"href":"https:\/\/trackandfield.bplaced.net\/blog\/wp-json\/wp\/v2\/types\/post"}],"author":[{"embeddable":true,"href":"https:\/\/trackandfield.bplaced.net\/blog\/wp-json\/wp\/v2\/users\/1"}],"replies":[{"embeddable":true,"href":"https:\/\/trackandfield.bplaced.net\/blog\/wp-json\/wp\/v2\/comments?post=30327"}],"version-history":[{"count":5,"href":"https:\/\/trackandfield.bplaced.net\/blog\/wp-json\/wp\/v2\/posts\/30327\/revisions"}],"predecessor-version":[{"id":30374,"href":"https:\/\/trackandfield.bplaced.net\/blog\/wp-json\/wp\/v2\/posts\/30327\/revisions\/30374"}],"wp:attachment":[{"href":"https:\/\/trackandfield.bplaced.net\/blog\/wp-json\/wp\/v2\/media?parent=30327"}],"wp:term":[{"taxonomy":"category","embeddable":true,"href":"https:\/\/trackandfield.bplaced.net\/blog\/wp-json\/wp\/v2\/categories?post=30327"},{"taxonomy":"post_tag","embeddable":true,"href":"https:\/\/trackandfield.bplaced.net\/blog\/wp-json\/wp\/v2\/tags?post=30327"}],"curies":[{"name":"wp","href":"https:\/\/api.w.org\/{rel}","templated":true}]}}