{"id":31214,"date":"2023-02-24T23:45:00","date_gmt":"2023-02-24T22:45:00","guid":{"rendered":"http:\/\/trackandfield.bplaced.net\/?p=31214"},"modified":"2023-02-28T08:31:25","modified_gmt":"2023-02-28T07:31:25","slug":"deutsche-jugend-hallen-meisterschaften-jugend-hallen-dm-dortmund-2023-livestream-startlisten-zeitplan-live-ergebnisse","status":"publish","type":"post","link":"https:\/\/trackandfield.bplaced.net\/blog\/2023\/02\/deutsche-jugend-hallen-meisterschaften-jugend-hallen-dm-dortmund-2023-livestream-startlisten-zeitplan-live-ergebnisse\/","title":{"rendered":"Deutsche Jugend-Hallen-Meisterschaften (Jugend-Hallen-DM) Dortmund 2023 &#8211; Livestream \/ Startlisten \/ Zeitplan \/ Live-Ergebnisse"},"content":{"rendered":"\n<h1 class=\"wp-block-heading\" id=\"jugend-hallen-dm-sindelfingen-2022\"><a href=\"https:\/\/www.leichtathletik.de\/termine\/top-events\/jugend-hallen-dm-2023-dortmund-live\" target=\"_blank\" rel=\"noreferrer noopener\">Jugend-Hallen-DM Dortmund 2023<\/a><\/h1>\n\n\n\n<h2 class=\"wp-block-heading\" id=\"vorschau\">Vorschau<\/h2>\n\n\n\n<p>Am Samstag und Sonntag \u00fcbertr\u00e4gt der DLV die Jugend-Hallen-DM live aus Dortmund nur eine Woche nach der DM der Aktiven.<\/p>\n\n\n\n<p><a href=\"https:\/\/www.leichtathletik.de\/news\/news\/detail\/77687-dortmund-laedt-nachwuchs-elite-zur-talentschau\" target=\"_blank\" rel=\"noreferrer noopener\">Leichtathletik.de | Dortmund l\u00e4dt Nachwuchs-Elite zur Talentschau<\/a><\/p>\n\n\n\n<h2 class=\"wp-block-heading\" id=\"livestream-19-20-02-2022\">Livestream &#8211; 25.\/26.02.2023 ab 10:25\/10:15 Uhr<\/h2>\n\n\n\n<p><a href=\"https:\/\/www.youtube.com\/watch?v=W0bTR7al02s\" target=\"_blank\" rel=\"noreferrer noopener\">Jugend-Hallen-DM Dortmund 2023 | Livestream Samstag (Youtube)<\/a><\/p>\n\n\n\n<iframe loading=\"lazy\" src=\"https:\/\/www.youtube.com\/embed\/W0bTR7al02s\" title=\"YouTube video player\" allow=\"accelerometer; autoplay; clipboard-write; encrypted-media; gyroscope; picture-in-picture; web-share\" allowfullscreen=\"\" width=\"560\" height=\"315\" frameborder=\"0\"><\/iframe>\n\n\n\n<p><a href=\"https:\/\/www.youtube.com\/watch?v=O7Kp7pR1e_w\" target=\"_blank\" rel=\"noreferrer noopener\">Jugend-Hallen-DM Dortmund 2023 | Livestream Sonntag (Youtube)<\/a><\/p>\n\n\n\n<iframe loading=\"lazy\" src=\"https:\/\/www.youtube.com\/embed\/O7Kp7pR1e_w\" title=\"YouTube video player\" allow=\"accelerometer; autoplay; clipboard-write; encrypted-media; gyroscope; picture-in-picture; web-share\" allowfullscreen=\"\" width=\"560\" height=\"315\" frameborder=\"0\"><\/iframe>\n\n\n\n<h2 class=\"wp-block-heading\" id=\"startlisten-zeitplan-live-ergebnisse\">Startlisten \/ Zeitplan \/ Live-Ergebnisse<\/h2>\n\n\n\n<p><a rel=\"noreferrer noopener\" href=\"https:\/\/red.laportal.net\/Competitions\/Details\/8953\" target=\"_blank\">Jugend-Hallen-DM Dortmund 2023 | Live-Ergebnisse \/ Zeitplan \/ Startlisten<\/a><br \/><a href=\"https:\/\/dateien.leichtathletik.de\/dateien\/23D00000000000002\/Ausschreibung.pdf\" target=\"_blank\" rel=\"noreferrer noopener\">Jugend-Hallen-DM Dortmund 2023 | Zeitplan Seite 4\/5 (PDF)<\/a><br \/><a rel=\"noreferrer noopener\" href=\"https:\/\/dateien.leichtathletik.de\/dateien\/23D00000000000002\/Teilnehmerinnen-Liste.pdf\" target=\"_blank\">Jugend-Hallen-DM Dortmund 2023 | Meldeliste (PDF)<\/a><\/p>\n\n\n\n<h2 class=\"wp-block-heading\" id=\"videos-interviews\">Videos \/ Interviews<\/h2>\n\n\n\n<p><a href=\"https:\/\/www.leichtathletik.de\/news\/news\/detail\/77711-dortmund-rueckschau-die-finalentscheidungen-beider-meisterschaften-im-video\" target=\"_blank\" rel=\"noreferrer noopener\">Leichtathletik.de | Dortmund-R\u00fcckschau: Die Final-Entscheidungen beider Meisterschaften im Video<\/a><\/p>\n\n\n\n<p><a rel=\"noreferrer noopener\" href=\"https:\/\/www.youtube.com\/playlist?list=PLvfcOjrYDJhqY8wE6NL7Zpgyi9vCLvC3a\" target=\"_blank\">Jugend-Hallen-DM 2023 Dortmund | Youtube Playliste<\/a><\/p>\n\n\n\n<iframe loading=\"lazy\" src=\"https:\/\/www.youtube.com\/embed\/videoseries?list=PLvfcOjrYDJhqY8wE6NL7Zpgyi9vCLvC3a\" title=\"YouTube video player\" allow=\"accelerometer; autoplay; clipboard-write; encrypted-media; gyroscope; picture-in-picture; web-share\" allowfullscreen=\"\" width=\"560\" height=\"315\" frameborder=\"0\"><\/iframe>\n\n\n\n<h2 class=\"wp-block-heading\" id=\"bericht\">Bericht<\/h2>\n\n\n\n<h3 class=\"wp-block-heading\" id=\"tag-1\">Tag 1<\/h3>\n\n\n\n<p><a rel=\"noreferrer noopener\" href=\"https:\/\/www.leichtathletik.de\/news\/news\/detail\/77701-maennliche-jugend-tag-1-hendrik-mueller-und-nils-leifert-begeistern\" target=\"_blank\">Leichtathletik.de | M\u00e4nnliche Jugend Tag 1 | Hendrik M\u00fcller und Nils Leifert begeistern<\/a><br \/><a rel=\"noreferrer noopener\" href=\"https:\/\/www.leichtathletik.de\/news\/news\/detail\/77700-weibliche-jugend-tag-1-favoritinnen-setzen-sich-durch\" target=\"_blank\">Leichtathletik.de | Weibliche Jugend Tag 1 | Favoritinnen setzen sich durch<\/a><br \/><a rel=\"noreferrer noopener\" href=\"https:\/\/www.leichtathletik.de\/news\/news\/detail\/77698-wattenscheider-trio-um-marius-probst-holt-sich-den-langstaffel-sieg\" target=\"_blank\">Leichtathletik.de | Wattenscheider Trio um Marius Probst holt sich den Langstaffel-Sieg<\/a><\/p>\n\n\n\n<h3 class=\"wp-block-heading\" id=\"tag-2\">Tag 2<\/h3>\n\n\n\n<p><a rel=\"noreferrer noopener\" href=\"https:\/\/www.leichtathletik.de\/news\/news\/detail\/77705-maennliche-jugend-tag-2-laeufer-liefern-sich-packende-fights\" target=\"_blank\">Leichtathletik.de | M\u00e4nnliche Jugend Tag 2 | L\u00e4ufer liefern sich packende Fights<\/a><br \/><a rel=\"noreferrer noopener\" href=\"https:\/\/www.leichtathletik.de\/news\/news\/detail\/77704-weibliche-jugend-tag-2-johanna-goering-souveraen-rosina-schneider-raeumt-zweiten-titel-ab\" target=\"_blank\">Leichtathletik.de | Weibliche Jugend Tag 2 | Johanna G\u00f6ring souver\u00e4n, Rosina Schneider r\u00e4umt zweiten Titel ab<\/a><br \/><a href=\"https:\/\/www.leichtathletik.de\/news\/news\/detail\/77710-hendrik-mueller-da-kommt-noch-mehr\" target=\"_blank\" rel=\"noreferrer noopener\">Leichtathletik.de | Hendrik M\u00fcller: \u201eDa kommt noch mehr!\u201c<\/a><\/p>\n","protected":false},"excerpt":{"rendered":"<p>Jugend-Hallen-DM Dortmund 2023 Vorschau Am Samstag und Sonntag \u00fcbertr\u00e4gt der DLV die Jugend-Hallen-DM live aus Dortmund nur eine Woche nach der DM der Aktiven. Leichtathletik.de | Dortmund l\u00e4dt Nachwuchs-Elite zur Talentschau Livestream &#8211; 25.\/26.02.2023 ab 10:25\/10:15 Uhr Jugend-Hallen-DM Dortmund 2023 <a class=\"more-link\" href=\"https:\/\/trackandfield.bplaced.net\/blog\/2023\/02\/deutsche-jugend-hallen-meisterschaften-jugend-hallen-dm-dortmund-2023-livestream-startlisten-zeitplan-live-ergebnisse\/\"><span class=\"screen-reader-text\">  Deutsche Jugend-Hallen-Meisterschaften (Jugend-Hallen-DM) Dortmund 2023 &#8211; Livestream \/ Startlisten \/ Zeitplan \/ Live-Ergebnisse<\/span> weiterlesen<span class=\"meta-nav\">&rarr;<\/span><\/a><\/p>\n","protected":false},"author":1,"featured_media":0,"comment_status":"closed","ping_status":"closed","sticky":false,"template":"","format":"standard","meta":{"footnotes":""},"categories":[7],"tags":[1909,3592,2153,140],"class_list":["post-31214","post","type-post","status-publish","format-standard","hentry","category-international","tag-dortmund","tag-jolanda-kallabis","tag-jugend-dm","tag-livestream"],"_links":{"self":[{"href":"https:\/\/trackandfield.bplaced.net\/blog\/wp-json\/wp\/v2\/posts\/31214","targetHints":{"allow":["GET"]}}],"collection":[{"href":"https:\/\/trackandfield.bplaced.net\/blog\/wp-json\/wp\/v2\/posts"}],"about":[{"href":"https:\/\/trackandfield.bplaced.net\/blog\/wp-json\/wp\/v2\/types\/post"}],"author":[{"embeddable":true,"href":"https:\/\/trackandfield.bplaced.net\/blog\/wp-json\/wp\/v2\/users\/1"}],"replies":[{"embeddable":true,"href":"https:\/\/trackandfield.bplaced.net\/blog\/wp-json\/wp\/v2\/comments?post=31214"}],"version-history":[{"count":5,"href":"https:\/\/trackandfield.bplaced.net\/blog\/wp-json\/wp\/v2\/posts\/31214\/revisions"}],"predecessor-version":[{"id":31235,"href":"https:\/\/trackandfield.bplaced.net\/blog\/wp-json\/wp\/v2\/posts\/31214\/revisions\/31235"}],"wp:attachment":[{"href":"https:\/\/trackandfield.bplaced.net\/blog\/wp-json\/wp\/v2\/media?parent=31214"}],"wp:term":[{"taxonomy":"category","embeddable":true,"href":"https:\/\/trackandfield.bplaced.net\/blog\/wp-json\/wp\/v2\/categories?post=31214"},{"taxonomy":"post_tag","embeddable":true,"href":"https:\/\/trackandfield.bplaced.net\/blog\/wp-json\/wp\/v2\/tags?post=31214"}],"curies":[{"name":"wp","href":"https:\/\/api.w.org\/{rel}","templated":true}]}}