{"id":31221,"date":"2023-02-25T23:08:00","date_gmt":"2023-02-25T22:08:00","guid":{"rendered":"http:\/\/trackandfield.bplaced.net\/?p=31221"},"modified":"2023-04-14T22:25:33","modified_gmt":"2023-04-14T20:25:33","slug":"pole-vault-all-star-perche-clermont-ferrand-2023-livestream-live-ergebnisse-zeitplan-startlisten","status":"publish","type":"post","link":"https:\/\/trackandfield.bplaced.net\/blog\/2023\/02\/pole-vault-all-star-perche-clermont-ferrand-2023-livestream-live-ergebnisse-zeitplan-startlisten\/","title":{"rendered":"Pole Vault (All Star Perche) Clermont-Ferrand 2023 &#8211; Livestream \/ Live-Ergebnisse \/ Zeitplan \/ Startlisten"},"content":{"rendered":"\n<h1 class=\"wp-block-heading\"><a rel=\"noreferrer noopener\" href=\"https:\/\/www.allstarperche.net\/\" target=\"_blank\">All Star Perche Clermont-Ferrand<\/a><\/h1>\n\n\n\n<h2 class=\"wp-block-heading\">Vorschau<\/h2>\n\n\n\n<p>Armand Mondo Duplantis beendete seine Hallensaison beim All Star Perche in Clermont-Ferrand mit neuem Weltrekord von 6,22m im Stabhochsprung.<\/p>\n\n\n\n<h2 class=\"wp-block-heading\">Livestream 25.02.2023 ab 19:30 Uhr<\/h2>\n\n\n\n<h3 class=\"wp-block-heading\">Geoblock FRA<\/h3>\n\n\n\n<p><a href=\"https:\/\/athletv.fr\/sportitemset\/63d2b0a33d86111164702d0a\" target=\"_blank\" rel=\"noreferrer noopener\">Pole Vault (Perche) Elite Tour Quartus Clermont-Ferrand | Livestream (Athletv.fr)<\/a><\/p>\n\n\n\n<h3 class=\"wp-block-heading\">Geoblock SWE<\/h3>\n\n\n\n<p><a href=\"https:\/\/www.svtplay.se\/friidrott-stavhoppsgala\" target=\"_blank\" rel=\"noreferrer noopener\">Pole Vault (Perche) Elite Tour Quartus Clermont-Ferrand | Livestream (SVT play)<\/a><\/p>\n\n\n\n<h2 class=\"wp-block-heading\">Ergebnisse<\/h2>\n\n\n\n<p><a href=\"http:\/\/direct.athle.fr\/asp.net\/main.lives\/direct.aspx?competition=274286\" target=\"_blank\" rel=\"noreferrer noopener\">Pole Vault (All Star Perche) Clermont-Ferrand 2023 | Live-Ergebnisse<\/a><\/p>\n\n\n\n<h2 class=\"wp-block-heading\">Video &#8211; der Weltrekord zum Nachsehen<\/h2>\n\n\n\n<iframe loading=\"lazy\" width=\"560\" height=\"315\" src=\"https:\/\/www.youtube.com\/embed\/Ztn045kblfw\" title=\"YouTube video player\" frameborder=\"0\" allow=\"accelerometer; autoplay; clipboard-write; encrypted-media; gyroscope; picture-in-picture; web-share\" allowfullscreen><\/iframe>\n\n\n\n<blockquote class=\"twitter-tweet\" data-dnt=\"true\" data-theme=\"dark\"><p dir=\"ltr\" lang=\"fr\">\ud83d\udea8 \ud835\udc11\ud835\udc04\ud835\udc02\ud835\udc0e\ud835\udc11\ud835\udc03 \ud835\udc03\ud835\udc14 \ud835\udc0c\ud835\udc0e\ud835\udc0d\ud835\udc03\ud835\udc04 ! \ud83c\udf0e<br \/><br \/>\ud83e\udd29 Ph\u00e9nom\u00e9nal ! \ud83c\uddf8\ud83c\uddea Armand Duplantis est sur le toit du monde \u00e0 Clermont-Ferrand en s&#8217;\u00e9levant \u00e0 6\ufe0f\u20e3,2\ufe0f\u20e32\ufe0f\u20e3 m !<br \/><br \/>Il faudra bient\u00f4t relever le plafond ! \ud83d\ude31<br \/><br \/>\ud83d\udcfa Revivez le <a href=\"https:\/\/twitter.com\/AllStarPerche?ref_src=twsrc%5Etfw\">@AllStarPerche<\/a> en \ud835\udde5\ud835\uddd8\ud835\udde3\ud835\udddf\ud835\uddd4\ud835\uddec sur <a href=\"https:\/\/t.co\/xgXE6U6Tof\">https:\/\/t.co\/xgXE6U6Tof<\/a> <a href=\"https:\/\/t.co\/ihgsZ81aoh\">pic.twitter.com\/ihgsZ81aoh<\/a><\/p>\u2014 FFAthl\u00e9tisme (@FFAthletisme) <a href=\"https:\/\/twitter.com\/FFAthletisme\/status\/1629598866696699905?ref_src=twsrc%5Etfw\">February 25, 2023<\/a><\/blockquote> <script async=\"\" src=\"https:\/\/platform.twitter.com\/widgets.js\" charset=\"utf-8\"><\/script>\n\n\n\n<h2 class=\"wp-block-heading\">Bericht<\/h2>\n\n\n\n<p><a href=\"https:\/\/www.leichtathletik.de\/news\/news\/detail\/77702-622-meter-armand-duplantis-beendet-hallensaison-mit-weltrekord\" target=\"_blank\" rel=\"noreferrer noopener\">Leichtathletik.de | 6,22 Meter: Armand Duplantis beendet Hallensaison mit Weltrekord<\/a><\/p>\n\n\n\n<p><a href=\"https:\/\/worldathletics.org\/news\/report\/mondo-duplantis-world-pole-vault-record-622m-clermont-ferrand\" target=\"_blank\" rel=\"noreferrer noopener\">World Athletics | Duplantis breaks world pole vault record with 6.22m in Clermont-Ferrand<\/a><\/p>\n","protected":false},"excerpt":{"rendered":"<p>All Star Perche Clermont-Ferrand Vorschau Armand Mondo Duplantis beendete seine Hallensaison beim All Star Perche in Clermont-Ferrand mit neuem Weltrekord von 6,22m im Stabhochsprung. Livestream 25.02.2023 ab 19:30 Uhr Geoblock FRA Pole Vault (Perche) Elite Tour Quartus Clermont-Ferrand | Livestream <a class=\"more-link\" href=\"https:\/\/trackandfield.bplaced.net\/blog\/2023\/02\/pole-vault-all-star-perche-clermont-ferrand-2023-livestream-live-ergebnisse-zeitplan-startlisten\/\"><span class=\"screen-reader-text\">  Pole Vault (All Star Perche) Clermont-Ferrand 2023 &#8211; Livestream \/ Live-Ergebnisse \/ Zeitplan \/ Startlisten<\/span> weiterlesen<span class=\"meta-nav\">&rarr;<\/span><\/a><\/p>\n","protected":false},"author":1,"featured_media":0,"comment_status":"closed","ping_status":"closed","sticky":false,"template":"","format":"standard","meta":{"footnotes":""},"categories":[7],"tags":[2635,140,101],"class_list":["post-31221","post","type-post","status-publish","format-standard","hentry","category-international","tag-mondo-duplantis","tag-livestream","tag-stabhochsprung"],"_links":{"self":[{"href":"https:\/\/trackandfield.bplaced.net\/blog\/wp-json\/wp\/v2\/posts\/31221","targetHints":{"allow":["GET"]}}],"collection":[{"href":"https:\/\/trackandfield.bplaced.net\/blog\/wp-json\/wp\/v2\/posts"}],"about":[{"href":"https:\/\/trackandfield.bplaced.net\/blog\/wp-json\/wp\/v2\/types\/post"}],"author":[{"embeddable":true,"href":"https:\/\/trackandfield.bplaced.net\/blog\/wp-json\/wp\/v2\/users\/1"}],"replies":[{"embeddable":true,"href":"https:\/\/trackandfield.bplaced.net\/blog\/wp-json\/wp\/v2\/comments?post=31221"}],"version-history":[{"count":5,"href":"https:\/\/trackandfield.bplaced.net\/blog\/wp-json\/wp\/v2\/posts\/31221\/revisions"}],"predecessor-version":[{"id":31470,"href":"https:\/\/trackandfield.bplaced.net\/blog\/wp-json\/wp\/v2\/posts\/31221\/revisions\/31470"}],"wp:attachment":[{"href":"https:\/\/trackandfield.bplaced.net\/blog\/wp-json\/wp\/v2\/media?parent=31221"}],"wp:term":[{"taxonomy":"category","embeddable":true,"href":"https:\/\/trackandfield.bplaced.net\/blog\/wp-json\/wp\/v2\/categories?post=31221"},{"taxonomy":"post_tag","embeddable":true,"href":"https:\/\/trackandfield.bplaced.net\/blog\/wp-json\/wp\/v2\/tags?post=31221"}],"curies":[{"name":"wp","href":"https:\/\/api.w.org\/{rel}","templated":true}]}}