{"id":3130,"date":"2012-09-18T23:56:46","date_gmt":"2012-09-18T21:56:46","guid":{"rendered":"http:\/\/trackandfield.bplaced.net\/?p=3130"},"modified":"2016-10-28T19:47:25","modified_gmt":"2016-10-28T17:47:25","slug":"gunther-matzinger-in-sport-am-sonntag","status":"publish","type":"post","link":"https:\/\/trackandfield.bplaced.net\/blog\/2012\/09\/gunther-matzinger-in-sport-am-sonntag\/","title":{"rendered":"G\u00fcnther Matzinger in Sport am Sonntag"},"content":{"rendered":"<p>F\u00fcr alle Fans von G\u00fcnther Matzinger, die Sport am Sonntag auf ORF 1 am 16.09.2012 vers\u00e4umt haben, gibt es den Beitrag des erfolgreichen Paralympics Athleten hier nochmal:<br \/>\n<iframe loading=\"lazy\" width=\"560\" height=\"315\" src=\"https:\/\/www.youtube.com\/embed\/bBM3ezblM44\" frameborder=\"0\" allowfullscreen><\/iframe><br \/>\nBzw. die Videos von seinen Siegen gibt es etwas weiter unten in einem anderen Blogbeitrag.<br \/>\n<a href=\"http:\/\/trackandfield.bplaced.net\/2012\/09\/gunther-matzinger-im-800m-t46-finale-live-auf-orf-sport-morgen-samstag-um-2200-uhr\/\" title=\"G\u00fcnther Matzinger im 800m T46 Finale \u2013 Live auf ORF Sport+ morgen Samstag um 22:00 Uhr\" target=\"_blank\">G\u00fcnther Matzinger im 800m T46 Finale \u2013 Live auf ORF Sport+ morgen Samstag um 22:00 Uhr<\/a><\/p>\n","protected":false},"excerpt":{"rendered":"<p>F\u00fcr alle Fans von G\u00fcnther Matzinger, die Sport am Sonntag auf ORF 1 am 16.09.2012 vers\u00e4umt haben, gibt es den Beitrag des erfolgreichen Paralympics Athleten hier nochmal: Bzw. die Videos von seinen Siegen gibt es etwas weiter unten in einem <a class=\"more-link\" href=\"https:\/\/trackandfield.bplaced.net\/blog\/2012\/09\/gunther-matzinger-in-sport-am-sonntag\/\"><span class=\"screen-reader-text\">  G\u00fcnther Matzinger in Sport am Sonntag<\/span> weiterlesen<span class=\"meta-nav\">&rarr;<\/span><\/a><\/p>\n","protected":false},"author":1,"featured_media":0,"comment_status":"closed","ping_status":"closed","sticky":false,"template":"","format":"standard","meta":{"footnotes":""},"categories":[8],"tags":[618,619],"class_list":["post-3130","post","type-post","status-publish","format-standard","hentry","category-national","tag-gunther-matzinger","tag-paralympics"],"_links":{"self":[{"href":"https:\/\/trackandfield.bplaced.net\/blog\/wp-json\/wp\/v2\/posts\/3130","targetHints":{"allow":["GET"]}}],"collection":[{"href":"https:\/\/trackandfield.bplaced.net\/blog\/wp-json\/wp\/v2\/posts"}],"about":[{"href":"https:\/\/trackandfield.bplaced.net\/blog\/wp-json\/wp\/v2\/types\/post"}],"author":[{"embeddable":true,"href":"https:\/\/trackandfield.bplaced.net\/blog\/wp-json\/wp\/v2\/users\/1"}],"replies":[{"embeddable":true,"href":"https:\/\/trackandfield.bplaced.net\/blog\/wp-json\/wp\/v2\/comments?post=3130"}],"version-history":[{"count":0,"href":"https:\/\/trackandfield.bplaced.net\/blog\/wp-json\/wp\/v2\/posts\/3130\/revisions"}],"wp:attachment":[{"href":"https:\/\/trackandfield.bplaced.net\/blog\/wp-json\/wp\/v2\/media?parent=3130"}],"wp:term":[{"taxonomy":"category","embeddable":true,"href":"https:\/\/trackandfield.bplaced.net\/blog\/wp-json\/wp\/v2\/categories?post=3130"},{"taxonomy":"post_tag","embeddable":true,"href":"https:\/\/trackandfield.bplaced.net\/blog\/wp-json\/wp\/v2\/tags?post=3130"}],"curies":[{"name":"wp","href":"https:\/\/api.w.org\/{rel}","templated":true}]}}