{"id":31379,"date":"2023-03-31T23:23:00","date_gmt":"2023-03-31T21:23:00","guid":{"rendered":"http:\/\/trackandfield.bplaced.net\/?p=31379"},"modified":"2023-04-02T18:37:52","modified_gmt":"2023-04-02T16:37:52","slug":"42-berlin-halbmarathon-2023-livestream-live-ergebnisse-elitefeld","status":"publish","type":"post","link":"https:\/\/trackandfield.bplaced.net\/blog\/2023\/03\/42-berlin-halbmarathon-2023-livestream-live-ergebnisse-elitefeld\/","title":{"rendered":"42. Berlin Halbmarathon 2023 &#8211; Livestream \/ Live-Ergebnisse \/ Elitefeld"},"content":{"rendered":"\n<h1 class=\"wp-block-heading\"><a rel=\"noreferrer noopener\" href=\"https:\/\/www.generali-berliner-halbmarathon.de\/\" target=\"_blank\">Generali Berliner Halbmarathon<\/a><\/h1>\n\n\n\n<h2 class=\"wp-block-heading\">Vorschau<\/h2>\n\n\n\n<p>Am Sonntag findet der 42. Generali Berliner Halbmarathon am Sonntag statt. Aus \u00f6sterreichischer Sicht sind Markus Hartinger (LTV K\u00f6flach) und Dominik Jandl (SVS-Leichtathletik) wie im Vorjahr auf der Meldeliste. <s>Eva Wutti (Club RunAustria) steigt erstmals nach dem Vereins- und Trainerwechsel wieder ins (internationale) Wettkampfgeschehen ein und wird von Lars Demuth (1. Sportvereinigung Hohe Wand) als Pacemaker begleitet.<\/s><\/p>\n\n\n\n<p>International interessant k\u00f6nnte der Auftritt von Eilish McColgan vor dem London Marathon oder z.B. drei Kenianern mit Bestzeiten knapp \u00fcber 58 Minuten werden. Einige starke Deusche wie Johannes Motschmann, Samuel Fitwi, Hendrik Pfeiffer, Sebastian Hendel, Aaron Bienenfeld, Philipp Pflieger, Tom Gr\u00f6schel, &#8230; sowie Deborah Sch\u00f6neborn, Laura Hottenrot, Blanka D\u00f6rfel, Thea Heim, Jana Soethout und auch Lisa Hahner finden sich auf der Meldeliste unter insgesamt rund 30.000 Starter:innen. Aber auch der Schweizer 10km Meister Morgan Le Guen und weitere starke Schweizer sind gemeldet.<\/p>\n\n\n\n<p><a href=\"https:\/\/www.oelv.at\/de\/newsshow-kurzmeldungen-30.3.2023\" target=\"_blank\" rel=\"noreferrer noopener\">\u00d6LV | Kurzmeldungen (30.3.2023)<\/a><\/p>\n\n\n\n<p><a href=\"https:\/\/www.leichtathletik.de\/news\/news\/detail\/77838-faellt-in-berlin-zum-vierten-mal-in-folge-der-streckenrekord\" target=\"_blank\" rel=\"noreferrer noopener\">Leichtathletik.de | F\u00e4llt in Berlin zum vierten Mal in Folge der Streckenrekord?<\/a><\/p>\n\n\n\n<iframe loading=\"lazy\" src=\"https:\/\/www.youtube.com\/embed\/7GYeNh-D-VU\" title=\"YouTube video player\" allow=\"accelerometer; autoplay; clipboard-write; encrypted-media; gyroscope; picture-in-picture; web-share\" allowfullscreen=\"\" width=\"560\" height=\"315\" frameborder=\"0\"><\/iframe>\n\n\n\n<h2 class=\"wp-block-heading\">Livestream 02.04.2023 ab 9:25? Uhr MESZ<\/h2>\n\n\n\n<p>Es gibt einen Youtube Livestream mit Ren\u00e9 Hiepen als Kommentator.<\/p>\n\n\n\n<p><a rel=\"noreferrer noopener\" href=\"https:\/\/www.youtube.com\/watch?v=Lmkng4jxxHs\" target=\"_blank\">42. Berlin Halbmarathon 2023 | Livestream (Youtube)<\/a><br \/><a href=\"https:\/\/www.facebook.com\/berlinerhalbmarathon\/videos\/874959260273207\/\" target=\"_blank\" rel=\"noreferrer noopener\">42. Berlin Halbmarathon 2023 | Livestream (Facebook)<\/a><\/p>\n\n\n\n<iframe loading=\"lazy\" src=\"https:\/\/www.youtube.com\/embed\/Lmkng4jxxHs\" title=\"YouTube video player\" allow=\"accelerometer; autoplay; clipboard-write; encrypted-media; gyroscope; picture-in-picture; web-share\" allowfullscreen=\"\" width=\"560\" height=\"315\" frameborder=\"0\"><\/iframe>\n\n\n\n<h2 class=\"wp-block-heading\">Live-Ergebnisse \/ Startliste \/ Elitefeld \/ Programmheft<\/h2>\n\n\n\n<p><strong><a href=\"https:\/\/berlinerhm.r.mikatiming.net\/2023\/\" target=\"_blank\" rel=\"noreferrer noopener\">42. Generali Berliner Halbmarathon 2023 | Live-Ergebnisse<\/a><\/strong><br \/><a href=\"https:\/\/berlinerhm.r.mikatiming.net\/2023\/?pid=leaderboard&amp;pidp=leaderboard\" target=\"_blank\" rel=\"noreferrer noopener\">42. Generali Berliner Halbmarathon 2023 | Leaderboard<\/a><br \/><a href=\"https:\/\/berlinerhm.r.mikatiming.net\/2023\/?pid=tracking&amp;pidp=tracking\" target=\"_blank\" rel=\"noreferrer noopener\">42. Generali Berliner Halbmarathon 2023 | Tracking<\/a><\/p>\n\n\n\n<p><a rel=\"noreferrer noopener\" href=\"https:\/\/dateien.leichtathletik.de\/dateien\/23V03900000214601\/Meldeliste.pdf\" target=\"_blank\">42. Generali Berliner Halbmarathon 2023 | Elitefeld (PDF)<\/a><\/p>\n\n\n\n<p><a href=\"https:\/\/programmheft.generali-berliner-halbmarathon.de\/de\/profiles\/2b722f7e7735\/editions\" target=\"_blank\" rel=\"noreferrer noopener\">Berlin Halbmarathon | Programmhefte<\/a><\/p>\n\n\n\n<h2 class=\"wp-block-heading\">Fotos<\/h2>\n\n\n\n<p><a href=\"https:\/\/www.sportograf.com\/en\/event\/9371\" target=\"_blank\" rel=\"noreferrer noopener\">Berlin Halbmarathon 2023 | Sportograf<\/a><\/p>\n\n\n\n<h2 class=\"wp-block-heading\">Videos \/ Pressekonferenzen<\/h2>\n\n\n\n<p><a href=\"https:\/\/www.youtube.com\/watch?v=GNzD2YFcKdg\" target=\"_blank\" rel=\"noreferrer noopener\">42. Berlin Halbmarathon 2023 | Livestream (Pressekonferenz)<\/a><br \/><a href=\"https:\/\/www.youtube.com\/watch?v=bJuMeZiAwX8\" target=\"_blank\" rel=\"noreferrer noopener\">42. Berlin Halbmarathon 2023 | Livestream (Post Race Pressekonferenz)<\/a><\/p>\n\n\n\n<iframe loading=\"lazy\" src=\"https:\/\/www.youtube.com\/embed\/GNzD2YFcKdg\" title=\"YouTube video player\" allow=\"accelerometer; autoplay; clipboard-write; encrypted-media; gyroscope; picture-in-picture; web-share\" allowfullscreen=\"\" width=\"560\" height=\"315\" frameborder=\"0\"><\/iframe>\n<iframe loading=\"lazy\" src=\"https:\/\/www.youtube.com\/embed\/bJuMeZiAwX8\" title=\"YouTube video player\" allow=\"accelerometer; autoplay; clipboard-write; encrypted-media; gyroscope; picture-in-picture; web-share\" allowfullscreen=\"\" width=\"560\" height=\"315\" frameborder=\"0\"><\/iframe>\n\n\n\n<h2 class=\"wp-block-heading\">Bericht<\/h2>\n\n\n\n<p>Markus Hartinger (LTV K\u00f6flach) belegte in 64:14 Platz 27. Dominik Jandl (SVS-Leichtathletik) lief in 66:16 auf Gesamtrang 44.<\/p>\n\n\n\n<p><a href=\"https:\/\/www.leichtathletik.de\/news\/news\/detail\/77843-samuel-fitwi-triumphiert-im-deutschen-dreikampf-landsrekord-fuer-eilish-mccolgan\" target=\"_blank\" rel=\"noreferrer noopener\">Leichtathletik.de | Samuel Fitwi triumphiert im deutschen Dreikampf \u2013 Landesrekord f\u00fcr Eilish McColgan<\/a><\/p>\n","protected":false},"excerpt":{"rendered":"<p>Generali Berliner Halbmarathon Vorschau Am Sonntag findet der 42. Generali Berliner Halbmarathon am Sonntag statt. Aus \u00f6sterreichischer Sicht sind Markus Hartinger (LTV K\u00f6flach) und Dominik Jandl (SVS-Leichtathletik) wie im Vorjahr auf der Meldeliste. Eva Wutti (Club RunAustria) steigt erstmals nach <a class=\"more-link\" href=\"https:\/\/trackandfield.bplaced.net\/blog\/2023\/03\/42-berlin-halbmarathon-2023-livestream-live-ergebnisse-elitefeld\/\"><span class=\"screen-reader-text\">  42. Berlin Halbmarathon 2023 &#8211; Livestream \/ Live-Ergebnisse \/ Elitefeld<\/span> weiterlesen<span class=\"meta-nav\">&rarr;<\/span><\/a><\/p>\n","protected":false},"author":1,"featured_media":0,"comment_status":"closed","ping_status":"closed","sticky":false,"template":"","format":"standard","meta":{"footnotes":""},"categories":[7],"tags":[3725,2623,22,3343,2950,3681,3587,3728,2242,2955,271,1591,3726,3339,3727,2281,656,140,3250,3563,1253,3105,1350,1479,2282],"class_list":["post-31379","post","type-post","status-publish","format-standard","hentry","category-international","tag-aaron-bienenfeld","tag-adrian-lehmann","tag-berlin","tag-blanka-doerfel","tag-deborah-schoeneborn","tag-dominic-lobalu","tag-dominik-jandl","tag-dominik-rolli","tag-eilish-mccolgan","tag-eva-wutti","tag-halbmarathon","tag-hendrik-pfeiffer","tag-jana-soethout","tag-johannes-motschmann","tag-lars-demuth","tag-laura-hottenrott","tag-lisa-hahner","tag-livestream","tag-markus-hartinger","tag-morgan-le-guen","tag-philipp-pflieger","tag-samuel-fitwi","tag-sebastian-hendel","tag-thea-heim","tag-tom-groeschel"],"_links":{"self":[{"href":"https:\/\/trackandfield.bplaced.net\/blog\/wp-json\/wp\/v2\/posts\/31379","targetHints":{"allow":["GET"]}}],"collection":[{"href":"https:\/\/trackandfield.bplaced.net\/blog\/wp-json\/wp\/v2\/posts"}],"about":[{"href":"https:\/\/trackandfield.bplaced.net\/blog\/wp-json\/wp\/v2\/types\/post"}],"author":[{"embeddable":true,"href":"https:\/\/trackandfield.bplaced.net\/blog\/wp-json\/wp\/v2\/users\/1"}],"replies":[{"embeddable":true,"href":"https:\/\/trackandfield.bplaced.net\/blog\/wp-json\/wp\/v2\/comments?post=31379"}],"version-history":[{"count":5,"href":"https:\/\/trackandfield.bplaced.net\/blog\/wp-json\/wp\/v2\/posts\/31379\/revisions"}],"predecessor-version":[{"id":31432,"href":"https:\/\/trackandfield.bplaced.net\/blog\/wp-json\/wp\/v2\/posts\/31379\/revisions\/31432"}],"wp:attachment":[{"href":"https:\/\/trackandfield.bplaced.net\/blog\/wp-json\/wp\/v2\/media?parent=31379"}],"wp:term":[{"taxonomy":"category","embeddable":true,"href":"https:\/\/trackandfield.bplaced.net\/blog\/wp-json\/wp\/v2\/categories?post=31379"},{"taxonomy":"post_tag","embeddable":true,"href":"https:\/\/trackandfield.bplaced.net\/blog\/wp-json\/wp\/v2\/tags?post=31379"}],"curies":[{"name":"wp","href":"https:\/\/api.w.org\/{rel}","templated":true}]}}