{"id":31652,"date":"2023-06-02T23:50:00","date_gmt":"2023-06-02T21:50:00","guid":{"rendered":"http:\/\/trackandfield.bplaced.net\/?p=31652"},"modified":"2023-06-04T00:03:51","modified_gmt":"2023-06-03T22:03:51","slug":"european-10-000m-cup-europacup-pace-2023-livestream-meldelisten-zeitplan","status":"publish","type":"post","link":"https:\/\/trackandfield.bplaced.net\/blog\/2023\/06\/european-10-000m-cup-europacup-pace-2023-livestream-meldelisten-zeitplan\/","title":{"rendered":"European 10.000m Cup (Europacup) Pac\u00e9 2023 &#8211; Livestream \/ Meldelisten \/ Zeitplan"},"content":{"rendered":"\n<h1 class=\"wp-block-heading\"><a rel=\"noreferrer noopener\" href=\"https:\/\/www.european-athletics.org\/competitions\/european-10000-m-cup\/overview\" target=\"_blank\">European 10.000m Cup<\/a><\/h1>\n\n\n\n<h2 class=\"wp-block-heading\">Vorschau<\/h2>\n\n\n\n<p>Andreas Vojta (team2012.at), Dominik Stadlmann (KUS \u00d6BV Pro Team) und Timo Hinterndorfer (DSG Wien) vertreten \u00d6sterreich beim 10.000m Europacup in Pac\u00e9. Die Deutschen Frauen kehren als Titelverteidigerinnen zur\u00fcck.<\/p>\n\n\n\n<p><a rel=\"noreferrer noopener\" href=\"https:\/\/swiss-athletics.ch\/de\/blog\/2023\/05\/30\/schweizer-wollen-auf-der-internationalen-buehne-performen\/\" target=\"_blank\">Swiss Athletics | Schweizer wollen auf der internationalen B\u00fchne performen<\/a><\/p>\n\n\n\n<p><a href=\"https:\/\/www.leichtathletik.de\/news\/news\/detail\/78050-deutsche-langstrecklerinnen-zurueck-an-erfolgsstaette-in-pace\" target=\"_blank\" rel=\"noreferrer noopener\">Leichtathletik.de | Deutsche Langstrecklerinnen zur\u00fcck an Erfolgsst\u00e4tte in Pac\u00e9<\/a><br \/><a rel=\"noreferrer noopener\" href=\"https:\/\/www.leichtathletik.de\/news\/news\/detail\/77989-neun-laeuferinnen-und-laeufer-fuer-10000-meter-europacup-nominiert\" target=\"_blank\">Leichtathletik.de | Neun L\u00e4uferinnen und L\u00e4ufer f\u00fcr 10.000-Meter-Europacup nominiert<\/a><\/p>\n\n\n\n<p><a href=\"https:\/\/www.european-athletics.com\/news\/european-champion-crippa-headlines-european-10-000m-cup-entry-list\" target=\"_blank\" rel=\"noreferrer noopener\">European Athletics | European champion Crippa headlines European 10,000m Cup entry-list<\/a><\/p>\n\n\n\n<h2 class=\"wp-block-heading\">Livestream 03.06.2023 ab 18:15 Uhr<\/h2>\n\n\n\n<ul class=\"wp-block-list\">\n<li>B-Lauf Frauen 18:45 Uhr<\/li>\n\n\n\n<li>B-Lauf M\u00e4nner 19:30 Uhr<\/li>\n\n\n\n<li>A-Lauf Frauen 20:10 Uhr<\/li>\n\n\n\n<li>A-Lauf M\u00e4nner 20:55 Uhr<\/li>\n<\/ul>\n\n\n\n<p><a href=\"https:\/\/www.youtube.com\/watch?v=m3pYxbcuydQ\" target=\"_blank\" rel=\"noreferrer noopener\">European 10.000m Cup Pac\u00e9 2023 | Livestream (EAA Youtube)<\/a><\/p>\n\n\n\n<iframe loading=\"lazy\" width=\"560\" height=\"315\" src=\"https:\/\/www.youtube.com\/embed\/m3pYxbcuydQ\" title=\"YouTube video player\" frameborder=\"0\" allow=\"accelerometer; autoplay; clipboard-write; encrypted-media; gyroscope; picture-in-picture; web-share\" allowfullscreen><\/iframe>\n\n\n\n<h2 class=\"wp-block-heading\">Meldelisten \/ Zeitplan \/ Live-Ergebnisse<\/h2>\n\n\n\n<p><a href=\"https:\/\/pace23results.european-athletics.com\/en\/results\/athletics\/daily-schedule.htm\" target=\"_blank\" rel=\"noreferrer noopener\">European 10.000m Cup Pac\u00e9 2023 | Live-Ergebnisse \/ Zeitplan \/ Startlisten<\/a><\/p>\n\n\n\n<p><a rel=\"noreferrer noopener\" href=\"https:\/\/downloads.european-athletics.com\/1f38037d-cdaa-4495-8275-4d0b12d3d801\/E10.000Cup%202023%20-%20FE%20-%20Athletes%20List%20By%20Event%20and%20SB.pdf\" target=\"_blank\">European 10.000m Cup Pac\u00e9 2023 | Meldeliste SB (PDF)<\/a><br \/><a rel=\"noreferrer noopener\" href=\"https:\/\/downloads.european-athletics.com\/59e52009-8bfe-43da-85cd-1b32d1e8f65f\/E10.000Cup%202023%20-%20FE%20-%20%20Athletes%20List%20By%20Event.pdf\" target=\"_blank\">European 10.000m Cup Pac\u00e9 2023 | Meldeliste L\u00e4nder (PDF)<\/a><br \/><a href=\"https:\/\/48c8d6fe-5fcb-4e1b-bca0-6461506a0f4e.usrfiles.com\/ugd\/48c8d6_d3449ed098ed48138d1227cb874da0ca.pdf\" target=\"_blank\" rel=\"noreferrer noopener\">European 10.000m Cup Pac\u00e9 2023 | Zeitplan (PDF)<\/a><\/p>\n\n\n\n<h2 class=\"wp-block-heading\">Bericht<\/h2>\n\n\n\n<p>Dominik Stadlmann (KUS \u00d6BV Pro Team) belegte in 29:54,23 (PB) Platz 7 im B-Lauf. Andreas Vojta (team2012) lief in 28:55,99 (SB) auf Platz 22 im A-Lauf.<\/p>\n\n\n\n<p><a rel=\"noreferrer noopener\" href=\"https:\/\/swiss-athletics.ch\/de\/blog\/2023\/06\/03\/schweizer-sieg-in-norwegen-viele-erfuellte-nachwuchs-limiten\/\" target=\"_blank\">Swiss Athletics | Pellaud siegt in Bergen, Brand \u00fcberzeugt in Regensburg<\/a><\/p>\n\n\n\n<p><a href=\"https:\/\/www.leichtathletik.de\/news\/news\/detail\/78068-gold-bronze-gold-dlv-laeuferinnen-raeumen-in-pace-ab\" target=\"_blank\" rel=\"noreferrer noopener\">Leichtathletik.de | Gold, Bronze, Gold: DLV-L\u00e4uferinnen r\u00e4umen in Pac\u00e9 ab<\/a><\/p>\n\n\n\n<p><a href=\"https:\/\/www.european-athletics.com\/news\/crippa-and-reh-take-european-10-000m-cup-titles\" target=\"_blank\" rel=\"noreferrer noopener\">European Athletics | Crippa and Reh take European 10,000m Cup titles in Pac\u00e9<\/a><\/p>\n","protected":false},"excerpt":{"rendered":"<p>European 10.000m Cup Vorschau Andreas Vojta (team2012.at), Dominik Stadlmann (KUS \u00d6BV Pro Team) und Timo Hinterndorfer (DSG Wien) vertreten \u00d6sterreich beim 10.000m Europacup in Pac\u00e9. Die Deutschen Frauen kehren als Titelverteidigerinnen zur\u00fcck. Swiss Athletics | Schweizer wollen auf der internationalen <a class=\"more-link\" href=\"https:\/\/trackandfield.bplaced.net\/blog\/2023\/06\/european-10-000m-cup-europacup-pace-2023-livestream-meldelisten-zeitplan\/\"><span class=\"screen-reader-text\">  European 10.000m Cup (Europacup) Pac\u00e9 2023 &#8211; Livestream \/ Meldelisten \/ Zeitplan<\/span> weiterlesen<span class=\"meta-nav\">&rarr;<\/span><\/a><\/p>\n","protected":false},"author":1,"featured_media":0,"comment_status":"closed","ping_status":"closed","sticky":false,"template":"","format":"standard","meta":{"footnotes":""},"categories":[7],"tags":[97,1226,141,2950,3338,600,3560,3763,2890,140,3764,3341,3471],"class_list":["post-31652","post","type-post","status-publish","format-standard","hentry","category-international","tag-10000m","tag-alina-reh","tag-andreas-vojta","tag-deborah-schoeneborn","tag-domenika-mayer","tag-dominik-stadlmann","tag-eva-dieterich","tag-jan-becker","tag-jonathan-dahlke","tag-livestream","tag-malte-propp","tag-nils-voigt","tag-timo-hinterndorfer"],"_links":{"self":[{"href":"https:\/\/trackandfield.bplaced.net\/blog\/wp-json\/wp\/v2\/posts\/31652","targetHints":{"allow":["GET"]}}],"collection":[{"href":"https:\/\/trackandfield.bplaced.net\/blog\/wp-json\/wp\/v2\/posts"}],"about":[{"href":"https:\/\/trackandfield.bplaced.net\/blog\/wp-json\/wp\/v2\/types\/post"}],"author":[{"embeddable":true,"href":"https:\/\/trackandfield.bplaced.net\/blog\/wp-json\/wp\/v2\/users\/1"}],"replies":[{"embeddable":true,"href":"https:\/\/trackandfield.bplaced.net\/blog\/wp-json\/wp\/v2\/comments?post=31652"}],"version-history":[{"count":5,"href":"https:\/\/trackandfield.bplaced.net\/blog\/wp-json\/wp\/v2\/posts\/31652\/revisions"}],"predecessor-version":[{"id":31972,"href":"https:\/\/trackandfield.bplaced.net\/blog\/wp-json\/wp\/v2\/posts\/31652\/revisions\/31972"}],"wp:attachment":[{"href":"https:\/\/trackandfield.bplaced.net\/blog\/wp-json\/wp\/v2\/media?parent=31652"}],"wp:term":[{"taxonomy":"category","embeddable":true,"href":"https:\/\/trackandfield.bplaced.net\/blog\/wp-json\/wp\/v2\/categories?post=31652"},{"taxonomy":"post_tag","embeddable":true,"href":"https:\/\/trackandfield.bplaced.net\/blog\/wp-json\/wp\/v2\/tags?post=31652"}],"curies":[{"name":"wp","href":"https:\/\/api.w.org\/{rel}","templated":true}]}}