{"id":31860,"date":"2023-08-31T14:51:00","date_gmt":"2023-08-31T12:51:00","guid":{"rendered":"http:\/\/trackandfield.bplaced.net\/?p=31860"},"modified":"2026-01-17T11:11:07","modified_gmt":"2026-01-17T10:11:07","slug":"wanda-diamond-league-zuerich-weltklasse-zuerich-2023-livestream-startlisten-zeitplan-ergebnisse","status":"publish","type":"post","link":"https:\/\/trackandfield.bplaced.net\/blog\/2023\/08\/wanda-diamond-league-zuerich-weltklasse-zuerich-2023-livestream-startlisten-zeitplan-ergebnisse\/","title":{"rendered":"Wanda Diamond League Z\u00fcrich (Weltklasse Z\u00fcrich) 2023 &#8211; Livestream \/ Startlisten \/ Zeitplan \/ Ergebnisse"},"content":{"rendered":"\n<h1 class=\"wp-block-heading\"><a href=\"https:\/\/zurich.diamondleague.com\/home\/\" target=\"_blank\" rel=\"noreferrer noopener\">Wanda Diamond League Z\u00fcrich<\/a><\/h1>\n\n\n\n<h2 class=\"wp-block-heading\">Vorschau<\/h2>\n\n\n\n<p>Nach der WM ist vor Weltklasse Z\u00fcrich. Am Donnerstag gibt es das n\u00e4chste Diamond League Meeting im ausverkauften Z\u00fcricher Letzigrund. Am Mittwoch gibt es bereits den Stabhochsprung der Frauen im Z\u00fcricher Bahnhof. Die 4x100m \u00d6LV-Frauenstaffel (Posch, <s>Gogl-Walli, <\/s>Pressler, Lindner, Schuler, Ersatz Standfest) ebenso. Magdalena Lindner (Union St. P\u00f6lten) und Isabel Posch (TS Lustenau) haben auch Startpl\u00e4tze im 100m Vorprogramm erhalten.<\/p>\n\n\n\n<p><a rel=\"noreferrer noopener\" href=\"https:\/\/www.oelv.at\/de\/newsshow-kurzmeldungen-24.8.2023\" target=\"_blank\">\u00d6LV | Kurzmeldungen (24.8.2023)<\/a><br \/><a rel=\"noreferrer noopener\" href=\"https:\/\/www.oelv.at\/de\/newsshow-kurzmeldungen-28.8.2023\" target=\"_blank\">\u00d6LV | Kurzmeldungen (28.8.2023)<\/a><br \/><a href=\"https:\/\/www.oelv.at\/de\/newsshow-kurzmeldungen-31.8.2023\" target=\"_blank\" rel=\"noreferrer noopener\">\u00d6LV | Kurzmeldungen (31.8.2023)<\/a><\/p>\n\n\n\n<p><a href=\"https:\/\/swiss-athletics.ch\/de\/blog\/2023\/08\/29\/grossaufmarsch-der-stars-auf-der-buehne-von-weltklasse-zuerich\/\" target=\"_blank\" rel=\"noreferrer noopener\">Swiss Athletics | Grossaufmarsch der Stars auf der B\u00fchne von Weltklasse Z\u00fcrich<\/a><br \/><a href=\"https:\/\/swiss-athletics.ch\/de\/blog\/2023\/08\/28\/loic-gasch-tritt-nach-weltklasse-zuerich-zurueck\/\" target=\"_blank\" rel=\"noreferrer noopener\">Swiss Athletics | Lo\u00efc Gasch tritt nach Weltklasse Z\u00fcrich zur\u00fcck<\/a><\/p>\n\n\n\n<p><a href=\"https:\/\/www.leichtathletik.de\/news\/news\/detail\/78476-14-weltmeister-geben-sich-in-zuerich-die-ehre-premiere-fuer-olivia-guerth\" target=\"_blank\" rel=\"noreferrer noopener\">Leichtathletik.de | 14 Weltmeister geben sich in Z\u00fcrich die Ehre, Premiere f\u00fcr Olivia G\u00fcrth<\/a><\/p>\n\n\n\n<p><a href=\"https:\/\/worldathletics.org\/competitions\/diamond-league\/news\/zurich-weltklasse-2023-lyles-richardson-rojas-warholm\" target=\"_blank\" rel=\"noreferrer noopener\">World Athletics | Newly crowned world champions out in force in Zurich<\/a><br \/><a rel=\"noreferrer noopener\" href=\"https:\/\/worldathletics.org\/competitions\/diamond-league\/news\/how-follow-watch-diamond-league-2023\" target=\"_blank\">World Athletics | How to follow and watch the Wanda Diamond League meeting in Zurich<\/a><\/p>\n\n\n\n<h2 class=\"wp-block-heading\">Livestream &#8211; 30.\/31.08.2023 ab 20 Uhr MESZ<\/h2>\n\n\n\n<p id=\"block-ff5e0b99-72db-4ce4-bf52-659d8a00db7c\"><a rel=\"noreferrer noopener\" href=\"http:\/\/trackandfield.bplaced.net\/2021\/05\/wanda-diamond-league-bis-2023-in-aut-ger-exklusiv-auf-sky\/\" target=\"_blank\">Sky Sport hat sich die \u00dcbertragungsrechte f\u00fcr Deutschland und \u00d6sterreich gesichert.<\/a><br \/>Dadurch ist der Youtube Stream auch hierzulande geblockt.<\/p>\n\n\n\n<p><a href=\"https:\/\/www.youtube.com\/watch?v=qDtdn_kXNrA\" target=\"_blank\" rel=\"noreferrer noopener\">Wanda Diamond League Z\u00fcrich 2023 | Youtube Livestream<\/a><\/p>\n\n\n\n<h4 class=\"wp-block-heading\">Weltweit<\/h4>\n\n\n\n<p><a href=\"https:\/\/easytelly.eu\/2021\/01\/29\/bbc-two\/\" target=\"_blank\" rel=\"noreferrer noopener\"><strong>Wanda Diamond League Z\u00fcrich 2023 | Livestream BBC Two<\/strong><\/a><\/p>\n\n\n\n<h4 class=\"wp-block-heading\">mit CH-IP<\/h4>\n\n\n\n<p><a href=\"https:\/\/www.srf.ch\/play\/tv\/-\/video\/leichtathletik-diamond-league-weltklasse-zuerich-stabhochsprung-frauen?urn=urn:swisstxt:video:srf:1780977\" target=\"_blank\" rel=\"noreferrer noopener\">Wanda Diamond League Z\u00fcrich 2023 | Livestream SRF Stabhoch Frauen Mittwoch<\/a><br \/><a href=\"https:\/\/www.srf.ch\/play\/tv\/-\/video\/leichtathletik-diamond-league-weltklasse-zuerich?urn=urn:swisstxt:video:srf:1780978\" target=\"_blank\" rel=\"noreferrer noopener\">Wanda Diamond League Z\u00fcrich 2023 | Livestream SRF Donnerstag<\/a><\/p>\n\n\n\n<h4 class=\"wp-block-heading\">mit CAN-IP<\/h4>\n\n\n\n<p><a href=\"https:\/\/www.cbc.ca\/player\/play\/2250920515988\" target=\"_blank\" rel=\"noreferrer noopener\">Wanda Diamond League Z\u00fcrich 2023 | Livestream CBC<\/a><\/p>\n\n\n\n<h4 class=\"wp-block-heading\">mit NOR-IP<\/h4>\n\n\n\n<p><a href=\"https:\/\/tv.nrk.no\/serie\/friidrett\/202308\/MSPO34052123\/avspiller\" target=\"_blank\" rel=\"noreferrer noopener\">Wanda Diamond League Z\u00fcrich 2023 | Livestream NRK<\/a><\/p>\n\n\n\n<h4 class=\"wp-block-heading\">mit CZE-IP ab 22:15 Uhr<\/h4>\n\n\n\n<p><a href=\"https:\/\/www.ceskatelevize.cz\/porady\/15716784853-diamond-league\/223471291013011\/\" target=\"_blank\" rel=\"noreferrer noopener\">Wanda Diamond League Z\u00fcrich 2023 | Livestream CT Sport<\/a><\/p>\n\n\n\n<h4 class=\"wp-block-heading\">mit UK-IP<\/h4>\n\n\n\n<p><a href=\"https:\/\/www.bbc.co.uk\/programmes\/m001q21n\" target=\"_blank\" rel=\"noreferrer noopener\">Wanda Diamond League Z\u00fcrich 2023 | Livestream BBC Two<\/a><\/p>\n\n\n\n<h2 class=\"wp-block-heading\">Startlisten \/ Zeitplan \/ Live-Ergebnisse<\/h2>\n\n\n\n<p><strong><a href=\"https:\/\/zurich.diamondleague.com\/programm-resultate-zurich\/\" target=\"_blank\" rel=\"noreferrer noopener\">Wanda Diamond League Z\u00fcrich 2023 | Startlisten \/ Zeitplan \/ Live-Ergebnisse<\/a><\/strong><\/p>\n\n\n\n<h2 class=\"wp-block-heading\">Fotos<\/h2>\n\n\n\n<p><a href=\"https:\/\/athletix.ch\/photos-2023\/weltklasse-zrich-30-31082023\/\" target=\"_blank\" rel=\"noreferrer noopener\">Athletix.ch | Weltklasse Z\u00fcrich (30.-31.08.2023)<\/a><\/p>\n\n\n\n<h2 class=\"wp-block-heading\">Videos<\/h2>\n\n\n\n<p><a rel=\"noreferrer noopener\" href=\"https:\/\/www.youtube.com\/channel\/UC6PZm2HZT3uOL1Z9F203K4g\" target=\"_blank\">Wanda Diamond League | Youtube Channel<\/a><\/p>\n\n\n\n<p><a rel=\"noreferrer noopener\" href=\"https:\/\/www.youtube.com\/playlist?list=PLV7HCrp49-jzc2Ov-41wbtS7gEtog3mDI\" target=\"_blank\">Diamond League 2023 | Youtube Playliste<\/a><\/p>\n\n\n\n<iframe loading=\"lazy\" width=\"560\" height=\"315\" src=\"https:\/\/www.youtube.com\/embed\/rBK4FolfguQ?list=PLV7HCrp49-jzc2Ov-41wbtS7gEtog3mDI\" title=\"YouTube video player\" frameborder=\"0\" allow=\"accelerometer; autoplay; clipboard-write; encrypted-media; gyroscope; picture-in-picture; web-share\" allowfullscreen><\/iframe>\n\n\n\n<h2 class=\"wp-block-heading\">Bericht<\/h2>\n\n\n\n<p><a rel=\"noreferrer noopener\" href=\"https:\/\/swiss-athletics.ch\/de\/blog\/2023\/08\/30\/angelica-moser-im-zuercher-hb-mit-starken-466-m-auf-platz-4\/\" target=\"_blank\">Swiss Athletics | Angelica Moser im Z\u00fcrcher HB mit starken 4,66 m auf Platz 4<\/a><br \/><a href=\"https:\/\/swiss-athletics.ch\/de\/blog\/2023\/08\/31\/schweizer-stars-zuenden-bei-weltklasse-zuerich-ein-feuerwerk\/\" target=\"_blank\" rel=\"noreferrer noopener\">Swiss Athletics | Schweizer Stars z\u00fcnden bei Weltklasse Z\u00fcrich ein Feuerwerk<\/a><\/p>\n\n\n\n<p><a rel=\"noreferrer noopener\" href=\"https:\/\/www.leichtathletik.de\/news\/news\/detail\/78485-flash-news-des-tages\" target=\"_blank\">Leichtathletik.de | Flash-News des Tages (31.08.2023)<\/a><br \/><a rel=\"noreferrer noopener\" href=\"https:\/\/www.leichtathletik.de\/news\/news\/detail\/78487-richardson-wieder-vorn-warholm-geschlagen-weber-auf-dem-podest\" target=\"_blank\">Leichtathletik.de | Richardson wieder vorn, Warholm geschlagen, Weber auf dem Podest<\/a><br \/><a href=\"https:\/\/www.leichtathletik.de\/news\/news\/detail\/78488-olivia-guerth-und-ein-jahr-voller-hoehepunkte\" target=\"_blank\" rel=\"noreferrer noopener\">Leichtathletik.de | Olivia G\u00fcrth und ein Jahr voller H\u00f6hepunkte<\/a><\/p>\n\n\n\n<p><a rel=\"noreferrer noopener\" href=\"https:\/\/worldathletics.org\/competitions\/diamond-league\/news\/zurich-weltklasse-pole-vault-2023-kennedy\" target=\"_blank\">World Athletics | Kennedy goes solo to win pole vault in Zurich as Diamond League resumes<\/a><br \/><a href=\"https:\/\/worldathletics.org\/competitions\/diamond-league\/news\/zurich-weltklasse-2023-lyles-richardson-mcmaster\" target=\"_blank\" rel=\"noreferrer noopener\">World Athletics | Lyles among nine victorious world champions in Zurich<\/a><\/p>\n","protected":false},"excerpt":{"rendered":"<p>Wanda Diamond League Z\u00fcrich Vorschau Nach der WM ist vor Weltklasse Z\u00fcrich. Am Donnerstag gibt es das n\u00e4chste Diamond League Meeting im ausverkauften Z\u00fcricher Letzigrund. Am Mittwoch gibt es bereits den Stabhochsprung der Frauen im Z\u00fcricher Bahnhof. Die 4x100m \u00d6LV-Frauenstaffel <a class=\"more-link\" href=\"https:\/\/trackandfield.bplaced.net\/blog\/2023\/08\/wanda-diamond-league-zuerich-weltklasse-zuerich-2023-livestream-startlisten-zeitplan-ergebnisse\/\"><span class=\"screen-reader-text\">  Wanda Diamond League Z\u00fcrich (Weltklasse Z\u00fcrich) 2023 &#8211; Livestream \/ Startlisten \/ Zeitplan \/ Ergebnisse<\/span> weiterlesen<span class=\"meta-nav\">&rarr;<\/span><\/a><\/p>\n","protected":false},"author":1,"featured_media":0,"comment_status":"closed","ping_status":"closed","sticky":false,"template":"","format":"standard","meta":{"footnotes":""},"categories":[7],"tags":[3222,3506,3055,232,3090,3508,3306,1748,2991,3045,3190,2098,3056,2649,3809,2774,140,3513,3059,2116,3093,3731,1742,3608,2925,3279,601,3068,3278,371,3504,1244],"class_list":["post-31860","post","type-post","status-publish","format-standard","hentry","category-international","tag-alica-schmidt","tag-audrey-werro","tag-dany-brand","tag-diamondleague","tag-ditaji-kambundji","tag-finley-gaio","tag-geraldine-frey","tag-isabel-posch","tag-jason-joseph","tag-jonas-raess","tag-joshua-hartmann","tag-julian-weber","tag-julien-bonvin","tag-lena-pressler","tag-lenia-standfest","tag-lionel-spitz","tag-livestream","tag-loic-gasch","tag-lore-hoffmann","tag-magdalena-lindner","tag-melissa-gutschmidt","tag-mohamed-abdilaahi","tag-mujinga-kambundji","tag-olivia-guerth","tag-ricky-petrucciani","tag-simon-ehammer","tag-susanne-gogl-walli","tag-tobias-potye","tag-tom-elmer","tag-weltklasse-zurich","tag-william-reais","tag-zuerich"],"_links":{"self":[{"href":"https:\/\/trackandfield.bplaced.net\/blog\/wp-json\/wp\/v2\/posts\/31860","targetHints":{"allow":["GET"]}}],"collection":[{"href":"https:\/\/trackandfield.bplaced.net\/blog\/wp-json\/wp\/v2\/posts"}],"about":[{"href":"https:\/\/trackandfield.bplaced.net\/blog\/wp-json\/wp\/v2\/types\/post"}],"author":[{"embeddable":true,"href":"https:\/\/trackandfield.bplaced.net\/blog\/wp-json\/wp\/v2\/users\/1"}],"replies":[{"embeddable":true,"href":"https:\/\/trackandfield.bplaced.net\/blog\/wp-json\/wp\/v2\/comments?post=31860"}],"version-history":[{"count":5,"href":"https:\/\/trackandfield.bplaced.net\/blog\/wp-json\/wp\/v2\/posts\/31860\/revisions"}],"predecessor-version":[{"id":40093,"href":"https:\/\/trackandfield.bplaced.net\/blog\/wp-json\/wp\/v2\/posts\/31860\/revisions\/40093"}],"wp:attachment":[{"href":"https:\/\/trackandfield.bplaced.net\/blog\/wp-json\/wp\/v2\/media?parent=31860"}],"wp:term":[{"taxonomy":"category","embeddable":true,"href":"https:\/\/trackandfield.bplaced.net\/blog\/wp-json\/wp\/v2\/categories?post=31860"},{"taxonomy":"post_tag","embeddable":true,"href":"https:\/\/trackandfield.bplaced.net\/blog\/wp-json\/wp\/v2\/tags?post=31860"}],"curies":[{"name":"wp","href":"https:\/\/api.w.org\/{rel}","templated":true}]}}