{"id":3256,"date":"2012-10-22T07:14:20","date_gmt":"2012-10-22T05:14:20","guid":{"rendered":"http:\/\/trackandfield.bplaced.net\/?p=3256"},"modified":"2012-10-22T22:56:22","modified_gmt":"2012-10-22T20:56:22","slug":"zehnkampfunion","status":"publish","type":"post","link":"https:\/\/trackandfield.bplaced.net\/blog\/2012\/10\/zehnkampfunion\/","title":{"rendered":"Zehnkampfunion"},"content":{"rendered":"<p><a href=\"http:\/\/derstandard.at\/1350258756680\/Die-jungen-Meister-der-alten-Werthners\" title=\"derstandard.at | Die jungen Meister der alten Werthners\" target=\"_blank\">derstandard.at | Die jungen Meister der alten Werthners<\/a><\/p>\n<p>Man kann es so sehen oder aber auch das die Dichte in \u00d6sterreich einfach so gering ist, dass zum Beispiel eine sehr gute, junge 400m L\u00e4uferin auch mit Medaillenhoffnungen (z.B.: Platz 2 und 3) \u00fcber die 5km Gehen ins Rennen geht und damit wertvolle Punkte f\u00fcr die wichtige <a href=\"http:\/\/www.oelv.at\/lists\/cuppoints.php\" title=\"\u00d6LV Cupwertung\" target=\"_blank\">\u00d6LV-Cupwertung<\/a> brachte.<br \/>\nVon einem Comeback von <a href=\"http:\/\/trackandfield.bplaced.net\/2012\/03\/was-macht-clemens-zeller-upate\/\" title=\"Was macht Clemens Zeller [Upate]\" target=\"_blank\">Clemens Zeller<\/a> h\u00f6rt man derzeit noch immer relativ wenig. \ud83d\ude09<\/p>\n","protected":false},"excerpt":{"rendered":"<p>derstandard.at | Die jungen Meister der alten Werthners Man kann es so sehen oder aber auch das die Dichte in \u00d6sterreich einfach so gering ist, dass zum Beispiel eine sehr gute, junge 400m L\u00e4uferin auch mit Medaillenhoffnungen (z.B.: Platz 2 <a class=\"more-link\" href=\"https:\/\/trackandfield.bplaced.net\/blog\/2012\/10\/zehnkampfunion\/\"><span class=\"screen-reader-text\">  Zehnkampfunion<\/span> weiterlesen<span class=\"meta-nav\">&rarr;<\/span><\/a><\/p>\n","protected":false},"author":1,"featured_media":0,"comment_status":"closed","ping_status":"closed","sticky":false,"template":"","format":"standard","meta":{"footnotes":""},"categories":[8],"tags":[601,653],"class_list":["post-3256","post","type-post","status-publish","format-standard","hentry","category-national","tag-susanne-gogl-walli","tag-werthner"],"_links":{"self":[{"href":"https:\/\/trackandfield.bplaced.net\/blog\/wp-json\/wp\/v2\/posts\/3256","targetHints":{"allow":["GET"]}}],"collection":[{"href":"https:\/\/trackandfield.bplaced.net\/blog\/wp-json\/wp\/v2\/posts"}],"about":[{"href":"https:\/\/trackandfield.bplaced.net\/blog\/wp-json\/wp\/v2\/types\/post"}],"author":[{"embeddable":true,"href":"https:\/\/trackandfield.bplaced.net\/blog\/wp-json\/wp\/v2\/users\/1"}],"replies":[{"embeddable":true,"href":"https:\/\/trackandfield.bplaced.net\/blog\/wp-json\/wp\/v2\/comments?post=3256"}],"version-history":[{"count":0,"href":"https:\/\/trackandfield.bplaced.net\/blog\/wp-json\/wp\/v2\/posts\/3256\/revisions"}],"wp:attachment":[{"href":"https:\/\/trackandfield.bplaced.net\/blog\/wp-json\/wp\/v2\/media?parent=3256"}],"wp:term":[{"taxonomy":"category","embeddable":true,"href":"https:\/\/trackandfield.bplaced.net\/blog\/wp-json\/wp\/v2\/categories?post=3256"},{"taxonomy":"post_tag","embeddable":true,"href":"https:\/\/trackandfield.bplaced.net\/blog\/wp-json\/wp\/v2\/tags?post=3256"}],"curies":[{"name":"wp","href":"https:\/\/api.w.org\/{rel}","templated":true}]}}