{"id":33298,"date":"2023-09-16T21:50:00","date_gmt":"2023-09-16T19:50:00","guid":{"rendered":"http:\/\/trackandfield.bplaced.net\/?p=33298"},"modified":"2026-01-20T18:00:55","modified_gmt":"2026-01-20T17:00:55","slug":"filmtipp-born-to-fly-the-mondo-duplantis-story-immer-hoeher-auf-sky","status":"publish","type":"post","link":"https:\/\/trackandfield.bplaced.net\/blog\/2023\/09\/filmtipp-born-to-fly-the-mondo-duplantis-story-immer-hoeher-auf-sky\/","title":{"rendered":"Filmtipp: Born to Fly &#8211; The Mondo Duplantis story &#8211; Immer H\u00f6her auf Sky"},"content":{"rendered":"\n<h2 class=\"wp-block-heading\">Vorschau<\/h2>\n\n\n\n<p>Am <s>Freitag nach der \u00dcbertragung des Diamond League Meetings in Br\u00fcssel<\/s> 16. September wird &#8222;Mondo Duplantis: Immer H\u00f6her&#8220; erstmals im deutschsprachigen Raum auf Sky Sport ausgestrahlt. Bislang war die <a rel=\"noreferrer noopener\" href=\"http:\/\/trackandfield.bplaced.net\/2022\/09\/filmtipp-born-to-fly-dokumentation-ueber-mondo-duplantis\/\" data-type=\"post\" data-id=\"30069\" target=\"_blank\">Doku nur in Schwedisch auf SVTplay<\/a> verf\u00fcgbar.<\/p>\n\n\n\n<h2 class=\"wp-block-heading\">Video &#8211; 16.09.2023 ab 23:15 Uhr<\/h2>\n\n\n\n<p><a rel=\"noreferrer noopener\" href=\"https:\/\/www.sky.at\/programm\/sport\/Leichtathletik:-Diamond-League-14160781b\" target=\"_blank\">Mondo Duplantis: Immer H\u00f6her auf Sky Sport<\/a><\/p>\n","protected":false},"excerpt":{"rendered":"<p>Vorschau Am Freitag nach der \u00dcbertragung des Diamond League Meetings in Br\u00fcssel 16. September wird &#8222;Mondo Duplantis: Immer H\u00f6her&#8220; erstmals im deutschsprachigen Raum auf Sky Sport ausgestrahlt. Bislang war die Doku nur in Schwedisch auf SVTplay verf\u00fcgbar. Video &#8211; 16.09.2023 <a class=\"more-link\" href=\"https:\/\/trackandfield.bplaced.net\/blog\/2023\/09\/filmtipp-born-to-fly-the-mondo-duplantis-story-immer-hoeher-auf-sky\/\"><span class=\"screen-reader-text\">  Filmtipp: Born to Fly &#8211; The Mondo Duplantis story &#8211; Immer H\u00f6her auf Sky<\/span> weiterlesen<span class=\"meta-nav\">&rarr;<\/span><\/a><\/p>\n","protected":false},"author":1,"featured_media":0,"comment_status":"closed","ping_status":"closed","sticky":false,"template":"","format":"standard","meta":{"footnotes":""},"categories":[150],"tags":[2635,101],"class_list":["post-33298","post","type-post","status-publish","format-standard","hentry","category-filmtipp","tag-mondo-duplantis","tag-stabhochsprung"],"_links":{"self":[{"href":"https:\/\/trackandfield.bplaced.net\/blog\/wp-json\/wp\/v2\/posts\/33298","targetHints":{"allow":["GET"]}}],"collection":[{"href":"https:\/\/trackandfield.bplaced.net\/blog\/wp-json\/wp\/v2\/posts"}],"about":[{"href":"https:\/\/trackandfield.bplaced.net\/blog\/wp-json\/wp\/v2\/types\/post"}],"author":[{"embeddable":true,"href":"https:\/\/trackandfield.bplaced.net\/blog\/wp-json\/wp\/v2\/users\/1"}],"replies":[{"embeddable":true,"href":"https:\/\/trackandfield.bplaced.net\/blog\/wp-json\/wp\/v2\/comments?post=33298"}],"version-history":[{"count":5,"href":"https:\/\/trackandfield.bplaced.net\/blog\/wp-json\/wp\/v2\/posts\/33298\/revisions"}],"predecessor-version":[{"id":40289,"href":"https:\/\/trackandfield.bplaced.net\/blog\/wp-json\/wp\/v2\/posts\/33298\/revisions\/40289"}],"wp:attachment":[{"href":"https:\/\/trackandfield.bplaced.net\/blog\/wp-json\/wp\/v2\/media?parent=33298"}],"wp:term":[{"taxonomy":"category","embeddable":true,"href":"https:\/\/trackandfield.bplaced.net\/blog\/wp-json\/wp\/v2\/categories?post=33298"},{"taxonomy":"post_tag","embeddable":true,"href":"https:\/\/trackandfield.bplaced.net\/blog\/wp-json\/wp\/v2\/tags?post=33298"}],"curies":[{"name":"wp","href":"https:\/\/api.w.org\/{rel}","templated":true}]}}