{"id":33720,"date":"2023-12-08T21:17:00","date_gmt":"2023-12-08T20:17:00","guid":{"rendered":"http:\/\/trackandfield.bplaced.net\/?p=33720"},"modified":"2023-12-26T11:13:20","modified_gmt":"2023-12-26T10:13:20","slug":"spar-european-cross-country-championships-brussels-cross-em-bruessel-2023-livestream-ergebnisse-startlisten-zeitplan","status":"publish","type":"post","link":"https:\/\/trackandfield.bplaced.net\/blog\/2023\/12\/spar-european-cross-country-championships-brussels-cross-em-bruessel-2023-livestream-ergebnisse-startlisten-zeitplan\/","title":{"rendered":"SPAR European Cross Country Championships Brussels (Cross-EM Br\u00fcssel) 2023 &#8211; Livestream \/ Ergebnisse \/ Startlisten \/ Zeitplan"},"content":{"rendered":"\n<h1 class=\"wp-block-heading\"><a href=\"https:\/\/exchbrussels2023.com\/en\/\" target=\"_blank\" rel=\"noreferrer noopener\">European Cross Country Championships Brussels 2023<\/a><\/h1>\n\n\n\n<h2 class=\"wp-block-heading\">Vorschau<\/h2>\n\n\n\n<p>Der \u00d6LV sendet ein 5-k\u00f6pfiges Team nach Br\u00fcssel. Andreas Vojta (team2012.at) bestreitet dabei seine <a href=\"https:\/\/directus.european-athletics.com\/downloads\/6d610d9c-b6ea-4ed9-b57a-ba712182ac5f\/EXCCH-2022-MASTER_w_COVERS_FINAL.pdf\" target=\"_blank\" rel=\"noreferrer noopener\">14. Cross-EM in Folge<\/a>. Marcel Tobler (ULC Riverside M\u00f6dling), sowie Cordula Lassacher (Atus Knittelfeld) und Lotte Seiler (KSV Alutechnik) starten in der U23. Emil Bezecny (Leichtathletik Akademie Eisenstadt) startet ein letztes Mal in der U20.<\/p>\n\n\n\n<p><a href=\"https:\/\/www.oelv.at\/de\/newsshow-oelv-quintett-bei-der-29.-crosslauf-em-in-bruessel\" target=\"_blank\" rel=\"noreferrer noopener\">\u00d6LV | \u00d6LV-Quintett bei der 29. Crosslauf-EM in Br\u00fcssel<\/a><br \/><a href=\"https:\/\/www.oelv.at\/de\/newsshow-kurzmeldungen-27.11.2023\" target=\"_blank\" rel=\"noreferrer noopener\">\u00d6LV | Kurzmeldungen (27.11.2023)<\/a><\/p>\n\n\n\n<p><a href=\"https:\/\/swiss-athletics.ch\/de\/blog\/2023\/12\/07\/starkes-team-vertritt-die-schweiz-an-der-cross-em-in-bruessel\/\" target=\"_blank\" rel=\"noreferrer noopener\">Swiss Athletics | Starkes Team vertritt die Schweiz an der Cross-EM in Br\u00fcssel<\/a><br \/><a href=\"https:\/\/swiss-athletics.ch\/de\/blog\/2023\/11\/28\/swiss-athletics-selektioniert-17-athletinnen-und-athleten-fuer-die-cross-em\/\" target=\"_blank\" rel=\"noreferrer noopener\">Swiss Athletics | Swiss Athletics selektioniert 17 Athletinnen und Athleten f\u00fcr die Cross-EM<\/a><\/p>\n\n\n\n<p><a href=\"https:\/\/www.leichtathletik.de\/aktuelles\/news\/news-detail\/78800-europas-beste-crosslaeufer-treffen-sich-in-bruessel\" target=\"_blank\" rel=\"noreferrer noopener\">Leichtathletik.de | Europas beste Crossl\u00e4ufer treffen sich in Br\u00fcssel<\/a><br \/><a href=\"https:\/\/www.leichtathletik.de\/aktuelles\/news\/news-detail\/78771-dlv-beruft-26-laeuferinnen-und-laeufer-ins-cross-em-team\" target=\"_blank\" rel=\"noreferrer noopener\">Leichtathletik.de | DLV beruft 26 L\u00e4uferinnen und L\u00e4ufer ins Cross-EM-Team<\/a><\/p>\n\n\n\n<p><a href=\"https:\/\/european-athletics.com\/competitions\/spar-european-cross-country-championships\" target=\"_blank\" rel=\"noreferrer noopener\">European Cross Country Championships | News<\/a><\/p>\n\n\n\n<h2 class=\"wp-block-heading\">Livestream 10.12.2023<\/h2>\n\n\n\n<p>European Athletics \u00fcbertr\u00e4gt wie gewohnt einen Livestream aller Bewerbe f\u00fcr einen gro\u00dfteil von Europa. Geoblocks gibt es in laut Allathletics in BEL\/ESP\/IRL\/ITA\/NOR\/POR\/SLO\/SVK\/UK.<\/p>\n\n\n\n<ul class=\"wp-block-list\">\n<li>U20 Women 5000m &#8211; 12:25 Uhr<\/li>\n\n\n\n<li>U20 Men 5000m &#8211; 12:50 Uhr mit Emil Bezecny (Leichtathletik Akademie Eisenstadt)<\/li>\n\n\n\n<li>Mixed Relay 4x1500m &#8211; 13:10 Uhr<\/li>\n\n\n\n<li>U23 Women 7000m &#8211; 13:35 Uhr mit Cordula Lassacher (Atus Knittelfeld), Lotte Seiler (KSV Alutechnik)<\/li>\n\n\n\n<li>U23 Men 7000m &#8211; 14:05 Uhr mit Marcel Tobler (ULC Riverside M\u00f6dling)<\/li>\n\n\n\n<li>Senior Women 9000m &#8211; 14:35 Uhr<\/li>\n\n\n\n<li>Senior Men 9000m &#8211; 15:15 Uhr mit Andreas Vojta (team2012.at)<\/li>\n<\/ul>\n\n\n\n<p><strong><a href=\"https:\/\/allathletics.tv\/championships\/ea-cross-country-brussels-2023\" target=\"_blank\" rel=\"noreferrer noopener\">European Cross Country Championships Brussels 2023 | Livestream<\/a><\/strong><br \/><a href=\"https:\/\/allathletics.tv\/live?id=6310877048112\" target=\"_blank\" rel=\"noreferrer noopener\">European Cross Country Championships Brussels 2023 | Livestream<\/a><\/p>\n\n\n\n<iframe loading=\"lazy\" src=\"\/\/players.brightcove.net\/6303740237001\/ulxAvhlWW_default\/index.html?videoId=6310877048112\" allowfullscreen=\"\" width=\"560\" height=\"315\" frameborder=\"0\"><\/iframe>\n\n\n\n<h3 class=\"wp-block-heading\">Geoblock UK<\/h3>\n\n\n\n<p>BBC Two zeigt eine einst\u00fcndige <a href=\"https:\/\/www.bbc.co.uk\/programmes\/m001td57\" target=\"_blank\" rel=\"noreferrer noopener\">Zusammenfassung<\/a> am Sonntag ab 18 Uhr. <a href=\"https:\/\/www.bbc.co.uk\/programmes\/m001tf9h\" target=\"_blank\" rel=\"noreferrer noopener\">BBC Red Button (+ Online)<\/a> ist live ab 12:20 Uhr MEZ mit dabei.<\/p>\n\n\n\n<p><a href=\"https:\/\/www.bbc.co.uk\/programmes\/m001tf9h\" target=\"_blank\" rel=\"noreferrer noopener\">European Cross Country Championships Brussels 2023 | Livestream (BBC)<\/a><\/p>\n\n\n\n<h3 class=\"wp-block-heading\">Geoblock ESP\/ITA\/NOR\/POR<\/h3>\n\n\n\n<p><a href=\"https:\/\/tv.nrk.no\/serie\/friidrett\/202312\" target=\"_blank\" rel=\"noreferrer noopener\">European Cross Country Championships Brussel 2023 | Livestream (NRK)<\/a><br \/><a href=\"https:\/\/www.raiplay.it\/dirette\/raisport\/Atletica-Europei-Cross-Bruxelles-add5181a-b7fe-4798-869c-86d5af54f452.html\" target=\"_blank\" rel=\"noreferrer noopener\">European Cross Country Championships Brussels 2023 | Livestream (RAI)<\/a><br \/><a href=\"https:\/\/www.rtp.pt\/programa\/tv\/p44803\" target=\"_blank\" rel=\"noreferrer noopener\">European Cross Country Championships Brussels 2023 | Livestream (RTP2)<\/a><br \/><a href=\"http:\/\/www.rtve.es\/play\/videos\/directo\/deportes\/\" target=\"_blank\" rel=\"noreferrer noopener\">European Cross Country Championships Brussels 2023 | Livestream (RTVE)<\/a><\/p>\n\n\n\n<h2 class=\"wp-block-heading\">Startliste \/ Zeitplan \/ Strecke \/ Live-Ergebnisse<\/h2>\n\n\n\n<p>F\u00fcr Zugriff auf die Live-Ergebnisse ist eine Registrierung bei European Athletics notwendig.<\/p>\n\n\n\n<p><a href=\"https:\/\/live.european-athletics.com\/lrs\/home\" target=\"_blank\" rel=\"noreferrer noopener\">European Cross Country Championships Brussels 2023 | Live-Ergebnisse \/ Startlisten \/ Zeitplan<\/a><br \/><a href=\"https:\/\/brussels23results.european-athletics.com\/en\/results\/athletics\/daily-schedule.htm\" target=\"_blank\" rel=\"noreferrer noopener\">European Cross Country Championships Brussels 2023 | Live-Ergebnisse \/ Startlisten \/ Zeitplan<\/a><br \/><a href=\"https:\/\/brussels23results.european-athletics.com\/en\/results\/athletics\/medal-standings.htm\" data-type=\"link\" data-id=\"https:\/\/brussels23results.european-athletics.com\/en\/results\/athletics\/medal-standings.htm\" target=\"_blank\" rel=\"noreferrer noopener\">European Cross Country Championships Brussels 2023 | Medaillentabelle<\/a><\/p>\n\n\n\n<h3 class=\"wp-block-heading\">Ergebnisse Einzel (PDF)<\/h3>\n\n\n\n<p><a href=\"https:\/\/minotaur.european-athletics.com\/pdf\/BRU2023\/ATH\/BRU2023_ATH_C73K_ATHMCROSS---SENIOR----FNL-000100--.pdf\" data-type=\"link\" data-id=\"https:\/\/minotaur.european-athletics.com\/pdf\/BRU2023\/ATH\/BRU2023_ATH_C73K_ATHMCROSS---SENIOR----FNL-000100--.pdf\" target=\"_blank\" rel=\"noreferrer noopener\">European XC Championships Brussels 2023 | Ergebnisse MAK (PDF)<\/a><br \/><a href=\"https:\/\/minotaur.european-athletics.com\/pdf\/BRU2023\/ATH\/BRU2023_ATH_C73K_ATHMCROSS---U23-------FNL-000100--.pdf\" target=\"_blank\" rel=\"noreferrer noopener\">European XC Championships Brussels 2023 | Ergebnisse MU23 (PDF)<\/a><br \/><a href=\"https:\/\/minotaur.european-athletics.com\/pdf\/BRU2023\/ATH\/BRU2023_ATH_C73K_ATHMCROSS---U20-------FNL-000100--.pdf\" target=\"_blank\" rel=\"noreferrer noopener\">European XC Championships Brussels 2023 | Ergebnisse MU20 (PDF)<\/a><br \/><a href=\"https:\/\/minotaur.european-athletics.com\/pdf\/BRU2023\/ATH\/BRU2023_ATH_C73K_ATHWCROSS---SENIOR----FNL-000100--.pdf\" target=\"_blank\" rel=\"noreferrer noopener\">European XC Championships Brussels 2023 | Ergebnisse WAK (PDF)<\/a><br \/><a href=\"https:\/\/minotaur.european-athletics.com\/pdf\/BRU2023\/ATH\/BRU2023_ATH_C73K_ATHWCROSS---U23-------FNL-000100--.pdf\" target=\"_blank\" rel=\"noreferrer noopener\">European XC Championships Brussels 2023 | Ergebnisse WU23 (PDF)<\/a><br \/><a href=\"https:\/\/minotaur.european-athletics.com\/pdf\/BRU2023\/ATH\/BRU2023_ATH_C73K_ATHWCROSS---U20-------FNL-000100--.pdf\" target=\"_blank\" rel=\"noreferrer noopener\">European XC Championships Brussels 2023 | Ergebnisse WU20 (PDF)<\/a><\/p>\n\n\n\n<p><a href=\"https:\/\/minotaur.european-athletics.com\/pdf\/BRU2023\/ATH\/BRU2023_ATH_C77B_ATHMCROSS---SENIOR----FNL-000100--.pdf\" data-type=\"link\" data-id=\"https:\/\/minotaur.european-athletics.com\/pdf\/BRU2023\/ATH\/BRU2023_ATH_C77B_ATHMCROSS---SENIOR----FNL-000100--.pdf\" target=\"_blank\" rel=\"noreferrer noopener\">European XC Championships Brussels 2023 | Rundenzeiten MAK (PDF)<\/a><br \/><a href=\"https:\/\/minotaur.european-athletics.com\/pdf\/BRU2023\/ATH\/BRU2023_ATH_C77B_ATHMCROSS---U23-------FNL-000100--.pdf\" target=\"_blank\" rel=\"noreferrer noopener\">European XC Championships Brussels 2023 | Rundenzeiten MU23 (PDF)<\/a><br \/><a href=\"https:\/\/minotaur.european-athletics.com\/pdf\/BRU2023\/ATH\/BRU2023_ATH_C77B_ATHMCROSS---U20-------FNL-000100--.pdf\" target=\"_blank\" rel=\"noreferrer noopener\">European XC Championships Brussels 2023 | Rundenzeiten MU20 (PDF)<\/a><br \/><a href=\"https:\/\/minotaur.european-athletics.com\/pdf\/BRU2023\/ATH\/BRU2023_ATH_C77B_ATHWCROSS---SENIOR----FNL-000100--.pdf\" target=\"_blank\" rel=\"noreferrer noopener\">European XC Championships Brussels 2023 | Rundenzeiten WAK (PDF)<\/a><br \/><a href=\"https:\/\/minotaur.european-athletics.com\/pdf\/BRU2023\/ATH\/BRU2023_ATH_C77B_ATHWCROSS---U23-------FNL-000100--.pdf\" target=\"_blank\" rel=\"noreferrer noopener\">European XC Championships Brussels 2023 | Rundenzeiten WU23 (PDF)<\/a><br \/><a href=\"https:\/\/minotaur.european-athletics.com\/pdf\/BRU2023\/ATH\/BRU2023_ATH_C77B_ATHWCROSS---U20-------FNL-000100--.pdf\" target=\"_blank\" rel=\"noreferrer noopener\">European XC Championships Brussels 2023 | Rundenzeiten WU20 (PDF)<\/a><\/p>\n\n\n\n<h3 class=\"wp-block-heading\">Ergebnisse Mannschaft (PDF)<\/h3>\n\n\n\n<p><a href=\"https:\/\/minotaur.european-athletics.com\/pdf\/BRU2023\/ATH\/BRU2023_ATH_C73X_ATHMCROSST--SENIOR----------------.pdf\" data-type=\"link\" data-id=\"https:\/\/minotaur.european-athletics.com\/pdf\/BRU2023\/ATH\/BRU2023_ATH_C73X_ATHMCROSST--SENIOR----------------.pdf\" target=\"_blank\" rel=\"noreferrer noopener\">European XC Championships Brussels 2023 | Ergebnisse MAK Team<\/a><br \/><a href=\"https:\/\/minotaur.european-athletics.com\/pdf\/BRU2023\/ATH\/BRU2023_ATH_C73X_ATHMCROSST--U23-------------------.pdf\" target=\"_blank\" rel=\"noreferrer noopener\">European XC Championships Brussels 2023 | Ergebnisse MU23 Team<\/a><br \/><a href=\"https:\/\/minotaur.european-athletics.com\/pdf\/BRU2023\/ATH\/BRU2023_ATH_C73X_ATHMCROSST--U20-------------------.pdf\" target=\"_blank\" rel=\"noreferrer noopener\">European XC Championships Brussels 2023 | Ergebnisse MU20 Team<\/a><br \/><a href=\"https:\/\/minotaur.european-athletics.com\/pdf\/BRU2023\/ATH\/BRU2023_ATH_C73X_ATHWCROSST--SENIOR----------------.pdf\" target=\"_blank\" rel=\"noreferrer noopener\">European XC Championships Brussels 2023 | Ergebnisse WAK Team<\/a><br \/><a href=\"https:\/\/minotaur.european-athletics.com\/pdf\/BRU2023\/ATH\/BRU2023_ATH_C73X_ATHWCROSST--U23-------------------.pdf\" target=\"_blank\" rel=\"noreferrer noopener\">European XC Championships Brussels 2023 | Ergebnisse WU23 Team<\/a><br \/><a href=\"https:\/\/minotaur.european-athletics.com\/pdf\/BRU2023\/ATH\/BRU2023_ATH_C73X_ATHWCROSST--U20-------------------.pdf\" target=\"_blank\" rel=\"noreferrer noopener\">European XC Championships Brussels 2023 | Ergebnisse WU20 Team<\/a><br \/><a href=\"https:\/\/minotaur.european-athletics.com\/pdf\/BRU2023\/ATH\/BRU2023_ATH_C73K_ATHX4XCROSS-----------FNL-000100--.pdf\" target=\"_blank\" rel=\"noreferrer noopener\">European XC Championships Brussels 2023 | Ergebnisse Mixed Relay<\/a><\/p>\n\n\n\n<p><a href=\"https:\/\/european-athletics.directus.app\/assets\/1a92d054-175f-4370-b4b8-0f739109d114\/EXCH%202023%20-%20Final%20Entries%20Athletes%20List%20By%20Event%20V3.pdf\" target=\"_blank\" rel=\"noreferrer noopener\">European Cross Country Championships Brussels 2023 | Final Entries<\/a><br \/><a href=\"https:\/\/european-athletics.directus.app\/assets\/8f715366-6012-47bc-bdc9-4617fb81aefd\/EXCH2023%20-%20Timetable_20231012.pdf\" target=\"_blank\" rel=\"noreferrer noopener\">European Cross Country Championships Brussels 2023 | Zeitplan (PDF)<\/a><br \/><a href=\"https:\/\/european-athletics.directus.app\/assets\/33cf40a9-bfb2-494a-8ba3-457dd6f89db1\/EXCH2023%20-%20course%20map%20and%20profile.pdf\" target=\"_blank\" rel=\"noreferrer noopener\">European Cross Country Championships Brussels 2023 | Strecke (PDF)<\/a><br \/><a href=\"https:\/\/european-athletics.directus.app\/assets\/2acecc99-3208-4808-9035-e086fefe96c6\/EXCCH-2022.pdf\" target=\"_blank\" rel=\"noreferrer noopener\">European Cross Country Championships | Statistik Handbuch (2023)<\/a><\/p>\n\n\n\n<h2 class=\"wp-block-heading\">Fotos<\/h2>\n\n\n\n<p><a rel=\"noreferrer noopener\" href=\"https:\/\/www.facebook.com\/pg\/EuropeanAthletics\/photos\/\" target=\"_blank\">European Athletics (Facebook) | Fotos<\/a><\/p>\n\n\n\n<p><a href=\"https:\/\/www.flickr.com\/photos\/austrianathletics\/albums\/72177720313193257\" target=\"_blank\" rel=\"noreferrer noopener\">Austrian Athletics (Flickr) | 2023 Cross EM, Br\u00fcssel\/BEL<\/a><br \/><a href=\"https:\/\/athletix.ch\/photos-2023\/european-cross-country-championships-brussels-10122023\/\" target=\"_blank\" rel=\"noreferrer noopener\">Athletix.ch | European Cross Country Championships, Brussels (10.12.2023)<\/a><\/p>\n\n\n\n<p><a href=\"https:\/\/www.facebook.com\/media\/set\/?set=a.10228906220267701&amp;type=3\" target=\"_blank\" rel=\"noreferrer noopener\">Bjorn Paree (Facebook) | 09\/12 : Euro XC Training + Press Conference &#8211; Bruxelles (BEL)<\/a><br \/><a href=\"https:\/\/www.facebook.com\/media\/set\/?vanity=bjorn.paree&amp;set=a.10228915880949212\" target=\"_blank\" rel=\"noreferrer noopener\">Bjorn Paree (Facebook) | 10\/12 : EK Cross &#8211; Bruxelles (BEL)<\/a><\/p>\n\n\n\n<a data-flickr-embed=\"true\" href=\"https:\/\/www.flickr.com\/photos\/austrianathletics\/albums\/72177720313193257\" title=\"2023 Cross EM, Br\u00fcssel\/BEL\"><img loading=\"lazy\" decoding=\"async\" src=\"https:\/\/live.staticflickr.com\/65535\/53379622882_2049e22463_z.jpg\" width=\"640\" height=\"480\" alt=\"2023 Cross EM, Br\u00fcssel\/BEL\"\/><\/a><script async src=\"\/\/embedr.flickr.com\/assets\/client-code.js\" charset=\"utf-8\"><\/script>\n\n\n\n<h2 class=\"wp-block-heading\">Videos<\/h2>\n\n\n\n<p><a href=\"https:\/\/www.youtube.com\/playlist?list=PLDSjlplfuMVbkByQ1r8WuidwEvmT_NEi5\" target=\"_blank\" rel=\"noreferrer noopener\">European Athletics | 2023 &#8211; SPAR European Cross Country Championships (Youtube Playliste)<\/a><\/p>\n\n\n\n<iframe loading=\"lazy\" width=\"560\" height=\"315\" src=\"https:\/\/www.youtube.com\/embed\/E9AeaTT0dy8?si=nBuRHeaFbg4FOuYQ&amp;list=PLDSjlplfuMVbkByQ1r8WuidwEvmT_NEi5\" title=\"YouTube video player\" frameborder=\"0\" allow=\"accelerometer; autoplay; clipboard-write; encrypted-media; gyroscope; picture-in-picture; web-share\" allowfullscreen><\/iframe>\n\n\n\n<p><a href=\"https:\/\/www.youtube.com\/playlist?list=PLV7HCrp49-jww68tIPHEoDkDUySW7LzyK\" target=\"_blank\" rel=\"noreferrer noopener\">Cross EM | Youtube Playliste<\/a><\/p>\n\n\n\n<iframe loading=\"lazy\" src=\"https:\/\/www.youtube.com\/embed\/PxCAEVuXzV0?list=PLV7HCrp49-jww68tIPHEoDkDUySW7LzyK\" title=\"YouTube video player\" allow=\"accelerometer; autoplay; clipboard-write; encrypted-media; gyroscope; picture-in-picture\" allowfullscreen=\"\" width=\"560\" height=\"315\" frameborder=\"0\"><\/iframe>\n\n\n\n<h2 class=\"wp-block-heading\">Bericht<\/h2>\n\n\n\n<p><a href=\"https:\/\/www.oelv.at\/de\/newsshow-platz-42-fuer-vojta-bei-schlammschlacht-in-bruessel\" target=\"_blank\" rel=\"noreferrer noopener\">\u00d6LV | Platz 42 f\u00fcr Vojta bei Schlammschlacht in Br\u00fcssel<\/a><\/p>\n\n\n\n<p><a href=\"https:\/\/swiss-athletics.ch\/de\/blog\/2023\/12\/10\/cross-em-kerber-und-hofer-mit-topplatzierungen\/\" target=\"_blank\" rel=\"noreferrer noopener\">Swiss Athletics | Cross-EM: Kerber und Hofer mit Topplatzierungen<\/a><\/p>\n\n\n\n<p><a href=\"https:\/\/www.leichtathletik.de\/aktuelles\/news\/news-detail\/78804-cross-em-2023-bruessel-zweimal-team-silber-fuer-dlv-nachwuchslaeuferinnen\" target=\"_blank\" rel=\"noreferrer noopener\">Leichtathletik.de | Cross-EM 2023 Br\u00fcssel: Zweimal Team-Silber f\u00fcr DLV-Nachwuchsl\u00e4uferinnen<\/a><\/p>\n\n\n\n<p><a href=\"https:\/\/worldathletics.org\/news\/report\/european-cross-country-brussels-grovdal-schrub\" target=\"_blank\" rel=\"noreferrer noopener\">World Athletics | Grovdal and Schrub win European cross titles in Brussels<\/a><\/p>\n","protected":false},"excerpt":{"rendered":"<p>European Cross Country Championships Brussels 2023 Vorschau Der \u00d6LV sendet ein 5-k\u00f6pfiges Team nach Br\u00fcssel. Andreas Vojta (team2012.at) bestreitet dabei seine 14. Cross-EM in Folge. Marcel Tobler (ULC Riverside M\u00f6dling), sowie Cordula Lassacher (Atus Knittelfeld) und Lotte Seiler (KSV Alutechnik) <a class=\"more-link\" href=\"https:\/\/trackandfield.bplaced.net\/blog\/2023\/12\/spar-european-cross-country-championships-brussels-cross-em-bruessel-2023-livestream-ergebnisse-startlisten-zeitplan\/\"><span class=\"screen-reader-text\">  SPAR European Cross Country Championships Brussels (Cross-EM Br\u00fcssel) 2023 &#8211; Livestream \/ Ergebnisse \/ Startlisten \/ Zeitplan<\/span> weiterlesen<span class=\"meta-nav\">&rarr;<\/span><\/a><\/p>\n","protected":false},"author":1,"featured_media":0,"comment_status":"closed","ping_status":"closed","sticky":false,"template":"","format":"standard","meta":{"footnotes":""},"categories":[7],"tags":[3725,141,3108,3696,396,3255,199,2891,3414,3836,936,3560,3694,140,3018,3604,3413,2751,3697],"class_list":["post-33720","post","type-post","status-publish","format-standard","hentry","category-international","tag-aaron-bienenfeld","tag-andreas-vojta","tag-anneke-vortmeier","tag-benjamin-dern","tag-brussel","tag-cordula-lassacher","tag-cross","tag-elena-burkard","tag-emil-bezecny","tag-emily-junginger","tag-european-cross-country-championships","tag-eva-dieterich","tag-kira-weis","tag-livestream","tag-lotte-seiler","tag-lukas-ehrle","tag-marcel-tobler","tag-markus-goerger","tag-tristan-kaufhold"],"_links":{"self":[{"href":"https:\/\/trackandfield.bplaced.net\/blog\/wp-json\/wp\/v2\/posts\/33720","targetHints":{"allow":["GET"]}}],"collection":[{"href":"https:\/\/trackandfield.bplaced.net\/blog\/wp-json\/wp\/v2\/posts"}],"about":[{"href":"https:\/\/trackandfield.bplaced.net\/blog\/wp-json\/wp\/v2\/types\/post"}],"author":[{"embeddable":true,"href":"https:\/\/trackandfield.bplaced.net\/blog\/wp-json\/wp\/v2\/users\/1"}],"replies":[{"embeddable":true,"href":"https:\/\/trackandfield.bplaced.net\/blog\/wp-json\/wp\/v2\/comments?post=33720"}],"version-history":[{"count":5,"href":"https:\/\/trackandfield.bplaced.net\/blog\/wp-json\/wp\/v2\/posts\/33720\/revisions"}],"predecessor-version":[{"id":34064,"href":"https:\/\/trackandfield.bplaced.net\/blog\/wp-json\/wp\/v2\/posts\/33720\/revisions\/34064"}],"wp:attachment":[{"href":"https:\/\/trackandfield.bplaced.net\/blog\/wp-json\/wp\/v2\/media?parent=33720"}],"wp:term":[{"taxonomy":"category","embeddable":true,"href":"https:\/\/trackandfield.bplaced.net\/blog\/wp-json\/wp\/v2\/categories?post=33720"},{"taxonomy":"post_tag","embeddable":true,"href":"https:\/\/trackandfield.bplaced.net\/blog\/wp-json\/wp\/v2\/tags?post=33720"}],"curies":[{"name":"wp","href":"https:\/\/api.w.org\/{rel}","templated":true}]}}