{"id":33724,"date":"2023-11-30T21:10:00","date_gmt":"2023-11-30T20:10:00","guid":{"rendered":"http:\/\/trackandfield.bplaced.net\/?p=33724"},"modified":"2023-12-04T22:27:27","modified_gmt":"2023-12-04T21:27:27","slug":"maraton-valencia-trinidad-alfonso-valencia-marathon-2023-livestream-ergebnisse-elitefeld","status":"publish","type":"post","link":"https:\/\/trackandfield.bplaced.net\/blog\/2023\/11\/maraton-valencia-trinidad-alfonso-valencia-marathon-2023-livestream-ergebnisse-elitefeld\/","title":{"rendered":"Maraton Valencia Trinidad Alfonso (Valencia Marathon) 2023 &#8211; Livestream \/ Ergebnisse \/ Elitefeld"},"content":{"rendered":"\n<h1 class=\"wp-block-heading\"><a href=\"https:\/\/www.valenciaciudaddelrunning.com\/maraton\/maraton\/\" target=\"_blank\" rel=\"noreferrer noopener\">Maraton Valencia Trinidad Alfonso<\/a><\/h1>\n\n\n\n<h2 class=\"wp-block-heading\">Vorschau<\/h2>\n\n\n\n<p>Julia Mayer (DSG Wien) und Peter Herzog (Union Salzburg) stehen im Elitefeld des Marathons in Valencia am Sonntag. Richard Ringer, Melat Kejeta, Haftom Welday, Rabea Sch\u00f6neborn und Laura Hottenrott sollten aus deutscher Sicht die st\u00e4rksten DLV-Starter:innen sein. Fabienne Schlumpf, Patrick W\u00e4geli und Nicole Egger (Deb\u00fct) d\u00fcrften die st\u00e4rksten Schweizer:innen sein. Kenenisa Bekele startet einen letzten? Versuch Richtung Olympia, Joshua Cheptegei deb\u00fctiert.<\/p>\n\n\n\n<p><a href=\"https:\/\/www.oelv.at\/de\/newsshow-kurzmeldungen-30.11.2023\" target=\"_blank\" rel=\"noreferrer noopener\">\u00d6LV | Kurzmeldungen (30.11.2023)<\/a><\/p>\n\n\n\n<p><a href=\"https:\/\/swiss-athletics.ch\/de\/blog\/2023\/12\/01\/drei-swiss-starters-laufen-am-sonntag-den-valencia-marathon\/\" target=\"_blank\" rel=\"noreferrer noopener\">Swiss Athletics | Drei Swiss Starters laufen am Sonntag den Valencia-Marathon<\/a><\/p>\n\n\n\n<p><a href=\"https:\/\/www.leichtathletik.de\/aktuelles\/news\/news-detail\/78784-deutsches-quintett-auf-norm-jagd-fuer-paris-joshua-cheptegeis-debuet\" target=\"_blank\" rel=\"noreferrer noopener\">Leichtathletik.de | Deutsches Quintett auf Norm-Jagd f\u00fcr Paris, Joshua Cheptegeis Deb\u00fct<\/a><br \/><a href=\"https:\/\/www.leichtathletik.de\/news\/news\/detail\/78734-dlv-asse-haben-in-valencia-und-dubai-olympia-im-blick\" target=\"_blank\" rel=\"noreferrer noopener\">Leichtathletik.de | DLV-Asse haben in Valencia und Dubai Olympia im Blick<\/a><\/p>\n\n\n\n<p><a href=\"https:\/\/worldathletics.org\/news\/preview\/valencia-marathon-2023-cheptegei-bekele-kandie-ayana-dibaba\" target=\"_blank\" rel=\"noreferrer noopener\">World Athletics | Debutant Cheptegei takes on Bekele and Kandie, Ayana faces Dibaba in Valencia<\/a><\/p>\n\n\n\n<p><a href=\"https:\/\/www.letsrun.com\/news\/2023\/11\/2023-valencia-marathon-preview-5k-10k-world-record-holder-joshua-cheptegei-makes-historic-debut\/\" target=\"_blank\" rel=\"noreferrer noopener\">Letsrun | 2023 Valencia Marathon Preview: 5K\/10K World Record Holder Joshua Cheptegei Makes Historic Debut<\/a><\/p>\n\n\n\n\n\n<h2 class=\"wp-block-heading\">TV + Livestream &#8211; 03.12.2023 ab 8 Uhr<\/h2>\n\n\n\n<p>Das Elitefeld startet um 8:15 Uhr. Livestream waren im Vorjahr in Spanisch, Englisch, Franz\u00f6sisch und Deutsch verf\u00fcgbar. <a href=\"https:\/\/www.eurosport.de\/eurosport-live-stream.shtml\" target=\"_blank\" rel=\"noreferrer noopener\">Eurosport 2 Deutschland<\/a> \u00fcbertr\u00e4gt ab 8 Uhr. <a href=\"https:\/\/www.valenciaciudaddelrunning.com\/wp-content\/uploads\/2023\/12\/rights-holders-valencia-marathon-2023.pdf\" target=\"_blank\" rel=\"noreferrer noopener\">Rechteinhaber diverser L\u00e4nder (PDF)<\/a><\/p>\n\n\n\n<h3 class=\"wp-block-heading\">Weltweit<\/h3>\n\n\n\n<p><a href=\"https:\/\/www.valenciaciudaddelrunning.com\/en\/marathon\/maraton\/\" target=\"_blank\" rel=\"noreferrer noopener\"><strong>Maraton Valencia Trinidad Alfonso 2023 | Livestream (Englisch)<\/strong><\/a><\/p>\n\n\n\n<!--<iframe loading=\"lazy\" src=\"https:\/\/player-cdn.tbs.events\/frames\/maratonvalenciaeng.html\" data-src=\"https:\/\/player-cdn.tbs.events\/frames\/maratonvalenciaeng.html\" scrolling=\"auto\" allowfullscreen=\"\" width=\"560px\" height=\"315px\" frameborder=\"0\"><\/iframe>-->\n<iframe loading=\"lazy\" src=\"https:\/\/player.tbs.events\/player\/frames\/maraton-en.html\" data-src=\"https:\/\/player.tbs.events\/player\/frames\/maraton-en.html\" width=\"560px\" height=\"315px\" frameborder=\"0\" scrolling=\"auto\" allowfullscreen><\/iframe>\n\n\n\n<p><a href=\"https:\/\/www.valenciaciudaddelrunning.com\/maraton\/maraton\/\" target=\"_blank\" rel=\"noreferrer noopener\"><strong>Maraton Valencia Trinidad Alfonso 2023 | Livestream (Spanisch)<\/strong><\/a><\/p>\n\n\n\n<iframe loading=\"lazy\" src=\"https:\/\/player.tbs.events\/player\/frames\/maraton-es.html\" data-src=\"https:\/\/player.tbs.events\/player\/frames\/maraton-en.html\" width=\"560px\" height=\"315px\" frameborder=\"0\" scrolling=\"auto\" allowfullscreen><\/iframe>\n\n\n\n<p><a aria-label=\"Maraton Valencia Trinidad Alfonso 2019 | Livestream (\u00c1 Punt) (\u00f6ffnet in neuem Tab)\" href=\"https:\/\/apuntmedia.es\/va\/directe\/tv\" target=\"_blank\" rel=\"noreferrer noopener\">Maraton Valencia Trinidad Alfonso 2023 | Livestream (\u00c1 Punt)<\/a><br \/><a href=\"https:\/\/www.eitb.eus\/es\/deportes\/deporte-en-directo\/\" target=\"_blank\" rel=\"noreferrer noopener\">Maraton Valencia Trinidad Alfonso 2023 | Livestream (Eitb Deportes)<\/a><\/p>\n\n\n\n<h3 class=\"wp-block-heading\">Geoblock AUT?<\/h3>\n\n\n\n<p><a href=\"https:\/\/streamster.tv\/event\/leichtathletik\/valencia-marathon\/\" target=\"_blank\" rel=\"noreferrer noopener\"><strong>Marathon Valencia Trinidad Alfonso 2023 | Livestream (Streamster.tv)<\/strong><\/a><\/p>\n\n\n\n<h3 class=\"wp-block-heading\">Geoblock + Paywall CH<\/h3>\n\n\n\n<p><a href=\"https:\/\/swiss-sport.tv\/2023\/12\/03\/valencia-marathon\/\" target=\"_blank\" rel=\"noreferrer noopener\">Marathon Valencia Trinidad Alfonso 2023 | Livestream (Swiss Sport TV)<\/a><\/p>\n\n\n\n<h3 class=\"wp-block-heading\">Geoblock UK<\/h3>\n\n\n\n<p><a href=\"https:\/\/www.bbc.co.uk\/programmes\/m001t761\" target=\"_blank\" rel=\"noreferrer noopener\">Marathon Valencia Trinidad Alfonso 2023 | Livestream (BBC)<\/a><\/p>\n\n\n\n<h3 class=\"wp-block-heading\">Geoblock ESP<\/h3>\n\n\n\n<p><a aria-label=\"Maraton Valencia Trinidad Alfonso 2019 | Livestream (TDP 8:25-11 Uhr) (\u00f6ffnet in neuem Tab)\" href=\"http:\/\/www.rtve.es\/directo\/teledeporte\/\" target=\"_blank\" rel=\"noreferrer noopener\">Maraton Valencia Trinidad Alfonso 2023 | Livestream (TDP)<\/a><\/p>\n\n\n\n<h3 class=\"wp-block-heading\">Paywall &#8211; Eurosport Player<\/h3>\n\n\n\n<p><a href=\"https:\/\/www.eurosport.de\/leichtathletik\/valencia\/marathon-valencia_brdeurosport-e100268517c0ch20005\/video.shtml\" target=\"_blank\" rel=\"noreferrer noopener\">Marathon Valencia Trinidad Alfonso 2023 | Livestream International (Eurosport Player)<\/a><br \/><a href=\"https:\/\/www.eurosport.de\/leichtathletik\/valencia\/marathon-valencia_brdeurosport-e15318529c0ch2201\/video.shtml\" target=\"_blank\" rel=\"noreferrer noopener\">Marathon Valencia Trinidad Alfonso 2023 | Livestream Deutsch (Eurosport Player)<\/a><\/p>\n\n\n\n<h3 class=\"wp-block-heading\">Geoblock + Paywall US<\/h3>\n\n\n\n<p><a href=\"https:\/\/www.flotrack.org\/articles\/11358593-how-to-watch-2023-valencia-marathon-track-and-field\" target=\"_blank\" rel=\"noreferrer noopener\">Maraton Valencia Trinidad Alfonso 2023 | Livestream (Flotrack)<\/a><\/p>\n\n\n\n<h2 class=\"wp-block-heading\">Ergebnisse \/ Elitefeld \/ Live-Tracking<\/h2>\n\n\n\n<p><a href=\"https:\/\/resultados.valenciaciudaddelrunning.com\/live-results\/marathon\/\" target=\"_blank\" rel=\"noreferrer noopener\"><strong>Maraton Valencia Trinidad Alfonso 2023 | Live-Ergebnisse \/ Tracking (Marathon)<\/strong><\/a><\/p>\n\n\n\n<p><a href=\"https:\/\/resultados.valenciaciudaddelrunning.com\/en\/maraton.php?y=2023\" target=\"_blank\" rel=\"noreferrer noopener\">Maraton Valencia Trinidad Alfonso 2023 | Ergebnisse Marathon<\/a><br \/><a href=\"https:\/\/www.valenciaciudaddelrunning.com\/maraton\/clasificaciones-maraton-2023\/\" target=\"_blank\" rel=\"noreferrer noopener\">Maraton Valencia Trinidad Alfonso 2023 | Ergebnisse Marathon<\/a><\/p>\n\n\n\n<p><a href=\"https:\/\/www.valenciaciudaddelrunning.com\/wp-content\/uploads\/2023\/11\/42k_marathon-entry-list_3011.xlsx.pdf\" target=\"_blank\" rel=\"noreferrer noopener\">Maraton Valencia Trinidad Alfonso 2023 | Elitefeld (PDF)<\/a><\/p>\n\n\n\n<p><a rel=\"noreferrer noopener\" href=\"https:\/\/play.google.com\/store\/apps\/details?id=nl.meetmijntijd.valenciamaraton\" target=\"_blank\">Maraton Valencia Trinidad Alfonso | Live-Tracking (Android)<\/a><br \/><a rel=\"noreferrer noopener\" href=\"https:\/\/apps.apple.com\/es\/app\/marat%C3%B3n-valencia\/id1048640130\" target=\"_blank\">Maraton Valencia Trinidad Alfonso | Live-Tracking (Apple)<\/a><\/p>\n\n\n\n<h2 class=\"wp-block-heading\">Video<\/h2>\n\n\n\n<p><a href=\"https:\/\/www.youtube.com\/playlist?list=PLV7HCrp49-jyUikZ7Rh9WYCZM919wspSn\" target=\"_blank\" rel=\"noreferrer noopener\">Marathon Valencia Trinidad Alfonso | Youtube Playliste<\/a><\/p>\n\n\n\n<iframe loading=\"lazy\" width=\"560\" height=\"315\" src=\"https:\/\/www.youtube.com\/embed\/BdxLL6Hu02Q?si=vLX-JqYlUWJ5KiNQ&amp;list=PLV7HCrp49-jyUikZ7Rh9WYCZM919wspSn\" title=\"YouTube video player\" frameborder=\"0\" allow=\"accelerometer; autoplay; clipboard-write; encrypted-media; gyroscope; picture-in-picture; web-share\" allowfullscreen><\/iframe>\n\n\n\n<h2 class=\"wp-block-heading\">Bericht<\/h2>\n\n\n\n<p><a href=\"https:\/\/www.oelv.at\/de\/newsshow-olympia-limit-und-oelv-rekord-fuer-julia-mayer-in-valenica\" target=\"_blank\" rel=\"noreferrer noopener\">\u00d6LV | Olympia-Limit und \u00d6LV-Rekord f\u00fcr Julia Mayer in Valenica!<\/a><\/p>\n\n\n\n<p><a href=\"https:\/\/swiss-athletics.ch\/de\/blog\/2023\/12\/03\/schlumpf-glaenzt-mit-verbesserung-des-schweizer-rekords-im-marathon\/\" target=\"_blank\" rel=\"noreferrer noopener\">Swiss Athletics | Schlumpf gl\u00e4nzt mit Verbesserung des Schweizer Rekords im Marathon<\/a><\/p>\n\n\n\n<p><a href=\"https:\/\/www.leichtathletik.de\/aktuelles\/news\/news-detail\/78787-richard-ringer-und-laura-hottenrott-unterbieten-mit-bestzeiten-die-olympia-norm\" target=\"_blank\" rel=\"noreferrer noopener\">Leichtathletik.de | Richard Ringer und Laura Hottenrott unterbieten mit Bestzeiten die Olympia-Norm<\/a><\/p>\n\n\n\n<p><a href=\"https:\/\/worldathletics.org\/competitions\/world-athletics-label-road-races\/news\/valencia-marathon-2023-lemma-degefa\" target=\"_blank\" rel=\"noreferrer noopener\">World Athletics | Lemma breaks course record, Degefa dominates in Valencia<\/a><\/p>\n","protected":false},"excerpt":{"rendered":"<p>Maraton Valencia Trinidad Alfonso Vorschau Julia Mayer (DSG Wien) und Peter Herzog (Union Salzburg) stehen im Elitefeld des Marathons in Valencia am Sonntag. Richard Ringer, Melat Kejeta, Haftom Welday, Rabea Sch\u00f6neborn und Laura Hottenrott sollten aus deutscher Sicht die st\u00e4rksten <a class=\"more-link\" href=\"https:\/\/trackandfield.bplaced.net\/blog\/2023\/11\/maraton-valencia-trinidad-alfonso-valencia-marathon-2023-livestream-ergebnisse-elitefeld\/\"><span class=\"screen-reader-text\">  Maraton Valencia Trinidad Alfonso (Valencia Marathon) 2023 &#8211; Livestream \/ Ergebnisse \/ Elitefeld<\/span> weiterlesen<span class=\"meta-nav\">&rarr;<\/span><\/a><\/p>\n","protected":false},"author":1,"featured_media":0,"comment_status":"closed","ping_status":"closed","sticky":false,"template":"","format":"standard","meta":{"footnotes":""},"categories":[7],"tags":[1705,3552,3728,2136,551,3666,1501,2648,53,2281,140,16,3323,3313,2571,943,1423],"class_list":["post-33724","post","type-post","status-publish","format-standard","hentry","category-international","tag-almaz-ayana","tag-armin-flueckiger","tag-dominik-rolli","tag-fabienne-schlumpf-sui","tag-genzebe-dibaba","tag-haftom-welday","tag-joshua-cheptegei","tag-julia-mayer","tag-kenenisa-bekele","tag-laura-hottenrott","tag-livestream","tag-marathon","tag-nicole-egger","tag-patrik-waegeli","tag-peter-herzog","tag-richard-ringer","tag-valencia"],"_links":{"self":[{"href":"https:\/\/trackandfield.bplaced.net\/blog\/wp-json\/wp\/v2\/posts\/33724","targetHints":{"allow":["GET"]}}],"collection":[{"href":"https:\/\/trackandfield.bplaced.net\/blog\/wp-json\/wp\/v2\/posts"}],"about":[{"href":"https:\/\/trackandfield.bplaced.net\/blog\/wp-json\/wp\/v2\/types\/post"}],"author":[{"embeddable":true,"href":"https:\/\/trackandfield.bplaced.net\/blog\/wp-json\/wp\/v2\/users\/1"}],"replies":[{"embeddable":true,"href":"https:\/\/trackandfield.bplaced.net\/blog\/wp-json\/wp\/v2\/comments?post=33724"}],"version-history":[{"count":5,"href":"https:\/\/trackandfield.bplaced.net\/blog\/wp-json\/wp\/v2\/posts\/33724\/revisions"}],"predecessor-version":[{"id":33945,"href":"https:\/\/trackandfield.bplaced.net\/blog\/wp-json\/wp\/v2\/posts\/33724\/revisions\/33945"}],"wp:attachment":[{"href":"https:\/\/trackandfield.bplaced.net\/blog\/wp-json\/wp\/v2\/media?parent=33724"}],"wp:term":[{"taxonomy":"category","embeddable":true,"href":"https:\/\/trackandfield.bplaced.net\/blog\/wp-json\/wp\/v2\/categories?post=33724"},{"taxonomy":"post_tag","embeddable":true,"href":"https:\/\/trackandfield.bplaced.net\/blog\/wp-json\/wp\/v2\/tags?post=33724"}],"curies":[{"name":"wp","href":"https:\/\/api.w.org\/{rel}","templated":true}]}}