{"id":3420,"date":"2012-12-20T23:58:21","date_gmt":"2012-12-20T22:58:21","guid":{"rendered":"http:\/\/trackandfield.bplaced.net\/?p=3420"},"modified":"2016-09-30T02:40:43","modified_gmt":"2016-09-30T00:40:43","slug":"ivona-dadic-uber-sheffield-silvesterlauf-in-peuerbach-mit-o-laufstars","status":"publish","type":"post","link":"https:\/\/trackandfield.bplaced.net\/blog\/2012\/12\/ivona-dadic-uber-sheffield-silvesterlauf-in-peuerbach-mit-o-laufstars\/","title":{"rendered":"Silvesterlauf Peuerbach 2012 mit &#8222;\u00d6-Laufstars&#8220; &#8211; Ivona Dadic \u00fcber Sheffield"},"content":{"rendered":"<h2>Ergebnis<\/h2>\n<p><a href=\"http:\/\/results2.pentek-timing.at\/results\/show_results.php?veranstnr=12062\" title=\"Silvesterlauf Peuerbach 2012 | Ergebnisse\" target=\"_blank\">Silvesterlauf Peuerbach 2012 | Ergebnisse<\/a><\/p>\n<h2>Videos<\/h2>\n<p>ORF Sportbild vom 06.01.2013:<br \/>\n<iframe loading=\"lazy\" width=\"560\" height=\"315\" src=\"https:\/\/www.youtube.com\/embed\/diY_S6QupFY?list=PLaRqCr7PCPyaMGa7PcU8-jpZlBP1XYZv7\" frameborder=\"0\" allowfullscreen><\/iframe><\/p>\n<p><iframe loading=\"lazy\" width=\"560\" height=\"315\" src=\"https:\/\/www.youtube.com\/embed\/7aEpVadsjFc\" frameborder=\"0\" allowfullscreen><\/iframe><\/p>\n<h2>Vorschau<\/h2>\n<p>Ivona Dadic ist derzeit nach dem Training in Sheffield mit Olympiasiegerin Jessica Ennis wieder stark in den Medien vertreten. Auf laola1 gibt es ein Interview wie es ihr ergangen ist. Nat\u00fcrlich berichtet Ivona dar\u00fcber auch auf ihrer Homepage und auf Facebook, f\u00fcr alle die nicht bis zum n\u00e4chsten Zeitungsbericht warten m\u00f6chten.<br \/>\n<a href=\"http:\/\/www.laola1.at\/de\/sport-mix\/mehr-sport\/leichtathletik\/ivona-dadic-in-england\/page\/42094-320-107-180-.html\" title=\"laola1.at | Ivona Dadic bleibt im \"Schlaraffenland\"\" target=\"_blank\">laola1.at | Ivona Dadic bleibt im &#8222;Schlaraffenland&#8220;<\/a><br \/>\n<a href=\"http:\/\/www.kleinezeitung.at\/sport\/mehrsport\/3197080\/adieu-oesterreich-dadic-sieht-glueck-insel.story\" title=\"Kleine Zeitung | Adieu \u00d6sterreich! Dadic sieht ihr Gl\u00fcck auf der Insel\" target=\"_blank\">Kleine Zeitung | Adieu \u00d6sterreich! Dadic sieht ihr Gl\u00fcck auf der Insel<\/a><\/p>\n<p>Bereits vor einiger Zeit konnte der Silvesterlauf in Peuerbach die Verpflichtung von Vorjahressieger Leonard Patrik Komon berichten.<br \/>\n<a href=\"http:\/\/www.silvesterlauf.at\/de\/menu_main\/newsshow-der-deal-ist-perfekt-weltrekord-mann-komon-wieder-in-peuerbach\" title=\"Silvesterlauf.at | Der Deal ist perfekt: Weltrekord-Mann Komon wieder in Peuerbach!\" target=\"_blank\">Silvesterlauf.at | Der Deal ist perfekt: Weltrekord-Mann Komon wieder in Peuerbach!<\/a><br \/>\nBei den Frauen wird heuer auf die schnelle afrikanische Konkurrenz verzichtet und das Rennen soll zwischen den schnellsten Europ\u00e4erinnen entschieden werden. Im Zentrum steht, wie beim Volkslauf, der L\u00e4nderkampf zwischen \u00d6sterreich und Deutschland. F\u00fcr \u00d6sterreich werden laut bisherigen Stand Andrea Mayr, Anita Baierl, Jennifer Wenth, Eva Hieblinger-Sch\u00fctz, Lisa Leutner, Nada Pauer und Martina Winter an den Start gehen.<br \/>\n<a href=\"http:\/\/www.silvesterlauf.at\/de\/menu_main\/newsshow-olympia-laeuferinnen-lassen-das-jahr-2012-in-peuerbach-ausklingen\" title=\"Silvesterlauf.at | Olympia-L\u00e4uferinnen lassen das Jahr 2012 in Peuerbach ausklingen!\" target=\"_blank\">Silvesterlauf.at | Olympia-L\u00e4uferinnen lassen das Jahr 2012 in Peuerbach ausklingen!<\/a><br \/>\n<a href=\"http:\/\/www.silvesterlauf.at\/de\/menu_main\/newsshow-streckenrekordverdaechtig-europameister-fordert--den-weltrekordler\" title=\"Silvesterlauf.at | Streckenrekordverd\u00e4chtig: Europameister fordert den Weltrekordler\" target=\"_blank\">Silvesterlauf.at | Streckenrekordverd\u00e4chtig: Europameister fordert den Weltrekordler<\/a><\/p>\n<p>Bei den Herren darf man sich beim Elitelauf aus \u00f6sterreichischer Sicht auf Lokalmatador G\u00fcnther Weidlinger, Andreas Vojta, Valentin Pfeil, Lukas Pallitsch, Christian Steinhammer, Christian Pfl\u00fcgl, Simon Lechleitner, Markus Sostaric und Christoph Sander freuen.<br \/>\n<a href=\"http:\/\/www.silvesterlauf.at\/de\/menu_main\/newsshow-pressekonferenz-im-kometor-peuerbach-oesterreich-oder-deutschland-peuerbach-sieht-duell-auf-der-strasse\" title=\"Silvesterlauf.at | Pressekonferenz im Kometor Peuerbach: \u00d6sterreich oder Deutschland? Peuerbach sieht \"Duell auf der Stra\u00dfe\"\" target=\"_blank\">Silvesterlauf.at | Pressekonferenz im Kometor Peuerbach: \u00d6sterreich oder Deutschland? Peuerbach sieht &#8222;Duell auf der Stra\u00dfe&#8220;<\/a><br \/>\nWer die Strecke noch nicht kennt, kann sie sich schon mal mit Rekordsieger G\u00fcnther Weidlinger ansehen.<br \/>\n<iframe loading=\"lazy\" width=\"560\" height=\"315\" src=\"https:\/\/www.youtube.com\/embed\/l4QIYi1Kwig\" frameborder=\"0\" allowfullscreen><\/iframe><\/p>\n","protected":false},"excerpt":{"rendered":"<p>Ergebnis Silvesterlauf Peuerbach 2012 | Ergebnisse Videos ORF Sportbild vom 06.01.2013: Vorschau Ivona Dadic ist derzeit nach dem Training in Sheffield mit Olympiasiegerin Jessica Ennis wieder stark in den Medien vertreten. Auf laola1 gibt es ein Interview wie es ihr <a class=\"more-link\" href=\"https:\/\/trackandfield.bplaced.net\/blog\/2012\/12\/ivona-dadic-uber-sheffield-silvesterlauf-in-peuerbach-mit-o-laufstars\/\"><span class=\"screen-reader-text\">  Silvesterlauf Peuerbach 2012 mit &#8222;\u00d6-Laufstars&#8220; &#8211; Ivona Dadic \u00fcber Sheffield<\/span> weiterlesen<span class=\"meta-nav\">&rarr;<\/span><\/a><\/p>\n","protected":false},"author":1,"featured_media":0,"comment_status":"closed","ping_status":"closed","sticky":false,"template":"","format":"standard","meta":{"footnotes":""},"categories":[7,8],"tags":[91,141,189,198,163,103,440,165,15,146,129,313,130,305,555,665,159,464,200,527,463,400,102],"class_list":["post-3420","post","type-post","status-publish","format-standard","hentry","category-international","category-national","tag-andrea-mayr","tag-andreas-vojta","tag-anita-baierl","tag-antje-moldner","tag-christian-pflugl","tag-christian-steinhammer","tag-christoph-sander","tag-eva-hieblinger-schutz","tag-weidlinger","tag-irina-mikitenko","tag-jennifer-wenth","tag-leonard-patrick-komon","tag-lisa-maria-leutner","tag-lukas-pallitsch","tag-markus-sostaric","tag-miranda-boonstra","tag-nada-pauer","tag-peuerbach","tag-silvesterlauf","tag-simon-lechleitner","tag-sonja-stolic","tag-susanne-hahn","tag-valentin-pfeil"],"_links":{"self":[{"href":"https:\/\/trackandfield.bplaced.net\/blog\/wp-json\/wp\/v2\/posts\/3420","targetHints":{"allow":["GET"]}}],"collection":[{"href":"https:\/\/trackandfield.bplaced.net\/blog\/wp-json\/wp\/v2\/posts"}],"about":[{"href":"https:\/\/trackandfield.bplaced.net\/blog\/wp-json\/wp\/v2\/types\/post"}],"author":[{"embeddable":true,"href":"https:\/\/trackandfield.bplaced.net\/blog\/wp-json\/wp\/v2\/users\/1"}],"replies":[{"embeddable":true,"href":"https:\/\/trackandfield.bplaced.net\/blog\/wp-json\/wp\/v2\/comments?post=3420"}],"version-history":[{"count":0,"href":"https:\/\/trackandfield.bplaced.net\/blog\/wp-json\/wp\/v2\/posts\/3420\/revisions"}],"wp:attachment":[{"href":"https:\/\/trackandfield.bplaced.net\/blog\/wp-json\/wp\/v2\/media?parent=3420"}],"wp:term":[{"taxonomy":"category","embeddable":true,"href":"https:\/\/trackandfield.bplaced.net\/blog\/wp-json\/wp\/v2\/categories?post=3420"},{"taxonomy":"post_tag","embeddable":true,"href":"https:\/\/trackandfield.bplaced.net\/blog\/wp-json\/wp\/v2\/tags?post=3420"}],"curies":[{"name":"wp","href":"https:\/\/api.w.org\/{rel}","templated":true}]}}