{"id":34232,"date":"2024-01-27T22:55:00","date_gmt":"2024-01-27T21:55:00","guid":{"rendered":"http:\/\/trackandfield.bplaced.net\/?p=34232"},"modified":"2024-01-28T22:55:18","modified_gmt":"2024-01-28T21:55:18","slug":"x-athletics-meeting-aubiere-2024-livestream-live-ergebnisse-zeitplan-startlisten","status":"publish","type":"post","link":"https:\/\/trackandfield.bplaced.net\/blog\/2024\/01\/x-athletics-meeting-aubiere-2024-livestream-live-ergebnisse-zeitplan-startlisten\/","title":{"rendered":"X-Athletics Meeting Aubi\u00e8re 2024 &#8211; Livestream \/ Live-Ergebnisse \/ Zeitplan \/ Startlisten"},"content":{"rendered":"\n<h1 class=\"wp-block-heading\"><a href=\"https:\/\/www.facebook.com\/XAthletics.Organisation\/\" target=\"_blank\" rel=\"noreferrer noopener\">X-Athletics Meeting<\/a><\/h1>\n\n\n\n<h2 class=\"wp-block-heading\">Vorschau<\/h2>\n\n\n\n<p>Am Samstag und Sonntag findet in Aubi\u00e8re das X-Athletics Meeting (Combined Silver) statt. Verena Mayr (Union Ebensee) und Isabel Posch (TS Lustenau) sind im F\u00fcnfkampf am Sonntag am Start. Simon Ehammer f\u00fchrt das Schweizer Aufgebot an.<\/p>\n\n\n\n<p><a href=\"https:\/\/www.oelv.at\/de\/newsshow-kurzmeldungen-25.1.2024\" target=\"_blank\" rel=\"noreferrer noopener\">\u00d6LV | Kurzmeldungen (25.1.2024)<\/a><\/p>\n\n\n\n<p><a href=\"https:\/\/swiss-athletics.ch\/de\/blog\/2024\/01\/24\/grossaufmarsch-des-schweizer-mehrkampfteams-in-aubiere\/\" target=\"_blank\" rel=\"noreferrer noopener\">Swiss Athletics | Grossaufmarsch des Schweizer Mehrkampfteams in Aubi\u00e8re<\/a><\/p>\n\n\n\n<h2 class=\"wp-block-heading\">Livestream &#8211; 27.\/28.01.2024 ab 12 bzw. 11 Uhr<\/h2>\n\n\n\n<p><a href=\"https:\/\/www.facebook.com\/EuropeanAthletics\/videos\/358662026916078\" target=\"_blank\" rel=\"noreferrer noopener\">X-Athletics Meeting 2024 | Livestream Samstag (Facebook EAA)<\/a><br \/><a href=\"https:\/\/www.facebook.com\/EuropeanAthletics\/videos\/684147217254107\" target=\"_blank\" rel=\"noreferrer noopener\">X-Athletics Meeting 2024 | Livestream Sonntag (Facebook EAA)<\/a><\/p>\n\n\n\n<p><a href=\"https:\/\/athletv.fr\/sportitemset\/6582e23f282506f8bbf9ce78\" target=\"_blank\" rel=\"noreferrer noopener\">X-Athletics Meeting 2024 | Livestream (Athletv.fr)<\/a><\/p>\n\n\n\n<iframe loading=\"lazy\" src=\"https:\/\/www.facebook.com\/plugins\/video.php?height=314&#038;href=https%3A%2F%2Fwww.facebook.com%2FEuropeanAthletics%2Fvideos%2F684147217254107%2F&#038;show_text=false&#038;width=560&#038;t=0\" width=\"560\" height=\"314\" style=\"border:none;overflow:hidden\" scrolling=\"no\" frameborder=\"0\" allowfullscreen=\"true\" allow=\"autoplay; clipboard-write; encrypted-media; picture-in-picture; web-share\" allowFullScreen=\"true\"><\/iframe>\n\n\n\n<h2 class=\"wp-block-heading\">Live-Ergebnisse \/ Startlisten \/ Zeitplan<\/h2>\n\n\n\n<p><a href=\"https:\/\/athle-liveresults.fr\/competitions\/43bca4c9-4593-4d03-b783-fa730c3cf208\/43bca4c9-4593-4d03-b783-fa730c3cf208_SCH_20240127\" target=\"_blank\" rel=\"noreferrer noopener\">X-Athletics Meeting 2024 | Live-Ergebnisse<\/a><br \/><a href=\"https:\/\/www.instagram.com\/xathletics.meeting\/p\/C2ac0Z3IpyI\" target=\"_blank\" rel=\"noreferrer noopener\">X-Athletics Meeting 2024 | Startliste Siebenkampf<\/a><br \/><a href=\"https:\/\/www.instagram.com\/xathletics.meeting\/p\/C2X6Yd0IMwp\/\" target=\"_blank\" rel=\"noreferrer noopener\">X-Athletics Meeting 2024 | Startliste F\u00fcnfkampf<\/a><br \/><a href=\"https:\/\/www.instagram.com\/ffathletisme\/p\/C2aalJOIpmr\/\" target=\"_blank\" rel=\"noreferrer noopener\">X-Athletics Meeting 2024 | Zeitplan<\/a><\/p>\n\n\n\n<h2 class=\"wp-block-heading\">Videos<\/h2>\n\n\n\n<p><a href=\"https:\/\/www.facebook.com\/XAthletics.Organisation\/videos\/\" target=\"_blank\" rel=\"noreferrer noopener\">X-Athletics Meeting 2024 | Videos (Facebook)<\/a><\/p>\n\n\n\n<iframe loading=\"lazy\" src=\"https:\/\/www.facebook.com\/plugins\/video.php?height=314&#038;href=https%3A%2F%2Fwww.facebook.com%2FEuropeanAthletics%2Fvideos%2F358662026916078%2F&#038;show_text=false&#038;width=560&#038;t=0\" width=\"560\" height=\"314\" style=\"border:none;overflow:hidden\" scrolling=\"no\" frameborder=\"0\" allowfullscreen=\"true\" allow=\"autoplay; clipboard-write; encrypted-media; picture-in-picture; web-share\" allowFullScreen=\"true\"><\/iframe>\n\n\n\n<h2 class=\"wp-block-heading\">Bericht<\/h2>\n\n\n\n<p><a href=\"https:\/\/www.oelv.at\/de\/newsshow-mayr-und-posch-mit-guten-leistungen-in-aubiere\" target=\"_blank\" rel=\"noreferrer noopener\">\u00d6LV | Mayr und Posch mit guten Leistungen in Aubiere<\/a><\/p>\n\n\n\n<p><a href=\"https:\/\/swiss-athletics.ch\/de\/blog\/2024\/01\/28\/simon-ehammer-gewinnt-siebenkampf-in-aubiere\/\" target=\"_blank\" rel=\"noreferrer noopener\">Swiss Athletics | Simon Ehammer gewinnt Siebenkampf in Aubi\u00e8re<\/a><\/p>\n","protected":false},"excerpt":{"rendered":"<p>X-Athletics Meeting Vorschau Am Samstag und Sonntag findet in Aubi\u00e8re das X-Athletics Meeting (Combined Silver) statt. Verena Mayr (Union Ebensee) und Isabel Posch (TS Lustenau) sind im F\u00fcnfkampf am Sonntag am Start. Simon Ehammer f\u00fchrt das Schweizer Aufgebot an. \u00d6LV <a class=\"more-link\" href=\"https:\/\/trackandfield.bplaced.net\/blog\/2024\/01\/x-athletics-meeting-aubiere-2024-livestream-live-ergebnisse-zeitplan-startlisten\/\"><span class=\"screen-reader-text\">  X-Athletics Meeting Aubi\u00e8re 2024 &#8211; Livestream \/ Live-Ergebnisse \/ Zeitplan \/ Startlisten<\/span> weiterlesen<span class=\"meta-nav\">&rarr;<\/span><\/a><\/p>\n","protected":false},"author":1,"featured_media":0,"comment_status":"closed","ping_status":"closed","sticky":false,"template":"","format":"standard","meta":{"footnotes":""},"categories":[7],"tags":[3631,3508,2629,1748,1273,140,319,3279,1900,543],"class_list":["post-34232","post","type-post","status-publish","format-standard","hentry","category-international","tag-andrin-huber","tag-finley-gaio","tag-geraldine-ruckstuhl","tag-isabel-posch","tag-katarina-johnson-thompson","tag-livestream","tag-mehrkampf","tag-simon-ehammer","tag-tim-nowak","tag-verena-mayr"],"_links":{"self":[{"href":"https:\/\/trackandfield.bplaced.net\/blog\/wp-json\/wp\/v2\/posts\/34232","targetHints":{"allow":["GET"]}}],"collection":[{"href":"https:\/\/trackandfield.bplaced.net\/blog\/wp-json\/wp\/v2\/posts"}],"about":[{"href":"https:\/\/trackandfield.bplaced.net\/blog\/wp-json\/wp\/v2\/types\/post"}],"author":[{"embeddable":true,"href":"https:\/\/trackandfield.bplaced.net\/blog\/wp-json\/wp\/v2\/users\/1"}],"replies":[{"embeddable":true,"href":"https:\/\/trackandfield.bplaced.net\/blog\/wp-json\/wp\/v2\/comments?post=34232"}],"version-history":[{"count":5,"href":"https:\/\/trackandfield.bplaced.net\/blog\/wp-json\/wp\/v2\/posts\/34232\/revisions"}],"predecessor-version":[{"id":34350,"href":"https:\/\/trackandfield.bplaced.net\/blog\/wp-json\/wp\/v2\/posts\/34232\/revisions\/34350"}],"wp:attachment":[{"href":"https:\/\/trackandfield.bplaced.net\/blog\/wp-json\/wp\/v2\/media?parent=34232"}],"wp:term":[{"taxonomy":"category","embeddable":true,"href":"https:\/\/trackandfield.bplaced.net\/blog\/wp-json\/wp\/v2\/categories?post=34232"},{"taxonomy":"post_tag","embeddable":true,"href":"https:\/\/trackandfield.bplaced.net\/blog\/wp-json\/wp\/v2\/tags?post=34232"}],"curies":[{"name":"wp","href":"https:\/\/api.w.org\/{rel}","templated":true}]}}