{"id":34438,"date":"2024-02-10T19:23:00","date_gmt":"2024-02-10T18:23:00","guid":{"rendered":"http:\/\/trackandfield.bplaced.net\/?p=34438"},"modified":"2024-02-11T17:36:17","modified_gmt":"2024-02-11T16:36:17","slug":"edreams-mitja-marato-de-barcelona-2024-livestream-live-ergebnisse","status":"publish","type":"post","link":"https:\/\/trackandfield.bplaced.net\/blog\/2024\/02\/edreams-mitja-marato-de-barcelona-2024-livestream-live-ergebnisse\/","title":{"rendered":"eDreams Mitja Marat\u00f3 de Barcelona 2024 &#8211; Livestream \/ Live-Ergebnisse"},"content":{"rendered":"\n<h2 class=\"wp-block-heading\"><a rel=\"noreferrer noopener\" aria-label=\"eDreams Mijta Marat\u00f3 de Barcelona (\u00f6ffnet in neuem Tab)\" href=\"https:\/\/edreamsmitjabarcelona.com\/\" target=\"_blank\">eDreams Mitja Marat\u00f3 de Barcelona<\/a><\/h2>\n\n\n\n<h2 class=\"wp-block-heading\">Vorschau<\/h2>\n\n\n\n<p>Am Sonntag findet der typischerweise schnelle Halbmarathon in Barcelona statt. Andreas Vojta (team2012.at), Julia Mayer (DSG Wien) sowie Dominik Stadlmann, Mario Bauernfeind (KUS \u00d6BV Pro Team) und Markus Hartinger (LTV K\u00f6flach) sollten unter anderem aus \u00d6sterreich am Start sein.<\/p>\n\n\n\n\n\n<h2 class=\"wp-block-heading\">Livestream 11.02.2024 ab 8:15 Uhr<\/h2>\n\n\n\n<p><a href=\"https:\/\/www.youtube.com\/watch?v=IYlSVr2GVug\" target=\"_blank\" rel=\"noreferrer noopener\">eDreams Mitja Marat\u00f3 de Barcelona 2024 | Livestream (Youtube)<\/a><\/p>\n\n\n\n<iframe loading=\"lazy\" width=\"560\" height=\"315\" src=\"https:\/\/www.youtube.com\/embed\/IYlSVr2GVug?si=UoEHU8LOHeTAZ0Bs\" title=\"YouTube video player\" frameborder=\"0\" allow=\"accelerometer; autoplay; clipboard-write; encrypted-media; gyroscope; picture-in-picture; web-share\" allowfullscreen><\/iframe>\n\n\n\n<h2 class=\"wp-block-heading\">Ergebnisse \/ Elitefeld<\/h2>\n\n\n\n<p><a href=\"https:\/\/sportmaniacs.com\/en\/services\/inscription\/mitja-marato-barcelona-2024-by-brooks\" target=\"_blank\" rel=\"noreferrer noopener\">eDreams Mitja Marat\u00f3 de Barcelona 2024 | &#8222;Live&#8220;-Ergebnisse<\/a><br \/><a href=\"https:\/\/inscripciones.rpmsports.es\/es\/evento\/edreams-mitja-marato-barcelona-2024\/clasificaciones\" target=\"_blank\" rel=\"noreferrer noopener\">eDreams Mitja Marat\u00f3 de Barcelona 2024 | Ergebnisse<\/a><br \/><a href=\"https:\/\/edreamsmitjabarcelona.com\/en\/results\/\" target=\"_blank\" rel=\"noreferrer noopener\">eDreams Mitja Marat\u00f3 de Barcelona 2024 | Ergebnisse<\/a><\/p>\n\n\n\n<h2 class=\"wp-block-heading\">Bericht<\/h2>\n\n\n\n<p><a href=\"https:\/\/www.oelv.at\/de\/newsshow-julia-mayer-glaenzt-mit-halbmarathonrekord-in-barcelona\" target=\"_blank\" rel=\"noreferrer noopener\">\u00d6LV | Julia Mayer gl\u00e4nzt mit Halbmarathonrekord in Barcelona!<\/a><\/p>\n\n\n\n<p><a href=\"https:\/\/worldathletics.org\/news\/report\/barcelona-half-marathon-2024\" target=\"_blank\" rel=\"noreferrer noopener\">World Athletics | Jepkosgei and Kandie triumph in Barcelona<\/a><\/p>\n","protected":false},"excerpt":{"rendered":"<p>eDreams Mitja Marat\u00f3 de Barcelona Vorschau Am Sonntag findet der typischerweise schnelle Halbmarathon in Barcelona statt. Andreas Vojta (team2012.at), Julia Mayer (DSG Wien) sowie Dominik Stadlmann, Mario Bauernfeind (KUS \u00d6BV Pro Team) und Markus Hartinger (LTV K\u00f6flach) sollten unter anderem <a class=\"more-link\" href=\"https:\/\/trackandfield.bplaced.net\/blog\/2024\/02\/edreams-mitja-marato-de-barcelona-2024-livestream-live-ergebnisse\/\"><span class=\"screen-reader-text\">  eDreams Mitja Marat\u00f3 de Barcelona 2024 &#8211; Livestream \/ Live-Ergebnisse<\/span> weiterlesen<span class=\"meta-nav\">&rarr;<\/span><\/a><\/p>\n","protected":false},"author":1,"featured_media":0,"comment_status":"closed","ping_status":"closed","sticky":false,"template":"","format":"standard","meta":{"footnotes":""},"categories":[7],"tags":[141,226,600,271,2648,140,3360,3250,1592],"class_list":["post-34438","post","type-post","status-publish","format-standard","hentry","category-international","tag-andreas-vojta","tag-barcelona","tag-dominik-stadlmann","tag-halbmarathon","tag-julia-mayer","tag-livestream","tag-mario-bauernfeind","tag-markus-hartinger","tag-mitja-marato-de-barcelona"],"_links":{"self":[{"href":"https:\/\/trackandfield.bplaced.net\/blog\/wp-json\/wp\/v2\/posts\/34438","targetHints":{"allow":["GET"]}}],"collection":[{"href":"https:\/\/trackandfield.bplaced.net\/blog\/wp-json\/wp\/v2\/posts"}],"about":[{"href":"https:\/\/trackandfield.bplaced.net\/blog\/wp-json\/wp\/v2\/types\/post"}],"author":[{"embeddable":true,"href":"https:\/\/trackandfield.bplaced.net\/blog\/wp-json\/wp\/v2\/users\/1"}],"replies":[{"embeddable":true,"href":"https:\/\/trackandfield.bplaced.net\/blog\/wp-json\/wp\/v2\/comments?post=34438"}],"version-history":[{"count":5,"href":"https:\/\/trackandfield.bplaced.net\/blog\/wp-json\/wp\/v2\/posts\/34438\/revisions"}],"predecessor-version":[{"id":34614,"href":"https:\/\/trackandfield.bplaced.net\/blog\/wp-json\/wp\/v2\/posts\/34438\/revisions\/34614"}],"wp:attachment":[{"href":"https:\/\/trackandfield.bplaced.net\/blog\/wp-json\/wp\/v2\/media?parent=34438"}],"wp:term":[{"taxonomy":"category","embeddable":true,"href":"https:\/\/trackandfield.bplaced.net\/blog\/wp-json\/wp\/v2\/categories?post=34438"},{"taxonomy":"post_tag","embeddable":true,"href":"https:\/\/trackandfield.bplaced.net\/blog\/wp-json\/wp\/v2\/tags?post=34438"}],"curies":[{"name":"wp","href":"https:\/\/api.w.org\/{rel}","templated":true}]}}